{"id":8894,"date":"2025-06-04T13:46:55","date_gmt":"2025-06-04T11:46:55","guid":{"rendered":"https:\/\/www.aucoeurdelamain.fr\/?p=8894"},"modified":"2025-06-04T14:56:26","modified_gmt":"2025-06-04T12:56:26","slug":"bruno-de-maistre-parrain-de-ledition-2025-du-label-artisan-de-tourisme","status":"publish","type":"post","link":"https:\/\/www.aucoeurdelamain.fr\/index.php\/2025\/06\/04\/bruno-de-maistre-parrain-de-ledition-2025-du-label-artisan-de-tourisme\/","title":{"rendered":"Bruno de Maistre, parrain de l&#8217;\u00e9dition 2025 du label &#8220;Artisan de Tourisme&#8221;"},"content":{"rendered":"\t\t<div data-elementor-type=\"wp-post\" data-elementor-id=\"8894\" class=\"elementor elementor-8894\">\n\t\t\t\t<div class=\"elementor-element elementor-element-c2736aa e-flex e-con-boxed wpr-particle-no wpr-jarallax-no wpr-parallax-no wpr-sticky-section-no wpr-equal-height-no e-con e-parent\" data-id=\"c2736aa\" data-element_type=\"container\" data-e-type=\"container\">\n\t\t\t\t\t<div class=\"e-con-inner\">\n\t\t\t\t<div class=\"elementor-element elementor-element-0599153 elementor-widget-divider--view-line elementor-widget elementor-widget-divider\" data-id=\"0599153\" data-element_type=\"widget\" data-e-type=\"widget\" data-widget_type=\"divider.default\">\n\t\t\t\t<div class=\"elementor-widget-container\">\n\t\t\t\t\t\t\t<div class=\"elementor-divider\">\n\t\t\t<span class=\"elementor-divider-separator\">\n\t\t\t\t\t\t<\/span>\n\t\t<\/div>\n\t\t\t\t\t\t<\/div>\n\t\t\t\t<\/div>\n\t\t\t\t<div class=\"elementor-element elementor-element-7328f6f elementor-widget elementor-widget-text-editor\" data-id=\"7328f6f\" data-element_type=\"widget\" data-e-type=\"widget\" data-widget_type=\"text-editor.default\">\n\t\t\t\t<div class=\"elementor-widget-container\">\n\t\t\t\t\t\t\t\t\t<p>Parrain de l\u2019\u00e9dition 2025, Bruno de Maistre, \u00e9b\u00e9niste et artisan lab\u00e9lis\u00e9 en 2023 et 2024, correspond parfaitement \u00e0 ces crit\u00e8res et souligne l\u2019importance de cette distinction :<br \/>\u00ab Cette c\u00e9r\u00e9monie est plus qu\u2019une simple remise de prix. C\u2019est une c\u00e9l\u00e9bration de l\u2019excellence, de la passion et du savoir-faire unique qui font la richesse des Yvelines. Vous, artisans, \u00eates des ambassadeurs d\u2019un patrimoine vivant et vibrant. Ce label est une vraie reconnaissance de votre talent et un tremplin pour vos activit\u00e9s \u00bb.<\/p>\t\t\t\t\t\t\t\t<\/div>\n\t\t\t\t<\/div>\n\t\t\t\t\t<\/div>\n\t\t\t\t<\/div>\n\t\t<div class=\"elementor-element elementor-element-d60bb18 e-flex e-con-boxed wpr-particle-no wpr-jarallax-no wpr-parallax-no wpr-sticky-section-no wpr-equal-height-no e-con e-parent\" data-id=\"d60bb18\" data-element_type=\"container\" data-e-type=\"container\">\n\t\t\t\t\t<div class=\"e-con-inner\">\n\t\t\t\t<div data-ra-url=\"https:\/\/www.yvelines-infos.fr\/artisan-du-tourisme-les-laureats-2025-sont-connus\/\" data-ra-target=\"_self\" class=\"ra-clickable-wrapper elementor-element elementor-element-90662df elementor-align-center elementor-widget elementor-widget-button\" style=\"cursor:pointer;\" data-id=\"90662df\" data-element_type=\"widget\" data-e-type=\"widget\" data-widget_type=\"button.default\">\n\t\t\t\t<div class=\"elementor-widget-container\">\n\t\t\t\t\t\t\t\t\t<div class=\"elementor-button-wrapper\">\n\t\t\t\t\t<a class=\"elementor-button elementor-size-sm\" role=\"button\">\n\t\t\t\t\t\t<span class=\"elementor-button-content-wrapper\">\n\t\t\t\t\t\t\t\t\t<span class=\"elementor-button-text\">Cliquez pour voir l'article<\/span>\n\t\t\t\t\t<\/span>\n\t\t\t\t\t<\/a>\n\t\t\t\t<\/div>\n\t\t\t\t\t\t\t\t<\/div>\n\t\t\t\t<\/div>\n\t\t\t\t\t<\/div>\n\t\t\t\t<\/div>\n\t\t<div class=\"elementor-element elementor-element-5b3adbf e-flex e-con-boxed wpr-particle-no wpr-jarallax-no wpr-parallax-no wpr-sticky-section-no wpr-equal-height-no e-con e-parent\" data-id=\"5b3adbf\" data-element_type=\"container\" data-e-type=\"container\">\n\t\t\t\t\t<div class=\"e-con-inner\">\n\t\t\t\t<div class=\"elementor-element elementor-element-a9ab96a elementor-widget elementor-widget-mkdf_image_gallery\" data-id=\"a9ab96a\" data-element_type=\"widget\" data-e-type=\"widget\" data-widget_type=\"mkdf_image_gallery.default\">\n\t\t\t\t<div class=\"elementor-widget-container\">\n\t\t\t\t\t<div class=\"mkdf-image-gallery mkdf-grid-list mkdf-disable-bottom-space  mkdf-ig-grid-type mkdf-three-columns mkdf-normal-space  \">\n\t<div class=\"mkdf-ig-inner mkdf-outer-space\">\n\t\t\t\t\t<div class=\"mkdf-ig-image mkdf-item-space\">\n\t\t\t\t<div class=\"mkdf-ig-image-inner\">\n\t\t\t\t\t\t\t\t\t\t\t<img fetchpriority=\"high\" decoding=\"async\" width=\"722\" height=\"896\" src=\"https:\/\/www.aucoeurdelamain.fr\/wp-content\/uploads\/2025\/06\/Capture-decran-2025-06-04-145011.png\" class=\"attachment-full size-full\" alt=\"\" srcset=\"https:\/\/www.aucoeurdelamain.fr\/wp-content\/uploads\/2025\/06\/Capture-decran-2025-06-04-145011.png 722w, https:\/\/www.aucoeurdelamain.fr\/wp-content\/uploads\/2025\/06\/Capture-decran-2025-06-04-145011-242x300.png 242w, https:\/\/www.aucoeurdelamain.fr\/wp-content\/uploads\/2025\/06\/Capture-decran-2025-06-04-145011-600x745.png 600w\" sizes=\"(max-width: 722px) 100vw, 722px\" \/>\t\t\t\t\t\t\t\t\t<\/div>\n\t\t\t<\/div>\n\t\t\t\t\t<div class=\"mkdf-ig-image mkdf-item-space\">\n\t\t\t\t<div class=\"mkdf-ig-image-inner\">\n\t\t\t\t\t\t\t\t\t\t\t<img decoding=\"async\" width=\"736\" height=\"856\" src=\"https:\/\/www.aucoeurdelamain.fr\/wp-content\/uploads\/2025\/06\/Capture-decran-2025-06-04-145103.png\" class=\"attachment-full size-full\" alt=\"\" srcset=\"https:\/\/www.aucoeurdelamain.fr\/wp-content\/uploads\/2025\/06\/Capture-decran-2025-06-04-145103.png 736w, https:\/\/www.aucoeurdelamain.fr\/wp-content\/uploads\/2025\/06\/Capture-decran-2025-06-04-145103-258x300.png 258w, https:\/\/www.aucoeurdelamain.fr\/wp-content\/uploads\/2025\/06\/Capture-decran-2025-06-04-145103-600x698.png 600w\" sizes=\"(max-width: 736px) 100vw, 736px\" \/>\t\t\t\t\t\t\t\t\t<\/div>\n\t\t\t<\/div>\n\t\t\t\t\t<div class=\"mkdf-ig-image mkdf-item-space\">\n\t\t\t\t<div class=\"mkdf-ig-image-inner\">\n\t\t\t\t\t\t\t\t\t\t\t<img decoding=\"async\" width=\"745\" height=\"511\" src=\"https:\/\/www.aucoeurdelamain.fr\/wp-content\/uploads\/2025\/06\/Capture-decran-2025-06-04-145134.png\" class=\"attachment-full size-full\" alt=\"\" srcset=\"https:\/\/www.aucoeurdelamain.fr\/wp-content\/uploads\/2025\/06\/Capture-decran-2025-06-04-145134.png 745w, https:\/\/www.aucoeurdelamain.fr\/wp-content\/uploads\/2025\/06\/Capture-decran-2025-06-04-145134-300x206.png 300w, https:\/\/www.aucoeurdelamain.fr\/wp-content\/uploads\/2025\/06\/Capture-decran-2025-06-04-145134-600x412.png 600w\" sizes=\"(max-width: 745px) 100vw, 745px\" \/>\t\t\t\t\t\t\t\t\t<\/div>\n\t\t\t<\/div>\n\t\t\t\t\t<div class=\"mkdf-ig-image mkdf-item-space\">\n\t\t\t\t<div class=\"mkdf-ig-image-inner\">\n\t\t\t\t\t\t\t\t\t\t\t<img loading=\"lazy\" decoding=\"async\" width=\"1920\" height=\"1086\" src=\"https:\/\/www.aucoeurdelamain.fr\/wp-content\/uploads\/2025\/06\/20250602-210840.jpg\" class=\"attachment-full size-full\" alt=\"\" srcset=\"https:\/\/www.aucoeurdelamain.fr\/wp-content\/uploads\/2025\/06\/20250602-210840.jpg 1920w, https:\/\/www.aucoeurdelamain.fr\/wp-content\/uploads\/2025\/06\/20250602-210840-300x170.jpg 300w, https:\/\/www.aucoeurdelamain.fr\/wp-content\/uploads\/2025\/06\/20250602-210840-1024x579.jpg 1024w, https:\/\/www.aucoeurdelamain.fr\/wp-content\/uploads\/2025\/06\/20250602-210840-768x434.jpg 768w, https:\/\/www.aucoeurdelamain.fr\/wp-content\/uploads\/2025\/06\/20250602-210840-1536x869.jpg 1536w, https:\/\/www.aucoeurdelamain.fr\/wp-content\/uploads\/2025\/06\/20250602-210840-600x339.jpg 600w\" sizes=\"(max-width: 1920px) 100vw, 1920px\" \/>\t\t\t\t\t\t\t\t\t<\/div>\n\t\t\t<\/div>\n\t\t\t\t\t<div class=\"mkdf-ig-image mkdf-item-space\">\n\t\t\t\t<div class=\"mkdf-ig-image-inner\">\n\t\t\t\t\t\t\t\t\t\t\t<img loading=\"lazy\" decoding=\"async\" width=\"2560\" height=\"1707\" src=\"https:\/\/www.aucoeurdelamain.fr\/wp-content\/uploads\/2025\/06\/dsc-9607-scaled-1.jpg\" class=\"attachment-full size-full\" alt=\"\" srcset=\"https:\/\/www.aucoeurdelamain.fr\/wp-content\/uploads\/2025\/06\/dsc-9607-scaled-1.jpg 2560w, https:\/\/www.aucoeurdelamain.fr\/wp-content\/uploads\/2025\/06\/dsc-9607-scaled-1-300x200.jpg 300w, https:\/\/www.aucoeurdelamain.fr\/wp-content\/uploads\/2025\/06\/dsc-9607-scaled-1-1024x683.jpg 1024w, https:\/\/www.aucoeurdelamain.fr\/wp-content\/uploads\/2025\/06\/dsc-9607-scaled-1-768x512.jpg 768w, https:\/\/www.aucoeurdelamain.fr\/wp-content\/uploads\/2025\/06\/dsc-9607-scaled-1-1536x1024.jpg 1536w, https:\/\/www.aucoeurdelamain.fr\/wp-content\/uploads\/2025\/06\/dsc-9607-scaled-1-600x400.jpg 600w\" sizes=\"(max-width: 2560px) 100vw, 2560px\" \/>\t\t\t\t\t\t\t\t\t<\/div>\n\t\t\t<\/div>\n\t\t\t<\/div>\n<\/div>\t\t\t\t<\/div>\n\t\t\t\t<\/div>\n\t\t\t\t\t<\/div>\n\t\t\t\t<\/div>\n\t\t\t\t<\/div>\n\t\t","protected":false},"excerpt":{"rendered":"<p>Parrain de l\u2019\u00e9dition 2025, Bruno de Maistre, \u00e9b\u00e9niste et artisan lab\u00e9lis\u00e9 en 2023 et 2024, correspond parfaitement \u00e0 ces crit\u00e8res et souligne l\u2019importance de cette distinction :\u00ab Cette c\u00e9r\u00e9monie est plus qu\u2019une simple remise de prix. C\u2019est une c\u00e9l\u00e9bration de l\u2019excellence, de la passion et du savoir-faire unique qui font<\/p>\n","protected":false},"author":3,"featured_media":8901,"comment_status":"open","ping_status":"open","sticky":false,"template":"","format":"standard","meta":{"_jetpack_memberships_contains_paid_content":false,"footnotes":""},"categories":[111,95],"tags":[],"class_list":["post-8894","post","type-post","status-publish","format-standard","has-post-thumbnail","hentry","category-evenements","category-presse"],"jetpack_featured_media_url":"https:\/\/www.aucoeurdelamain.fr\/wp-content\/uploads\/2025\/06\/dsc-9607-scaled-1.jpg","jetpack_sharing_enabled":true,"_links":{"self":[{"href":"https:\/\/www.aucoeurdelamain.fr\/index.php\/wp-json\/wp\/v2\/posts\/8894","targetHints":{"allow":["GET"]}}],"collection":[{"href":"https:\/\/www.aucoeurdelamain.fr\/index.php\/wp-json\/wp\/v2\/posts"}],"about":[{"href":"https:\/\/www.aucoeurdelamain.fr\/index.php\/wp-json\/wp\/v2\/types\/post"}],"author":[{"embeddable":true,"href":"https:\/\/www.aucoeurdelamain.fr\/index.php\/wp-json\/wp\/v2\/users\/3"}],"replies":[{"embeddable":true,"href":"https:\/\/www.aucoeurdelamain.fr\/index.php\/wp-json\/wp\/v2\/comments?post=8894"}],"version-history":[{"count":10,"href":"https:\/\/www.aucoeurdelamain.fr\/index.php\/wp-json\/wp\/v2\/posts\/8894\/revisions"}],"predecessor-version":[{"id":8910,"href":"https:\/\/www.aucoeurdelamain.fr\/index.php\/wp-json\/wp\/v2\/posts\/8894\/revisions\/8910"}],"wp:featuredmedia":[{"embeddable":true,"href":"https:\/\/www.aucoeurdelamain.fr\/index.php\/wp-json\/wp\/v2\/media\/8901"}],"wp:attachment":[{"href":"https:\/\/www.aucoeurdelamain.fr\/index.php\/wp-json\/wp\/v2\/media?parent=8894"}],"wp:term":[{"taxonomy":"category","embeddable":true,"href":"https:\/\/www.aucoeurdelamain.fr\/index.php\/wp-json\/wp\/v2\/categories?post=8894"},{"taxonomy":"post_tag","embeddable":true,"href":"https:\/\/www.aucoeurdelamain.fr\/index.php\/wp-json\/wp\/v2\/tags?post=8894"}],"curies":[{"name":"wp","href":"https:\/\/api.w.org\/{rel}","templated":true}]}}