{"id":8700,"date":"2025-05-21T11:15:35","date_gmt":"2025-05-21T09:15:35","guid":{"rendered":"https:\/\/www.aucoeurdelamain.fr\/?p=8700"},"modified":"2025-05-26T15:24:25","modified_gmt":"2025-05-26T13:24:25","slug":"chaque-geste-transmis-est-une-etincelle-deternite-un-pont-entre-les-generations","status":"publish","type":"post","link":"https:\/\/www.aucoeurdelamain.fr\/index.php\/2025\/05\/21\/chaque-geste-transmis-est-une-etincelle-deternite-un-pont-entre-les-generations\/","title":{"rendered":"&#8220;Chaque geste transmis est une \u00e9tincelle d\u2019\u00e9ternit\u00e9, un pont entre les g\u00e9n\u00e9rations.&#8221;"},"content":{"rendered":"\t\t<div data-elementor-type=\"wp-post\" data-elementor-id=\"8700\" class=\"elementor elementor-8700\">\n\t\t\t\t<div class=\"elementor-element elementor-element-57b7b33 e-flex e-con-boxed wpr-particle-no wpr-jarallax-no wpr-parallax-no wpr-sticky-section-no wpr-equal-height-no e-con e-parent\" data-id=\"57b7b33\" data-element_type=\"container\" data-e-type=\"container\">\n\t\t\t\t\t<div class=\"e-con-inner\">\n\t\t\t\t<div class=\"elementor-element elementor-element-d5aa916 elementor-widget elementor-widget-text-editor\" data-id=\"d5aa916\" data-element_type=\"widget\" data-e-type=\"widget\" data-widget_type=\"text-editor.default\">\n\t\t\t\t<div class=\"elementor-widget-container\">\n\t\t\t\t\t\t\t\t\t<p>\u00a0<\/p><p>&#8220;Chaque geste transmis est une \u00e9tincelle d\u2019\u00e9ternit\u00e9, un pont entre les g\u00e9n\u00e9rations.&#8221;<\/p><p>Magnifiques moments hier apr\u00e8s-midi \u00e0 la Pr\u00e9fecture des Yvelines pour le Fabriqu\u00e9 en Yvelines \u2728<\/p><p>L\u2019occasion de faire na\u00eetre nous esp\u00e9rons de nouvelles vocations, de partager notre passion, de tenter de r\u00e9concilier le \u00ab savoir \u00bb et le \u00ab faire \u00bb aupr\u00e8s de ces nombreux coll\u00e9giens et lyc\u00e9ens venus d\u00e9couvrir notre m\u00e9tier.<\/p><p>Merci pour votre accueil \u00e0 tous, pour cette mise en valeur de nos savoir-faire. Votre soutien \u00e0 tous est pr\u00e9cieux pour pr\u00e9server nos m\u00e9tiers d\u2019art, pour nous permettre d\u2019 \u00ab avoir le temps \u00bb de les transmettre.<\/p><p>R\u00e9unis autour des laur\u00e9ats France 2030, ayant la joie de grandir au sein de l\u2019Acc\u00e9l\u00e9rateur Savoir-Faire d\u2019Exception SFE depuis juin dernier \u2728<\/p><p>\u00ab La cr\u00e9ativit\u00e9 est contagieuse, faites-la tourner. \u00bb Albert Einstein<\/p><p>CCI Versailles-Yvelines CMA IDF &#8211; Paris Campus Versailles Communaut\u00e9 d&#8217;agglom\u00e9ration Rambouillet Territoires Charlotte Duc-Bragues Guillaume Cairou Evelyne Cazautets Armelle Weisman Thomas GOURLAN Ronan KERAUDREN Bpifrance KEDGE Business School Laure de Maistre<\/p>\t\t\t\t\t\t\t\t<\/div>\n\t\t\t\t<\/div>\n\t\t\t\t\t<\/div>\n\t\t\t\t<\/div>\n\t\t<div class=\"elementor-element elementor-element-37b5c36 e-flex e-con-boxed wpr-particle-no wpr-jarallax-no wpr-parallax-no wpr-sticky-section-no wpr-equal-height-no e-con e-parent\" data-id=\"37b5c36\" data-element_type=\"container\" data-e-type=\"container\">\n\t\t\t\t\t<div class=\"e-con-inner\">\n\t\t\t\t<div class=\"elementor-element elementor-element-5f93971 elementor-widget elementor-widget-mkdf_image_gallery\" data-id=\"5f93971\" data-element_type=\"widget\" data-e-type=\"widget\" data-widget_type=\"mkdf_image_gallery.default\">\n\t\t\t\t<div class=\"elementor-widget-container\">\n\t\t\t\t\t<div class=\"mkdf-image-gallery mkdf-grid-list mkdf-disable-bottom-space  mkdf-ig-grid-type mkdf-three-columns mkdf-normal-space  \">\n\t<div class=\"mkdf-ig-inner mkdf-outer-space\">\n\t\t\t<\/div>\n<\/div>\t\t\t\t<\/div>\n\t\t\t\t<\/div>\n\t\t\t\t<div class=\"elementor-element elementor-element-0d8377e elementor-widget elementor-widget-mkdf_image_gallery\" data-id=\"0d8377e\" data-element_type=\"widget\" data-e-type=\"widget\" data-widget_type=\"mkdf_image_gallery.default\">\n\t\t\t\t<div class=\"elementor-widget-container\">\n\t\t\t\t\t<div class=\"mkdf-image-gallery mkdf-grid-list mkdf-disable-bottom-space  mkdf-ig-grid-type mkdf-three-columns mkdf-normal-space  \">\n\t<div class=\"mkdf-ig-inner mkdf-outer-space\">\n\t\t\t\t\t<div class=\"mkdf-ig-image mkdf-item-space\">\n\t\t\t\t<div class=\"mkdf-ig-image-inner\">\n\t\t\t\t\t\t\t\t\t\t\t<img fetchpriority=\"high\" decoding=\"async\" width=\"1536\" height=\"2048\" src=\"https:\/\/www.aucoeurdelamain.fr\/wp-content\/uploads\/2025\/05\/WhatsApp-Image-2025-05-20-a-20.04.20_ea3e3410.jpg\" class=\"attachment-full size-full\" alt=\"\" srcset=\"https:\/\/www.aucoeurdelamain.fr\/wp-content\/uploads\/2025\/05\/WhatsApp-Image-2025-05-20-a-20.04.20_ea3e3410.jpg 1536w, https:\/\/www.aucoeurdelamain.fr\/wp-content\/uploads\/2025\/05\/WhatsApp-Image-2025-05-20-a-20.04.20_ea3e3410-225x300.jpg 225w, https:\/\/www.aucoeurdelamain.fr\/wp-content\/uploads\/2025\/05\/WhatsApp-Image-2025-05-20-a-20.04.20_ea3e3410-768x1024.jpg 768w, https:\/\/www.aucoeurdelamain.fr\/wp-content\/uploads\/2025\/05\/WhatsApp-Image-2025-05-20-a-20.04.20_ea3e3410-1152x1536.jpg 1152w, https:\/\/www.aucoeurdelamain.fr\/wp-content\/uploads\/2025\/05\/WhatsApp-Image-2025-05-20-a-20.04.20_ea3e3410-600x800.jpg 600w\" sizes=\"(max-width: 1536px) 100vw, 1536px\" \/>\t\t\t\t\t\t\t\t\t<\/div>\n\t\t\t<\/div>\n\t\t\t\t\t<div class=\"mkdf-ig-image mkdf-item-space\">\n\t\t\t\t<div class=\"mkdf-ig-image-inner\">\n\t\t\t\t\t\t\t\t\t\t\t<img decoding=\"async\" width=\"1536\" height=\"2048\" src=\"https:\/\/www.aucoeurdelamain.fr\/wp-content\/uploads\/2025\/05\/WhatsApp-Image-2025-05-20-a-20.04.19_6e460373.jpg\" class=\"attachment-full size-full\" alt=\"\" srcset=\"https:\/\/www.aucoeurdelamain.fr\/wp-content\/uploads\/2025\/05\/WhatsApp-Image-2025-05-20-a-20.04.19_6e460373.jpg 1536w, https:\/\/www.aucoeurdelamain.fr\/wp-content\/uploads\/2025\/05\/WhatsApp-Image-2025-05-20-a-20.04.19_6e460373-225x300.jpg 225w, https:\/\/www.aucoeurdelamain.fr\/wp-content\/uploads\/2025\/05\/WhatsApp-Image-2025-05-20-a-20.04.19_6e460373-768x1024.jpg 768w, https:\/\/www.aucoeurdelamain.fr\/wp-content\/uploads\/2025\/05\/WhatsApp-Image-2025-05-20-a-20.04.19_6e460373-1152x1536.jpg 1152w, https:\/\/www.aucoeurdelamain.fr\/wp-content\/uploads\/2025\/05\/WhatsApp-Image-2025-05-20-a-20.04.19_6e460373-600x800.jpg 600w\" sizes=\"(max-width: 1536px) 100vw, 1536px\" \/>\t\t\t\t\t\t\t\t\t<\/div>\n\t\t\t<\/div>\n\t\t\t\t\t<div class=\"mkdf-ig-image mkdf-item-space\">\n\t\t\t\t<div class=\"mkdf-ig-image-inner\">\n\t\t\t\t\t\t\t\t\t\t\t<img decoding=\"async\" width=\"1536\" height=\"2048\" src=\"https:\/\/www.aucoeurdelamain.fr\/wp-content\/uploads\/2025\/05\/WhatsApp-Image-2025-05-20-a-20.04.19_7392ab0b.jpg\" class=\"attachment-full size-full\" alt=\"\" srcset=\"https:\/\/www.aucoeurdelamain.fr\/wp-content\/uploads\/2025\/05\/WhatsApp-Image-2025-05-20-a-20.04.19_7392ab0b.jpg 1536w, https:\/\/www.aucoeurdelamain.fr\/wp-content\/uploads\/2025\/05\/WhatsApp-Image-2025-05-20-a-20.04.19_7392ab0b-225x300.jpg 225w, https:\/\/www.aucoeurdelamain.fr\/wp-content\/uploads\/2025\/05\/WhatsApp-Image-2025-05-20-a-20.04.19_7392ab0b-768x1024.jpg 768w, https:\/\/www.aucoeurdelamain.fr\/wp-content\/uploads\/2025\/05\/WhatsApp-Image-2025-05-20-a-20.04.19_7392ab0b-1152x1536.jpg 1152w, https:\/\/www.aucoeurdelamain.fr\/wp-content\/uploads\/2025\/05\/WhatsApp-Image-2025-05-20-a-20.04.19_7392ab0b-600x800.jpg 600w\" sizes=\"(max-width: 1536px) 100vw, 1536px\" \/>\t\t\t\t\t\t\t\t\t<\/div>\n\t\t\t<\/div>\n\t\t\t\t\t<div class=\"mkdf-ig-image mkdf-item-space\">\n\t\t\t\t<div class=\"mkdf-ig-image-inner\">\n\t\t\t\t\t\t\t\t\t\t\t<img loading=\"lazy\" decoding=\"async\" width=\"1536\" height=\"2048\" src=\"https:\/\/www.aucoeurdelamain.fr\/wp-content\/uploads\/2025\/05\/WhatsApp-Image-2025-05-20-a-20.04.18_41a210bc.jpg\" class=\"attachment-full size-full\" alt=\"\" srcset=\"https:\/\/www.aucoeurdelamain.fr\/wp-content\/uploads\/2025\/05\/WhatsApp-Image-2025-05-20-a-20.04.18_41a210bc.jpg 1536w, https:\/\/www.aucoeurdelamain.fr\/wp-content\/uploads\/2025\/05\/WhatsApp-Image-2025-05-20-a-20.04.18_41a210bc-225x300.jpg 225w, https:\/\/www.aucoeurdelamain.fr\/wp-content\/uploads\/2025\/05\/WhatsApp-Image-2025-05-20-a-20.04.18_41a210bc-768x1024.jpg 768w, https:\/\/www.aucoeurdelamain.fr\/wp-content\/uploads\/2025\/05\/WhatsApp-Image-2025-05-20-a-20.04.18_41a210bc-1152x1536.jpg 1152w, https:\/\/www.aucoeurdelamain.fr\/wp-content\/uploads\/2025\/05\/WhatsApp-Image-2025-05-20-a-20.04.18_41a210bc-600x800.jpg 600w\" sizes=\"(max-width: 1536px) 100vw, 1536px\" \/>\t\t\t\t\t\t\t\t\t<\/div>\n\t\t\t<\/div>\n\t\t\t\t\t<div class=\"mkdf-ig-image mkdf-item-space\">\n\t\t\t\t<div class=\"mkdf-ig-image-inner\">\n\t\t\t\t\t\t\t\t\t\t\t<img loading=\"lazy\" decoding=\"async\" width=\"1536\" height=\"2048\" src=\"https:\/\/www.aucoeurdelamain.fr\/wp-content\/uploads\/2025\/05\/WhatsApp-Image-2025-05-20-a-20.04.17_94c2ff30.jpg\" class=\"attachment-full size-full\" alt=\"\" srcset=\"https:\/\/www.aucoeurdelamain.fr\/wp-content\/uploads\/2025\/05\/WhatsApp-Image-2025-05-20-a-20.04.17_94c2ff30.jpg 1536w, https:\/\/www.aucoeurdelamain.fr\/wp-content\/uploads\/2025\/05\/WhatsApp-Image-2025-05-20-a-20.04.17_94c2ff30-225x300.jpg 225w, https:\/\/www.aucoeurdelamain.fr\/wp-content\/uploads\/2025\/05\/WhatsApp-Image-2025-05-20-a-20.04.17_94c2ff30-768x1024.jpg 768w, https:\/\/www.aucoeurdelamain.fr\/wp-content\/uploads\/2025\/05\/WhatsApp-Image-2025-05-20-a-20.04.17_94c2ff30-1152x1536.jpg 1152w, https:\/\/www.aucoeurdelamain.fr\/wp-content\/uploads\/2025\/05\/WhatsApp-Image-2025-05-20-a-20.04.17_94c2ff30-600x800.jpg 600w\" sizes=\"(max-width: 1536px) 100vw, 1536px\" \/>\t\t\t\t\t\t\t\t\t<\/div>\n\t\t\t<\/div>\n\t\t\t\t\t<div class=\"mkdf-ig-image mkdf-item-space\">\n\t\t\t\t<div class=\"mkdf-ig-image-inner\">\n\t\t\t\t\t\t\t\t\t\t\t<img loading=\"lazy\" decoding=\"async\" width=\"1536\" height=\"2048\" src=\"https:\/\/www.aucoeurdelamain.fr\/wp-content\/uploads\/2025\/05\/WhatsApp-Image-2025-05-20-a-20.04.18_5d66d4f5.jpg\" class=\"attachment-full size-full\" alt=\"\" srcset=\"https:\/\/www.aucoeurdelamain.fr\/wp-content\/uploads\/2025\/05\/WhatsApp-Image-2025-05-20-a-20.04.18_5d66d4f5.jpg 1536w, https:\/\/www.aucoeurdelamain.fr\/wp-content\/uploads\/2025\/05\/WhatsApp-Image-2025-05-20-a-20.04.18_5d66d4f5-225x300.jpg 225w, https:\/\/www.aucoeurdelamain.fr\/wp-content\/uploads\/2025\/05\/WhatsApp-Image-2025-05-20-a-20.04.18_5d66d4f5-768x1024.jpg 768w, https:\/\/www.aucoeurdelamain.fr\/wp-content\/uploads\/2025\/05\/WhatsApp-Image-2025-05-20-a-20.04.18_5d66d4f5-1152x1536.jpg 1152w, https:\/\/www.aucoeurdelamain.fr\/wp-content\/uploads\/2025\/05\/WhatsApp-Image-2025-05-20-a-20.04.18_5d66d4f5-600x800.jpg 600w\" sizes=\"(max-width: 1536px) 100vw, 1536px\" \/>\t\t\t\t\t\t\t\t\t<\/div>\n\t\t\t<\/div>\n\t\t\t\t\t<div class=\"mkdf-ig-image mkdf-item-space\">\n\t\t\t\t<div class=\"mkdf-ig-image-inner\">\n\t\t\t\t\t\t\t\t\t\t\t<img loading=\"lazy\" decoding=\"async\" width=\"1536\" height=\"2048\" src=\"https:\/\/www.aucoeurdelamain.fr\/wp-content\/uploads\/2025\/05\/WhatsApp-Image-2025-05-20-a-20.04.16_9885bfac.jpg\" class=\"attachment-full size-full\" alt=\"\" srcset=\"https:\/\/www.aucoeurdelamain.fr\/wp-content\/uploads\/2025\/05\/WhatsApp-Image-2025-05-20-a-20.04.16_9885bfac.jpg 1536w, https:\/\/www.aucoeurdelamain.fr\/wp-content\/uploads\/2025\/05\/WhatsApp-Image-2025-05-20-a-20.04.16_9885bfac-225x300.jpg 225w, https:\/\/www.aucoeurdelamain.fr\/wp-content\/uploads\/2025\/05\/WhatsApp-Image-2025-05-20-a-20.04.16_9885bfac-768x1024.jpg 768w, https:\/\/www.aucoeurdelamain.fr\/wp-content\/uploads\/2025\/05\/WhatsApp-Image-2025-05-20-a-20.04.16_9885bfac-1152x1536.jpg 1152w, https:\/\/www.aucoeurdelamain.fr\/wp-content\/uploads\/2025\/05\/WhatsApp-Image-2025-05-20-a-20.04.16_9885bfac-600x800.jpg 600w\" sizes=\"(max-width: 1536px) 100vw, 1536px\" \/>\t\t\t\t\t\t\t\t\t<\/div>\n\t\t\t<\/div>\n\t\t\t\t\t<div class=\"mkdf-ig-image mkdf-item-space\">\n\t\t\t\t<div class=\"mkdf-ig-image-inner\">\n\t\t\t\t\t\t\t\t\t\t\t<img loading=\"lazy\" decoding=\"async\" width=\"1536\" height=\"2048\" src=\"https:\/\/www.aucoeurdelamain.fr\/wp-content\/uploads\/2025\/05\/WhatsApp-Image-2025-05-20-a-20.04.17_df5e4739.jpg\" class=\"attachment-full size-full\" alt=\"\" srcset=\"https:\/\/www.aucoeurdelamain.fr\/wp-content\/uploads\/2025\/05\/WhatsApp-Image-2025-05-20-a-20.04.17_df5e4739.jpg 1536w, https:\/\/www.aucoeurdelamain.fr\/wp-content\/uploads\/2025\/05\/WhatsApp-Image-2025-05-20-a-20.04.17_df5e4739-225x300.jpg 225w, https:\/\/www.aucoeurdelamain.fr\/wp-content\/uploads\/2025\/05\/WhatsApp-Image-2025-05-20-a-20.04.17_df5e4739-768x1024.jpg 768w, https:\/\/www.aucoeurdelamain.fr\/wp-content\/uploads\/2025\/05\/WhatsApp-Image-2025-05-20-a-20.04.17_df5e4739-1152x1536.jpg 1152w, https:\/\/www.aucoeurdelamain.fr\/wp-content\/uploads\/2025\/05\/WhatsApp-Image-2025-05-20-a-20.04.17_df5e4739-600x800.jpg 600w\" sizes=\"(max-width: 1536px) 100vw, 1536px\" \/>\t\t\t\t\t\t\t\t\t<\/div>\n\t\t\t<\/div>\n\t\t\t\t\t<div class=\"mkdf-ig-image mkdf-item-space\">\n\t\t\t\t<div class=\"mkdf-ig-image-inner\">\n\t\t\t\t\t\t\t\t\t\t\t<img loading=\"lazy\" decoding=\"async\" width=\"2048\" height=\"1536\" src=\"https:\/\/www.aucoeurdelamain.fr\/wp-content\/uploads\/2025\/05\/WhatsApp-Image-2025-05-20-a-20.04.18_cef698e3.jpg\" class=\"attachment-full size-full\" alt=\"\" srcset=\"https:\/\/www.aucoeurdelamain.fr\/wp-content\/uploads\/2025\/05\/WhatsApp-Image-2025-05-20-a-20.04.18_cef698e3.jpg 2048w, https:\/\/www.aucoeurdelamain.fr\/wp-content\/uploads\/2025\/05\/WhatsApp-Image-2025-05-20-a-20.04.18_cef698e3-300x225.jpg 300w, https:\/\/www.aucoeurdelamain.fr\/wp-content\/uploads\/2025\/05\/WhatsApp-Image-2025-05-20-a-20.04.18_cef698e3-1024x768.jpg 1024w, https:\/\/www.aucoeurdelamain.fr\/wp-content\/uploads\/2025\/05\/WhatsApp-Image-2025-05-20-a-20.04.18_cef698e3-768x576.jpg 768w, https:\/\/www.aucoeurdelamain.fr\/wp-content\/uploads\/2025\/05\/WhatsApp-Image-2025-05-20-a-20.04.18_cef698e3-1536x1152.jpg 1536w, https:\/\/www.aucoeurdelamain.fr\/wp-content\/uploads\/2025\/05\/WhatsApp-Image-2025-05-20-a-20.04.18_cef698e3-600x450.jpg 600w\" sizes=\"(max-width: 2048px) 100vw, 2048px\" \/>\t\t\t\t\t\t\t\t\t<\/div>\n\t\t\t<\/div>\n\t\t\t\t\t<div class=\"mkdf-ig-image mkdf-item-space\">\n\t\t\t\t<div class=\"mkdf-ig-image-inner\">\n\t\t\t\t\t\t\t\t\t\t\t<img loading=\"lazy\" decoding=\"async\" width=\"1536\" height=\"2048\" src=\"https:\/\/www.aucoeurdelamain.fr\/wp-content\/uploads\/2025\/05\/WhatsApp-Image-2025-05-20-a-20.04.17_7d8d801d.jpg\" class=\"attachment-full size-full\" alt=\"\" srcset=\"https:\/\/www.aucoeurdelamain.fr\/wp-content\/uploads\/2025\/05\/WhatsApp-Image-2025-05-20-a-20.04.17_7d8d801d.jpg 1536w, https:\/\/www.aucoeurdelamain.fr\/wp-content\/uploads\/2025\/05\/WhatsApp-Image-2025-05-20-a-20.04.17_7d8d801d-225x300.jpg 225w, https:\/\/www.aucoeurdelamain.fr\/wp-content\/uploads\/2025\/05\/WhatsApp-Image-2025-05-20-a-20.04.17_7d8d801d-768x1024.jpg 768w, https:\/\/www.aucoeurdelamain.fr\/wp-content\/uploads\/2025\/05\/WhatsApp-Image-2025-05-20-a-20.04.17_7d8d801d-1152x1536.jpg 1152w, https:\/\/www.aucoeurdelamain.fr\/wp-content\/uploads\/2025\/05\/WhatsApp-Image-2025-05-20-a-20.04.17_7d8d801d-600x800.jpg 600w\" sizes=\"(max-width: 1536px) 100vw, 1536px\" \/>\t\t\t\t\t\t\t\t\t<\/div>\n\t\t\t<\/div>\n\t\t\t\t\t<div class=\"mkdf-ig-image mkdf-item-space\">\n\t\t\t\t<div class=\"mkdf-ig-image-inner\">\n\t\t\t\t\t\t\t\t\t\t\t<img loading=\"lazy\" decoding=\"async\" width=\"1536\" height=\"2048\" src=\"https:\/\/www.aucoeurdelamain.fr\/wp-content\/uploads\/2025\/05\/WhatsApp-Image-2025-05-20-a-20.04.17_2ab10373.jpg\" class=\"attachment-full size-full\" alt=\"\" srcset=\"https:\/\/www.aucoeurdelamain.fr\/wp-content\/uploads\/2025\/05\/WhatsApp-Image-2025-05-20-a-20.04.17_2ab10373.jpg 1536w, https:\/\/www.aucoeurdelamain.fr\/wp-content\/uploads\/2025\/05\/WhatsApp-Image-2025-05-20-a-20.04.17_2ab10373-225x300.jpg 225w, https:\/\/www.aucoeurdelamain.fr\/wp-content\/uploads\/2025\/05\/WhatsApp-Image-2025-05-20-a-20.04.17_2ab10373-768x1024.jpg 768w, https:\/\/www.aucoeurdelamain.fr\/wp-content\/uploads\/2025\/05\/WhatsApp-Image-2025-05-20-a-20.04.17_2ab10373-1152x1536.jpg 1152w, https:\/\/www.aucoeurdelamain.fr\/wp-content\/uploads\/2025\/05\/WhatsApp-Image-2025-05-20-a-20.04.17_2ab10373-600x800.jpg 600w\" sizes=\"(max-width: 1536px) 100vw, 1536px\" \/>\t\t\t\t\t\t\t\t\t<\/div>\n\t\t\t<\/div>\n\t\t\t<\/div>\n<\/div>\t\t\t\t<\/div>\n\t\t\t\t<\/div>\n\t\t\t\t\t<\/div>\n\t\t\t\t<\/div>\n\t\t\t\t<\/div>\n\t\t","protected":false},"excerpt":{"rendered":"<p>\u00a0 &#8220;Chaque geste transmis est une \u00e9tincelle d\u2019\u00e9ternit\u00e9, un pont entre les g\u00e9n\u00e9rations.&#8221; Magnifiques moments hier apr\u00e8s-midi \u00e0 la Pr\u00e9fecture des Yvelines pour le Fabriqu\u00e9 en Yvelines \u2728 L\u2019occasion de faire na\u00eetre nous esp\u00e9rons de nouvelles vocations, de partager notre passion, de tenter de r\u00e9concilier le \u00ab savoir \u00bb et<\/p>\n","protected":false},"author":3,"featured_media":8712,"comment_status":"open","ping_status":"open","sticky":false,"template":"","format":"standard","meta":{"_jetpack_memberships_contains_paid_content":false,"footnotes":""},"categories":[111],"tags":[],"class_list":["post-8700","post","type-post","status-publish","format-standard","has-post-thumbnail","hentry","category-evenements"],"jetpack_featured_media_url":"https:\/\/www.aucoeurdelamain.fr\/wp-content\/uploads\/2025\/05\/WhatsApp-Image-2025-05-20-a-20.04.18_5d66d4f5.jpg","jetpack_sharing_enabled":true,"_links":{"self":[{"href":"https:\/\/www.aucoeurdelamain.fr\/index.php\/wp-json\/wp\/v2\/posts\/8700","targetHints":{"allow":["GET"]}}],"collection":[{"href":"https:\/\/www.aucoeurdelamain.fr\/index.php\/wp-json\/wp\/v2\/posts"}],"about":[{"href":"https:\/\/www.aucoeurdelamain.fr\/index.php\/wp-json\/wp\/v2\/types\/post"}],"author":[{"embeddable":true,"href":"https:\/\/www.aucoeurdelamain.fr\/index.php\/wp-json\/wp\/v2\/users\/3"}],"replies":[{"embeddable":true,"href":"https:\/\/www.aucoeurdelamain.fr\/index.php\/wp-json\/wp\/v2\/comments?post=8700"}],"version-history":[{"count":8,"href":"https:\/\/www.aucoeurdelamain.fr\/index.php\/wp-json\/wp\/v2\/posts\/8700\/revisions"}],"predecessor-version":[{"id":8726,"href":"https:\/\/www.aucoeurdelamain.fr\/index.php\/wp-json\/wp\/v2\/posts\/8700\/revisions\/8726"}],"wp:featuredmedia":[{"embeddable":true,"href":"https:\/\/www.aucoeurdelamain.fr\/index.php\/wp-json\/wp\/v2\/media\/8712"}],"wp:attachment":[{"href":"https:\/\/www.aucoeurdelamain.fr\/index.php\/wp-json\/wp\/v2\/media?parent=8700"}],"wp:term":[{"taxonomy":"category","embeddable":true,"href":"https:\/\/www.aucoeurdelamain.fr\/index.php\/wp-json\/wp\/v2\/categories?post=8700"},{"taxonomy":"post_tag","embeddable":true,"href":"https:\/\/www.aucoeurdelamain.fr\/index.php\/wp-json\/wp\/v2\/tags?post=8700"}],"curies":[{"name":"wp","href":"https:\/\/api.w.org\/{rel}","templated":true}]}}