{"id":8349,"date":"2021-01-20T09:51:27","date_gmt":"2021-01-20T08:51:27","guid":{"rendered":"https:\/\/www.aucoeurdelamain.fr\/?p=8349"},"modified":"2025-04-29T09:52:36","modified_gmt":"2025-04-29T07:52:36","slug":"video-prix-pelerin-chantiers-du-cardinal-sur-les-ateliers-darimathie-novembre-2016","status":"publish","type":"post","link":"https:\/\/www.aucoeurdelamain.fr\/index.php\/2021\/01\/20\/video-prix-pelerin-chantiers-du-cardinal-sur-les-ateliers-darimathie-novembre-2016\/","title":{"rendered":"Vid\u00e9o Prix P\u00e8lerin-Chantiers du Cardinal sur les Ateliers d&#8217;Arimathie, (Novembre 2016)"},"content":{"rendered":"\t\t<div data-elementor-type=\"wp-post\" data-elementor-id=\"8349\" class=\"elementor elementor-8349\">\n\t\t\t\t<div class=\"elementor-element elementor-element-e252822 e-flex e-con-boxed wpr-particle-no wpr-jarallax-no wpr-parallax-no wpr-sticky-section-no wpr-equal-height-no e-con e-parent\" data-id=\"e252822\" data-element_type=\"container\" data-e-type=\"container\">\n\t\t\t\t\t<div class=\"e-con-inner\">\n\t\t\t\t<div class=\"elementor-element elementor-element-0ca3652 elementor-widget elementor-widget-text-editor\" data-id=\"0ca3652\" data-element_type=\"widget\" data-e-type=\"widget\" data-widget_type=\"text-editor.default\">\n\t\t\t\t<div class=\"elementor-widget-container\">\n\t\t\t\t\t\t\t\t\t<p>\u00ab VOUS METTREZ LE FEU AU MONDE \u00bb<br \/>Bruno de Maistre a choisi le m\u00e9tier d\u2019\u00e9b\u00e9niste d\u2019art apr\u00e8s une carri\u00e8re dans la publicit\u00e9. Dans son atelier d\u2019Auffargis pr\u00e8s de Rambouillet, il a cr\u00e9\u00e9 un autel, un ambon, une croix de ch\u0153ur et un tabernacle \u00ab sous le regard de Joseph et de J\u00e9sus, qui sont du m\u00e9tier \u00bb, aime-t-il \u00e0 dire. Son projet a \u00e9t\u00e9 inspir\u00e9 par l\u2019apostrophe du pape Jean-Paul-II \u00ab Si vous devenez ce que vous devez \u00eatre, vous mettrez le feu au monde \u00bb. L\u2019\u0153uvre des Ateliers d&#8217;Arimathie propose en effet un d\u00e9cor en marqueterie en forme de brasier. L\u2019ensemble est un alliage de ch\u00eane clair, de ch\u00eane fonc\u00e9, de palissandre et de sycomore. Bruno de Maistre a pr\u00e9alablement r\u00e9alis\u00e9 le mobilier du ch\u0153ur de l\u2019\u00e9glise de Vaucresson ainsi que des \u00e9l\u00e9ments pour la paroisse de Rueil-Malmaison.<\/p><p>Discours remise Prix de La Cr\u00e9ation Chantiers du Cardinal \u2013 3 Nov 2016<br \/>&#8220;B\u00e9nis sois-tu seigneur, Dieu de l\u2019univers toi qui nous donnes ce pain fruit de la terre et du travail des hommes&#8221;<br \/>Je voudrai rendre gr\u00e2ce au Seigneur de me permettre d\u2019\u00eatre \u00e0 son service et au service de l\u2019\u00c9glise.<br \/>J\u2019esp\u00e8re que ce mobilier sera une invitation \u00e0 la pri\u00e8re. Ce prix est un v\u00e9ritable encouragement pour notre \u00e9quipe, pour notre travail d\u2019\u00e9vang\u00e9lisation par le beau.<br \/>C\u2019est une reconnaissance qui nous va droit au c\u0153ur et qui nous confirme dans notre travail.<br \/>J\u2019esp\u00e8re qu\u2019il nous permettra de participer \u00e0 encore plus d\u2019autres beaux projets d\u2019embellissement de\u00a0nos \u00e9glises et de mise en valeur de la liturgie.<\/p><p>Je tiens \u00e0 remercier particuli\u00e8rement P\u00e8lerin d\u2019organiser tous ces prix et de mettre ainsi en lumi\u00e8re le travail d\u2019artisans qui restent trop souvent dans l\u2019ombre\u00a0!<br \/>Un grand merci \u00e9galement aux chantiers du cardinal pour tout le travail qu\u2019ils font pour la construction, l\u2019am\u00e9nagement et le r\u00e9am\u00e9nagement de nos \u00e9glises. Ils savent faire du neuf dans de l\u2019ancien !<br \/>Merci \u00e0 Arielle Courty.<\/p><p>Merci \u00e9galement \u00e0 l\u2019Equipe Paroissiale de Colombes, en particulier au p\u00e8re Olivier Joncour et \u00e0 Jean-Philippe Naline avec qui nous avons finalis\u00e9 ce projet d\u2019am\u00e9nagement de l\u2019oratoire de la Maison Paroissiale St JP II.<br \/>Merci pour cette confiance et cette collaboration si naturelle.<br \/>Et je remercie bien s\u00fbr mon \u00e9quipe Florian et Joseph en particulier, qui sont l\u00e0 ce soir, sans qui ces r\u00e9alisations n\u2019auraient pas pu voir le jour.<br \/>Merci \u00e9galement \u00e0 ma ch\u00e8re \u00e9pouse de m\u2019avoir ainsi port\u00e9 dans ce choix de reconversion ces derni\u00e8res\u00a0 ann\u00e9es\u2026<br \/>J\u2019esp\u00e8re que nous route se recroiseront bien vite dans d\u2019autres \u00e9glises , cath\u00e9drale ou monast\u00e8re.<br \/>Merci \u00e0 tous pour votre pr\u00e9sence ce soir et \u00e0 St\u00e9phane Bern de rendre cette soir\u00e9e si passionnante.&#8221;<br \/>Bruno de Maistre<\/p>\t\t\t\t\t\t\t\t<\/div>\n\t\t\t\t<\/div>\n\t\t\t\t\t<\/div>\n\t\t\t\t<\/div>\n\t\t<div class=\"elementor-element elementor-element-4000d96 e-flex e-con-boxed wpr-particle-no wpr-jarallax-no wpr-parallax-no wpr-sticky-section-no wpr-equal-height-no e-con e-parent\" data-id=\"4000d96\" data-element_type=\"container\" data-e-type=\"container\">\n\t\t\t\t\t<div class=\"e-con-inner\">\n\t\t\t\t<div class=\"elementor-element elementor-element-1794120 elementor-widget elementor-widget-video\" data-id=\"1794120\" data-element_type=\"widget\" data-e-type=\"widget\" data-settings=\"{&quot;youtube_url&quot;:&quot;https:\\\/\\\/www.youtube.com\\\/watch?v=2_F51N8wb0o&quot;,&quot;video_type&quot;:&quot;youtube&quot;,&quot;controls&quot;:&quot;yes&quot;}\" data-widget_type=\"video.default\">\n\t\t\t\t<div class=\"elementor-widget-container\">\n\t\t\t\t\t\t\t<div class=\"elementor-wrapper elementor-open-inline\">\n\t\t\t<div class=\"elementor-video\"><\/div>\t\t<\/div>\n\t\t\t\t\t\t<\/div>\n\t\t\t\t<\/div>\n\t\t\t\t\t<\/div>\n\t\t\t\t<\/div>\n\t\t\t\t<\/div>\n\t\t","protected":false},"excerpt":{"rendered":"<p>\u00ab VOUS METTREZ LE FEU AU MONDE \u00bbBruno de Maistre a choisi le m\u00e9tier d\u2019\u00e9b\u00e9niste d\u2019art apr\u00e8s une carri\u00e8re dans la publicit\u00e9. Dans son atelier d\u2019Auffargis pr\u00e8s de Rambouillet, il a cr\u00e9\u00e9 un autel, un ambon, une croix de ch\u0153ur et un tabernacle \u00ab sous le regard de Joseph et<\/p>\n","protected":false},"author":3,"featured_media":258,"comment_status":"open","ping_status":"open","sticky":false,"template":"","format":"standard","meta":{"_jetpack_memberships_contains_paid_content":false,"footnotes":""},"categories":[107],"tags":[],"class_list":["post-8349","post","type-post","status-publish","format-standard","has-post-thumbnail","hentry","category-art-sacre"],"jetpack_featured_media_url":"https:\/\/www.aucoeurdelamain.fr\/wp-content\/uploads\/2018\/02\/demaistre-aupetit-POURNY-Michel-Maison-J-P-II-Colombes-224.jpg","jetpack_sharing_enabled":true,"_links":{"self":[{"href":"https:\/\/www.aucoeurdelamain.fr\/index.php\/wp-json\/wp\/v2\/posts\/8349","targetHints":{"allow":["GET"]}}],"collection":[{"href":"https:\/\/www.aucoeurdelamain.fr\/index.php\/wp-json\/wp\/v2\/posts"}],"about":[{"href":"https:\/\/www.aucoeurdelamain.fr\/index.php\/wp-json\/wp\/v2\/types\/post"}],"author":[{"embeddable":true,"href":"https:\/\/www.aucoeurdelamain.fr\/index.php\/wp-json\/wp\/v2\/users\/3"}],"replies":[{"embeddable":true,"href":"https:\/\/www.aucoeurdelamain.fr\/index.php\/wp-json\/wp\/v2\/comments?post=8349"}],"version-history":[{"count":4,"href":"https:\/\/www.aucoeurdelamain.fr\/index.php\/wp-json\/wp\/v2\/posts\/8349\/revisions"}],"predecessor-version":[{"id":8353,"href":"https:\/\/www.aucoeurdelamain.fr\/index.php\/wp-json\/wp\/v2\/posts\/8349\/revisions\/8353"}],"wp:featuredmedia":[{"embeddable":true,"href":"https:\/\/www.aucoeurdelamain.fr\/index.php\/wp-json\/wp\/v2\/media\/258"}],"wp:attachment":[{"href":"https:\/\/www.aucoeurdelamain.fr\/index.php\/wp-json\/wp\/v2\/media?parent=8349"}],"wp:term":[{"taxonomy":"category","embeddable":true,"href":"https:\/\/www.aucoeurdelamain.fr\/index.php\/wp-json\/wp\/v2\/categories?post=8349"},{"taxonomy":"post_tag","embeddable":true,"href":"https:\/\/www.aucoeurdelamain.fr\/index.php\/wp-json\/wp\/v2\/tags?post=8349"}],"curies":[{"name":"wp","href":"https:\/\/api.w.org\/{rel}","templated":true}]}}