{"id":8339,"date":"2022-05-29T09:47:33","date_gmt":"2022-05-29T07:47:33","guid":{"rendered":"https:\/\/www.aucoeurdelamain.fr\/?p=8339"},"modified":"2025-05-26T15:12:00","modified_gmt":"2025-05-26T13:12:00","slug":"reportage-sur-la-creation-du-nouveau-choeur-de-notre-dame-de-boulogne-mai-2020","status":"publish","type":"post","link":"https:\/\/www.aucoeurdelamain.fr\/index.php\/2022\/05\/29\/reportage-sur-la-creation-du-nouveau-choeur-de-notre-dame-de-boulogne-mai-2020\/","title":{"rendered":"Reportage sur la cr\u00e9ation du nouveau choeur de Notre-Dame de Boulogne (Mai 2020)"},"content":{"rendered":"\t\t<div data-elementor-type=\"wp-post\" data-elementor-id=\"8339\" class=\"elementor elementor-8339\">\n\t\t\t\t<div class=\"elementor-element elementor-element-61ca60f e-flex e-con-boxed wpr-particle-no wpr-jarallax-no wpr-parallax-no wpr-sticky-section-no wpr-equal-height-no e-con e-parent\" data-id=\"61ca60f\" data-element_type=\"container\" data-e-type=\"container\">\n\t\t\t\t\t<div class=\"e-con-inner\">\n\t\t\t\t<div class=\"elementor-element elementor-element-a3b7add elementor-widget elementor-widget-text-editor\" data-id=\"a3b7add\" data-element_type=\"widget\" data-e-type=\"widget\" data-widget_type=\"text-editor.default\">\n\t\t\t\t<div class=\"elementor-widget-container\">\n\t\t\t\t\t\t\t\t\t<p>Un ch\u0153ur en chemin, 700 ans d&#8217;histoire, nous portent.<\/p><p>Une volont\u00e9 affirm\u00e9e d\u2019inscrire le nouvel autel dans la continuit\u00e9 architecturale de Notre-Dame de Boulogne.<br \/>Bruno de Maistre et les Ateliers BdM d\u2019Arimathie ont cherch\u00e9 \u00e0 prendre appui sur l\u2019histoire et les \u00e9l\u00e9ments existants de Notre-Dame de Boulogne pour cr\u00e9er chaque d\u00e9tail de ce ch\u0153ur.<br \/>L\u2019estrade a des dimensions l\u00e9g\u00e8rement plus grandes que la pr\u00e9c\u00e9dente afin de gagner en circulation sur le plan sup\u00e9rieur de l\u2019estrade.<\/p><p>Les pans coup\u00e9s am\u00e9liorent la circulation autour de celle-ci, et permettront un acc\u00e8s handicap\u00e9 au ch\u0153ur.<br \/>Sa nouvelle forme permet \u00e0 la fois un espace plus adapt\u00e9 aux besoins liturgiques sans pour autant diminuer le nombre de places assises disponibles pour l\u2019assembl\u00e9e.<br \/>Une recherche harmonieuse dans le choix des mat\u00e9riaux. Le ch\u00eane utilis\u00e9 provient de la for\u00eat de Rambouillet et donnera \u00e0 l\u2019estrade un rev\u00eatement qui se mariera naturellement avec la chaire et les stalles d\u00e9j\u00e0 pr\u00e9sentes.<\/p><p>L\u2019autel sera en marbre blanc de Carrare de haute qualit\u00e9, tout comme le ma\u00eetre autel dont il reprend les \u00e9l\u00e9ments n\u00e9ogothiques.<br \/>Il sera plac\u00e9 au centre de convergence de l\u2018\u00e9glise. \u00c0 l\u2019int\u00e9rieur de cet \u00e9crin se trouve une pierre dont la surface est travaill\u00e9e \u00e0 la main pour lui donner un cot\u00e9 brut qui symbolise la pierre du sacrifice d\u2019Isaac fait<br \/>par Abraham. Sur cette pierre est sculpt\u00e9e la figure du Bon Pasteur. &#8220;J\u00e9sus est le vrai berger qui appelle chacune de ses brebis par son nom, capable de partir \u00e0 la recherche de celle qui s\u2019est perdue mais \u00e9galement de<br \/>donner sa vie pour elle.&#8221; L\u2019alliance de la pierre brute et du marbre rappelle ce lien entre l\u2019ancien testament et le nouveau.<\/p><p>Samedi 30 novembre 2019 \u00e0 17h30 : Messe de d\u00e9dicace pr\u00e9sid\u00e9e par Monseigneur Matthieu Roug\u00e9.<br \/>Dimanche 8 d\u00e9cembre \u00e0 11h : Messe t\u00e9l\u00e9vis\u00e9e retransmise sur France 2 dans le cadre de l\u2019\u00e9mission \u00ab le Jour du Seigneur \u00bb.<\/p>\t\t\t\t\t\t\t\t<\/div>\n\t\t\t\t<\/div>\n\t\t\t\t\t<\/div>\n\t\t\t\t<\/div>\n\t\t<div class=\"elementor-element elementor-element-fd82b43 e-flex e-con-boxed wpr-particle-no wpr-jarallax-no wpr-parallax-no wpr-sticky-section-no wpr-equal-height-no e-con e-parent\" data-id=\"fd82b43\" data-element_type=\"container\" data-e-type=\"container\">\n\t\t\t\t\t<div class=\"e-con-inner\">\n\t\t\t\t<div class=\"elementor-element elementor-element-6d28b79 elementor-widget elementor-widget-video\" data-id=\"6d28b79\" data-element_type=\"widget\" data-e-type=\"widget\" data-settings=\"{&quot;youtube_url&quot;:&quot;https:\\\/\\\/www.youtube.com\\\/watch?v=DmAEtig30-E&amp;t=3s&quot;,&quot;video_type&quot;:&quot;youtube&quot;,&quot;controls&quot;:&quot;yes&quot;}\" data-widget_type=\"video.default\">\n\t\t\t\t<div class=\"elementor-widget-container\">\n\t\t\t\t\t\t\t<div class=\"elementor-wrapper elementor-open-inline\">\n\t\t\t<div class=\"elementor-video\"><\/div>\t\t<\/div>\n\t\t\t\t\t\t<\/div>\n\t\t\t\t<\/div>\n\t\t\t\t\t<\/div>\n\t\t\t\t<\/div>\n\t\t\t\t<\/div>\n\t\t","protected":false},"excerpt":{"rendered":"<p>Un ch\u0153ur en chemin, 700 ans d&#8217;histoire, nous portent. Une volont\u00e9 affirm\u00e9e d\u2019inscrire le nouvel autel dans la continuit\u00e9 architecturale de Notre-Dame de Boulogne.Bruno de Maistre et les Ateliers BdM d\u2019Arimathie ont cherch\u00e9 \u00e0 prendre appui sur l\u2019histoire et les \u00e9l\u00e9ments existants de Notre-Dame de Boulogne pour cr\u00e9er chaque d\u00e9tail<\/p>\n","protected":false},"author":3,"featured_media":1443,"comment_status":"open","ping_status":"open","sticky":false,"template":"","format":"standard","meta":{"_jetpack_memberships_contains_paid_content":false,"footnotes":""},"categories":[107,95],"tags":[],"class_list":["post-8339","post","type-post","status-publish","format-standard","has-post-thumbnail","hentry","category-art-sacre","category-presse"],"jetpack_featured_media_url":"https:\/\/www.aucoeurdelamain.fr\/wp-content\/uploads\/2020\/11\/image_2020-11-11_224014.png","jetpack_sharing_enabled":true,"_links":{"self":[{"href":"https:\/\/www.aucoeurdelamain.fr\/index.php\/wp-json\/wp\/v2\/posts\/8339","targetHints":{"allow":["GET"]}}],"collection":[{"href":"https:\/\/www.aucoeurdelamain.fr\/index.php\/wp-json\/wp\/v2\/posts"}],"about":[{"href":"https:\/\/www.aucoeurdelamain.fr\/index.php\/wp-json\/wp\/v2\/types\/post"}],"author":[{"embeddable":true,"href":"https:\/\/www.aucoeurdelamain.fr\/index.php\/wp-json\/wp\/v2\/users\/3"}],"replies":[{"embeddable":true,"href":"https:\/\/www.aucoeurdelamain.fr\/index.php\/wp-json\/wp\/v2\/comments?post=8339"}],"version-history":[{"count":4,"href":"https:\/\/www.aucoeurdelamain.fr\/index.php\/wp-json\/wp\/v2\/posts\/8339\/revisions"}],"predecessor-version":[{"id":8343,"href":"https:\/\/www.aucoeurdelamain.fr\/index.php\/wp-json\/wp\/v2\/posts\/8339\/revisions\/8343"}],"wp:featuredmedia":[{"embeddable":true,"href":"https:\/\/www.aucoeurdelamain.fr\/index.php\/wp-json\/wp\/v2\/media\/1443"}],"wp:attachment":[{"href":"https:\/\/www.aucoeurdelamain.fr\/index.php\/wp-json\/wp\/v2\/media?parent=8339"}],"wp:term":[{"taxonomy":"category","embeddable":true,"href":"https:\/\/www.aucoeurdelamain.fr\/index.php\/wp-json\/wp\/v2\/categories?post=8339"},{"taxonomy":"post_tag","embeddable":true,"href":"https:\/\/www.aucoeurdelamain.fr\/index.php\/wp-json\/wp\/v2\/tags?post=8339"}],"curies":[{"name":"wp","href":"https:\/\/api.w.org\/{rel}","templated":true}]}}