{"id":8334,"date":"2023-11-07T09:45:41","date_gmt":"2023-11-07T08:45:41","guid":{"rendered":"https:\/\/www.aucoeurdelamain.fr\/?p=8334"},"modified":"2025-04-29T10:07:15","modified_gmt":"2025-04-29T08:07:15","slug":"remise-de-la-medaille-de-lexcellence-artisanale-sept-2023","status":"publish","type":"post","link":"https:\/\/www.aucoeurdelamain.fr\/index.php\/2023\/11\/07\/remise-de-la-medaille-de-lexcellence-artisanale-sept-2023\/","title":{"rendered":"Remise de la m\u00e9daille de l\u2019Excellence Artisanale (sept 2023)"},"content":{"rendered":"\t\t<div data-elementor-type=\"wp-post\" data-elementor-id=\"8334\" class=\"elementor elementor-8334\">\n\t\t\t\t<div class=\"elementor-element elementor-element-caefa75 e-flex e-con-boxed wpr-particle-no wpr-jarallax-no wpr-parallax-no wpr-sticky-section-no wpr-equal-height-no e-con e-parent\" data-id=\"caefa75\" data-element_type=\"container\" data-e-type=\"container\">\n\t\t\t\t\t<div class=\"e-con-inner\">\n\t\t\t\t<div class=\"elementor-element elementor-element-8922988 elementor-widget elementor-widget-text-editor\" data-id=\"8922988\" data-element_type=\"widget\" data-e-type=\"widget\" data-widget_type=\"text-editor.default\">\n\t\t\t\t<div class=\"elementor-widget-container\">\n\t\t\t\t\t\t\t\t\t<p>Comme c\u2019est si justement sculpt\u00e9 sur cette m\u00e9daille, c\u2019est \u00e0 plusieurs que l\u2019on peut viser l\u2019excellence et gravir pas \u00e0 pas des montagnes ! Merci \u00e0 tous ceux qui tout au long de mon chemin m\u2019ont tendu la main, port\u00e9, tir\u00e9 , pouss\u00e9, soutenu, encourag\u00e9. Cette m\u00e9daille de l\u2019excellence artisanale remise hier soir, est aussi la v\u00f4tre.<\/p><p>Je remercie en particulier ma Laure qui m\u2019a suivi d\u00e8s le d\u00e9but de cette nouvelle orientation vers ce m\u00e9tier d\u2019\u00e9b\u00e9nisterie d\u2019art, contre vents et mar\u00e9es, toujours \u00e0 mes c\u00f4t\u00e9s. Sans elle, je n\u2019en serai pas l\u00e0 aujourd\u2019hui, c\u2019est certain.<\/p><p>Merci ch\u00e8res familles, chers amis, chers \u00e9quipiers que j\u2019ai eu depuis pr\u00e8s de 15 ans de travail acharn\u00e9.<\/p><p>Ne pas compter ses heures, recommencer sans h\u00e9siter, se d\u00e9passer. Audace, Harmonie et Excellence sont les valeurs qui guident les Ateliers BdM. J\u2019aurai envie de rajouter \u00e9galement, transmission. Nos m\u00e9tiers d\u2019art ne perdureront en effet que si nous savons donner aux nouvelles g\u00e9n\u00e9rations, avec passion, ce sens de l\u2019effort et de l\u2019\u00e9chec. Car comme nous aimons le dire lorsque nous vous accueillons \u00e0 l\u2019atelier : la r\u00e9ussite n\u2019est que le fruit de plusieurs \u00e9checs.<\/p><p>Merci CMA IDF \u2013 Paris Evelyne Cazautets Francis Bussiere Ronan KERAUDREN pour cette belle soir\u00e9e familiale hier et de mettre ainsi en valeur l\u2019artisanat fran\u00e7ais et ceux qui tentent de transmettre avec humilit\u00e9 et respect, ces gestes appris de chers sages tout aussi fous et passionn\u00e9s !<\/p><p>#passion #precision #audace #harmonie #excellence #atelierbdm #valleedechevreuse<\/p>\t\t\t\t\t\t\t\t<\/div>\n\t\t\t\t<\/div>\n\t\t\t\t\t<\/div>\n\t\t\t\t<\/div>\n\t\t<div class=\"elementor-element elementor-element-d487147 e-flex e-con-boxed wpr-particle-no wpr-jarallax-no wpr-parallax-no wpr-sticky-section-no wpr-equal-height-no e-con e-parent\" data-id=\"d487147\" data-element_type=\"container\" data-e-type=\"container\">\n\t\t\t\t\t<div class=\"e-con-inner\">\n\t\t\t\t<div class=\"elementor-element elementor-element-a3fc463 elementor-widget elementor-widget-mkdf_image_gallery\" data-id=\"a3fc463\" data-element_type=\"widget\" data-e-type=\"widget\" data-widget_type=\"mkdf_image_gallery.default\">\n\t\t\t\t<div class=\"elementor-widget-container\">\n\t\t\t\t\t<div class=\"mkdf-image-gallery mkdf-grid-list mkdf-disable-bottom-space  mkdf-ig-grid-type mkdf-two-columns mkdf-normal-space  \">\n\t<div class=\"mkdf-ig-inner mkdf-outer-space\">\n\t\t\t\t\t<div class=\"mkdf-ig-image mkdf-item-space\">\n\t\t\t\t<div class=\"mkdf-ig-image-inner\">\n\t\t\t\t\t\t\t\t\t\t\t<img fetchpriority=\"high\" decoding=\"async\" width=\"1512\" height=\"2016\" src=\"https:\/\/www.aucoeurdelamain.fr\/wp-content\/uploads\/2023\/11\/IMG_2435-rotated-1.jpg\" class=\"attachment-full size-full\" alt=\"\" srcset=\"https:\/\/www.aucoeurdelamain.fr\/wp-content\/uploads\/2023\/11\/IMG_2435-rotated-1.jpg 1512w, https:\/\/www.aucoeurdelamain.fr\/wp-content\/uploads\/2023\/11\/IMG_2435-rotated-1-225x300.jpg 225w, https:\/\/www.aucoeurdelamain.fr\/wp-content\/uploads\/2023\/11\/IMG_2435-rotated-1-768x1024.jpg 768w, https:\/\/www.aucoeurdelamain.fr\/wp-content\/uploads\/2023\/11\/IMG_2435-rotated-1-1152x1536.jpg 1152w, https:\/\/www.aucoeurdelamain.fr\/wp-content\/uploads\/2023\/11\/IMG_2435-rotated-1-600x800.jpg 600w\" sizes=\"(max-width: 1512px) 100vw, 1512px\" \/>\t\t\t\t\t\t\t\t\t<\/div>\n\t\t\t<\/div>\n\t\t\t\t\t<div class=\"mkdf-ig-image mkdf-item-space\">\n\t\t\t\t<div class=\"mkdf-ig-image-inner\">\n\t\t\t\t\t\t\t\t\t\t\t<img decoding=\"async\" width=\"1512\" height=\"2016\" src=\"https:\/\/www.aucoeurdelamain.fr\/wp-content\/uploads\/2023\/11\/IMG_2402.jpg\" class=\"attachment-full size-full\" alt=\"\" srcset=\"https:\/\/www.aucoeurdelamain.fr\/wp-content\/uploads\/2023\/11\/IMG_2402.jpg 1512w, https:\/\/www.aucoeurdelamain.fr\/wp-content\/uploads\/2023\/11\/IMG_2402-225x300.jpg 225w, https:\/\/www.aucoeurdelamain.fr\/wp-content\/uploads\/2023\/11\/IMG_2402-768x1024.jpg 768w, https:\/\/www.aucoeurdelamain.fr\/wp-content\/uploads\/2023\/11\/IMG_2402-1152x1536.jpg 1152w, https:\/\/www.aucoeurdelamain.fr\/wp-content\/uploads\/2023\/11\/IMG_2402-600x800.jpg 600w\" sizes=\"(max-width: 1512px) 100vw, 1512px\" \/>\t\t\t\t\t\t\t\t\t<\/div>\n\t\t\t<\/div>\n\t\t\t\t\t<div class=\"mkdf-ig-image mkdf-item-space\">\n\t\t\t\t<div class=\"mkdf-ig-image-inner\">\n\t\t\t\t\t\t\t\t\t\t\t<img decoding=\"async\" width=\"1512\" height=\"2016\" src=\"https:\/\/www.aucoeurdelamain.fr\/wp-content\/uploads\/2023\/11\/IMG_2400-rotated-1.jpg\" class=\"attachment-full size-full\" alt=\"\" srcset=\"https:\/\/www.aucoeurdelamain.fr\/wp-content\/uploads\/2023\/11\/IMG_2400-rotated-1.jpg 1512w, https:\/\/www.aucoeurdelamain.fr\/wp-content\/uploads\/2023\/11\/IMG_2400-rotated-1-225x300.jpg 225w, https:\/\/www.aucoeurdelamain.fr\/wp-content\/uploads\/2023\/11\/IMG_2400-rotated-1-768x1024.jpg 768w, https:\/\/www.aucoeurdelamain.fr\/wp-content\/uploads\/2023\/11\/IMG_2400-rotated-1-1152x1536.jpg 1152w, https:\/\/www.aucoeurdelamain.fr\/wp-content\/uploads\/2023\/11\/IMG_2400-rotated-1-600x800.jpg 600w\" sizes=\"(max-width: 1512px) 100vw, 1512px\" \/>\t\t\t\t\t\t\t\t\t<\/div>\n\t\t\t<\/div>\n\t\t\t\t\t<div class=\"mkdf-ig-image mkdf-item-space\">\n\t\t\t\t<div class=\"mkdf-ig-image-inner\">\n\t\t\t\t\t\t\t\t\t\t\t<img loading=\"lazy\" decoding=\"async\" width=\"1512\" height=\"2016\" src=\"https:\/\/www.aucoeurdelamain.fr\/wp-content\/uploads\/2023\/11\/IMG_2411-rotated-1.jpg\" class=\"attachment-full size-full\" alt=\"\" srcset=\"https:\/\/www.aucoeurdelamain.fr\/wp-content\/uploads\/2023\/11\/IMG_2411-rotated-1.jpg 1512w, https:\/\/www.aucoeurdelamain.fr\/wp-content\/uploads\/2023\/11\/IMG_2411-rotated-1-225x300.jpg 225w, https:\/\/www.aucoeurdelamain.fr\/wp-content\/uploads\/2023\/11\/IMG_2411-rotated-1-768x1024.jpg 768w, https:\/\/www.aucoeurdelamain.fr\/wp-content\/uploads\/2023\/11\/IMG_2411-rotated-1-1152x1536.jpg 1152w, https:\/\/www.aucoeurdelamain.fr\/wp-content\/uploads\/2023\/11\/IMG_2411-rotated-1-600x800.jpg 600w\" sizes=\"(max-width: 1512px) 100vw, 1512px\" \/>\t\t\t\t\t\t\t\t\t<\/div>\n\t\t\t<\/div>\n\t\t\t\t\t<div class=\"mkdf-ig-image mkdf-item-space\">\n\t\t\t\t<div class=\"mkdf-ig-image-inner\">\n\t\t\t\t\t\t\t\t\t\t\t<img loading=\"lazy\" decoding=\"async\" width=\"1512\" height=\"2016\" src=\"https:\/\/www.aucoeurdelamain.fr\/wp-content\/uploads\/2023\/11\/IMG_2436-rotated-1.jpg\" class=\"attachment-full size-full\" alt=\"\" srcset=\"https:\/\/www.aucoeurdelamain.fr\/wp-content\/uploads\/2023\/11\/IMG_2436-rotated-1.jpg 1512w, https:\/\/www.aucoeurdelamain.fr\/wp-content\/uploads\/2023\/11\/IMG_2436-rotated-1-225x300.jpg 225w, https:\/\/www.aucoeurdelamain.fr\/wp-content\/uploads\/2023\/11\/IMG_2436-rotated-1-768x1024.jpg 768w, https:\/\/www.aucoeurdelamain.fr\/wp-content\/uploads\/2023\/11\/IMG_2436-rotated-1-1152x1536.jpg 1152w, https:\/\/www.aucoeurdelamain.fr\/wp-content\/uploads\/2023\/11\/IMG_2436-rotated-1-600x800.jpg 600w\" sizes=\"(max-width: 1512px) 100vw, 1512px\" \/>\t\t\t\t\t\t\t\t\t<\/div>\n\t\t\t<\/div>\n\t\t\t<\/div>\n<\/div>\t\t\t\t<\/div>\n\t\t\t\t<\/div>\n\t\t\t\t\t<\/div>\n\t\t\t\t<\/div>\n\t\t\t\t<\/div>\n\t\t","protected":false},"excerpt":{"rendered":"<p>Comme c\u2019est si justement sculpt\u00e9 sur cette m\u00e9daille, c\u2019est \u00e0 plusieurs que l\u2019on peut viser l\u2019excellence et gravir pas \u00e0 pas des montagnes ! Merci \u00e0 tous ceux qui tout au long de mon chemin m\u2019ont tendu la main, port\u00e9, tir\u00e9 , pouss\u00e9, soutenu, encourag\u00e9. Cette m\u00e9daille de l\u2019excellence artisanale<\/p>\n","protected":false},"author":3,"featured_media":4639,"comment_status":"open","ping_status":"open","sticky":false,"template":"","format":"standard","meta":{"_jetpack_memberships_contains_paid_content":false,"footnotes":""},"categories":[107,94],"tags":[],"class_list":["post-8334","post","type-post","status-publish","format-standard","has-post-thumbnail","hentry","category-art-sacre","category-dernieres-news-des-evenements-a-venir"],"jetpack_featured_media_url":"https:\/\/www.aucoeurdelamain.fr\/wp-content\/uploads\/2023\/11\/IMG_2411-rotated-1.jpg","jetpack_sharing_enabled":true,"_links":{"self":[{"href":"https:\/\/www.aucoeurdelamain.fr\/index.php\/wp-json\/wp\/v2\/posts\/8334","targetHints":{"allow":["GET"]}}],"collection":[{"href":"https:\/\/www.aucoeurdelamain.fr\/index.php\/wp-json\/wp\/v2\/posts"}],"about":[{"href":"https:\/\/www.aucoeurdelamain.fr\/index.php\/wp-json\/wp\/v2\/types\/post"}],"author":[{"embeddable":true,"href":"https:\/\/www.aucoeurdelamain.fr\/index.php\/wp-json\/wp\/v2\/users\/3"}],"replies":[{"embeddable":true,"href":"https:\/\/www.aucoeurdelamain.fr\/index.php\/wp-json\/wp\/v2\/comments?post=8334"}],"version-history":[{"count":4,"href":"https:\/\/www.aucoeurdelamain.fr\/index.php\/wp-json\/wp\/v2\/posts\/8334\/revisions"}],"predecessor-version":[{"id":8338,"href":"https:\/\/www.aucoeurdelamain.fr\/index.php\/wp-json\/wp\/v2\/posts\/8334\/revisions\/8338"}],"wp:featuredmedia":[{"embeddable":true,"href":"https:\/\/www.aucoeurdelamain.fr\/index.php\/wp-json\/wp\/v2\/media\/4639"}],"wp:attachment":[{"href":"https:\/\/www.aucoeurdelamain.fr\/index.php\/wp-json\/wp\/v2\/media?parent=8334"}],"wp:term":[{"taxonomy":"category","embeddable":true,"href":"https:\/\/www.aucoeurdelamain.fr\/index.php\/wp-json\/wp\/v2\/categories?post=8334"},{"taxonomy":"post_tag","embeddable":true,"href":"https:\/\/www.aucoeurdelamain.fr\/index.php\/wp-json\/wp\/v2\/tags?post=8334"}],"curies":[{"name":"wp","href":"https:\/\/api.w.org\/{rel}","templated":true}]}}