{"id":8324,"date":"2018-05-09T09:40:55","date_gmt":"2018-05-09T07:40:55","guid":{"rendered":"https:\/\/www.aucoeurdelamain.fr\/?p=8324"},"modified":"2025-05-26T15:18:39","modified_gmt":"2025-05-26T13:18:39","slug":"portrait-dartiste-sur-kto-juin-2017","status":"publish","type":"post","link":"https:\/\/www.aucoeurdelamain.fr\/index.php\/2018\/05\/09\/portrait-dartiste-sur-kto-juin-2017\/","title":{"rendered":"Portrait d&#8217;artiste sur KTO (Juin 2017)"},"content":{"rendered":"\t\t<div data-elementor-type=\"wp-post\" data-elementor-id=\"8324\" class=\"elementor elementor-8324\">\n\t\t\t\t<div class=\"elementor-element elementor-element-b3143ef e-flex e-con-boxed wpr-particle-no wpr-jarallax-no wpr-parallax-no wpr-sticky-section-no wpr-equal-height-no e-con e-parent\" data-id=\"b3143ef\" data-element_type=\"container\" data-e-type=\"container\">\n\t\t\t\t\t<div class=\"e-con-inner\">\n\t\t\t\t<div class=\"elementor-element elementor-element-3192edd elementor-widget elementor-widget-text-editor\" data-id=\"3192edd\" data-element_type=\"widget\" data-e-type=\"widget\" data-widget_type=\"text-editor.default\">\n\t\t\t\t<div class=\"elementor-widget-container\">\n\t\t\t\t\t\t\t\t\t<p>&#8220;Son parcours \u00e9tonnant nous montre que tout est possible. Alors qu\u00b4il travaillait dans la publicit\u00e9, la lassitude et le burn-out le gagnent et il est pris par un d\u00e9sir profond de travailler de ses mains. Un v\u00e9ritable appel aux m\u00e9tiers du bois le guide petit \u00e0 petit vers l\u00b4excellence. Aujourd\u00b4hui \u00e9b\u00e9niste, il dirige un atelier et explore ses talents cr\u00e9atifs pour mettre \u00e0 jour diff\u00e9rents objets ou meubles profanes ou sacr\u00e9s. C\u00b4est dans son atelier situ\u00e9 dans la vall\u00e9e de la Chevreuse que ce passionn\u00e9 nous conte son parcours intimement li\u00e9 \u00e0 son chemin spirituel.&#8221;<\/p><p>Portrait d&#8217;artiste du 06\/06\/2017.<\/p>\t\t\t\t\t\t\t\t<\/div>\n\t\t\t\t<\/div>\n\t\t\t\t\t<\/div>\n\t\t\t\t<\/div>\n\t\t<div class=\"elementor-element elementor-element-34014b1 e-flex e-con-boxed wpr-particle-no wpr-jarallax-no wpr-parallax-no wpr-sticky-section-no wpr-equal-height-no e-con e-parent\" data-id=\"34014b1\" data-element_type=\"container\" data-e-type=\"container\">\n\t\t\t\t\t<div class=\"e-con-inner\">\n\t\t\t\t<div class=\"elementor-element elementor-element-d382332 elementor-widget elementor-widget-video\" data-id=\"d382332\" data-element_type=\"widget\" data-e-type=\"widget\" data-settings=\"{&quot;youtube_url&quot;:&quot;https:\\\/\\\/youtu.be\\\/h_azbunHweM&quot;,&quot;video_type&quot;:&quot;youtube&quot;,&quot;controls&quot;:&quot;yes&quot;}\" data-widget_type=\"video.default\">\n\t\t\t\t<div class=\"elementor-widget-container\">\n\t\t\t\t\t\t\t<div class=\"elementor-wrapper elementor-open-inline\">\n\t\t\t<div class=\"elementor-video\"><\/div>\t\t<\/div>\n\t\t\t\t\t\t<\/div>\n\t\t\t\t<\/div>\n\t\t\t\t\t<\/div>\n\t\t\t\t<\/div>\n\t\t\t\t<\/div>\n\t\t","protected":false},"excerpt":{"rendered":"<p>&#8220;Son parcours \u00e9tonnant nous montre que tout est possible. Alors qu\u00b4il travaillait dans la publicit\u00e9, la lassitude et le burn-out le gagnent et il est pris par un d\u00e9sir profond de travailler de ses mains. Un v\u00e9ritable appel aux m\u00e9tiers du bois le guide petit \u00e0 petit vers l\u00b4excellence. Aujourd\u00b4hui<\/p>\n","protected":false},"author":3,"featured_media":7293,"comment_status":"open","ping_status":"open","sticky":false,"template":"","format":"standard","meta":{"_jetpack_memberships_contains_paid_content":false,"footnotes":""},"categories":[107,95],"tags":[],"class_list":["post-8324","post","type-post","status-publish","format-standard","has-post-thumbnail","hentry","category-art-sacre","category-presse"],"jetpack_featured_media_url":"https:\/\/www.aucoeurdelamain.fr\/wp-content\/uploads\/2018\/05\/ecran-KTO-Chantier-2016.jpg","jetpack_sharing_enabled":true,"_links":{"self":[{"href":"https:\/\/www.aucoeurdelamain.fr\/index.php\/wp-json\/wp\/v2\/posts\/8324","targetHints":{"allow":["GET"]}}],"collection":[{"href":"https:\/\/www.aucoeurdelamain.fr\/index.php\/wp-json\/wp\/v2\/posts"}],"about":[{"href":"https:\/\/www.aucoeurdelamain.fr\/index.php\/wp-json\/wp\/v2\/types\/post"}],"author":[{"embeddable":true,"href":"https:\/\/www.aucoeurdelamain.fr\/index.php\/wp-json\/wp\/v2\/users\/3"}],"replies":[{"embeddable":true,"href":"https:\/\/www.aucoeurdelamain.fr\/index.php\/wp-json\/wp\/v2\/comments?post=8324"}],"version-history":[{"count":4,"href":"https:\/\/www.aucoeurdelamain.fr\/index.php\/wp-json\/wp\/v2\/posts\/8324\/revisions"}],"predecessor-version":[{"id":8328,"href":"https:\/\/www.aucoeurdelamain.fr\/index.php\/wp-json\/wp\/v2\/posts\/8324\/revisions\/8328"}],"wp:featuredmedia":[{"embeddable":true,"href":"https:\/\/www.aucoeurdelamain.fr\/index.php\/wp-json\/wp\/v2\/media\/7293"}],"wp:attachment":[{"href":"https:\/\/www.aucoeurdelamain.fr\/index.php\/wp-json\/wp\/v2\/media?parent=8324"}],"wp:term":[{"taxonomy":"category","embeddable":true,"href":"https:\/\/www.aucoeurdelamain.fr\/index.php\/wp-json\/wp\/v2\/categories?post=8324"},{"taxonomy":"post_tag","embeddable":true,"href":"https:\/\/www.aucoeurdelamain.fr\/index.php\/wp-json\/wp\/v2\/tags?post=8324"}],"curies":[{"name":"wp","href":"https:\/\/api.w.org\/{rel}","templated":true}]}}