{"id":8319,"date":"2019-11-30T09:38:22","date_gmt":"2019-11-30T08:38:22","guid":{"rendered":"https:\/\/www.aucoeurdelamain.fr\/?p=8319"},"modified":"2025-04-29T09:40:25","modified_gmt":"2025-04-29T07:40:25","slug":"monseigneur-matthieu-rouge-a-dedicace-le-nouvel-autel-de-leglise-notre-dame-de-boulogne-chantiers-du-cardinal-30-novembre-2019","status":"publish","type":"post","link":"https:\/\/www.aucoeurdelamain.fr\/index.php\/2019\/11\/30\/monseigneur-matthieu-rouge-a-dedicace-le-nouvel-autel-de-leglise-notre-dame-de-boulogne-chantiers-du-cardinal-30-novembre-2019\/","title":{"rendered":"Monseigneur Matthieu Roug\u00e9 a d\u00e9dicac\u00e9 le nouvel autel de l&#8217;Eglise Notre-Dame de Boulogne, Chantiers du Cardinal (30 novembre 2019)"},"content":{"rendered":"\t\t<div data-elementor-type=\"wp-post\" data-elementor-id=\"8319\" class=\"elementor elementor-8319\">\n\t\t\t\t<div class=\"elementor-element elementor-element-3a2b179 e-flex e-con-boxed wpr-particle-no wpr-jarallax-no wpr-parallax-no wpr-sticky-section-no wpr-equal-height-no e-con e-parent\" data-id=\"3a2b179\" data-element_type=\"container\" data-e-type=\"container\">\n\t\t\t\t\t<div class=\"e-con-inner\">\n\t\t\t\t<div class=\"elementor-element elementor-element-f24efbe elementor-widget elementor-widget-text-editor\" data-id=\"f24efbe\" data-element_type=\"widget\" data-e-type=\"widget\" data-widget_type=\"text-editor.default\">\n\t\t\t\t<div class=\"elementor-widget-container\">\n\t\t\t\t\t\t\t\t\t<p>Plusieurs temps forts ont marqu\u00e9 la cons\u00e9cration de la Table en ce samedi 30 novembre 2019, par ailleurs Journ\u00e9e de qu\u00eate pour les Chantiers du Cardinal.<br \/>Entour\u00e9 de l\u2019ancien et du nouveau cur\u00e9 de la paroisse, l\u2019\u00e9v\u00eaque de Nanterre a invit\u00e9 Bruno de Maistre \u00e0 sceller la pierre d\u2019autel contenant les reliques de saint Bernard.<\/p><p><a href=\"https:\/\/www.chantiersducardinal.fr\/actualites-des-projets\/monseigneur-mathieu-rouge-a-dedicace-le-nouvel-autel-de-leglise-notre-dame.html\">https:\/\/www.chantiersducardinal.fr\/actualites-des-projets\/monseigneur-mathieu-rouge-a-dedicace-le-nouvel-autel-de-leglise-notre-dame.html<\/a><\/p>\t\t\t\t\t\t\t\t<\/div>\n\t\t\t\t<\/div>\n\t\t\t\t\t<\/div>\n\t\t\t\t<\/div>\n\t\t<div class=\"elementor-element elementor-element-4345e22 e-flex e-con-boxed wpr-particle-no wpr-jarallax-no wpr-parallax-no wpr-sticky-section-no wpr-equal-height-no e-con e-parent\" data-id=\"4345e22\" data-element_type=\"container\" data-e-type=\"container\">\n\t\t\t\t\t<div class=\"e-con-inner\">\n\t\t\t\t<div class=\"elementor-element elementor-element-919a19b elementor-widget elementor-widget-mkdf_image_gallery\" data-id=\"919a19b\" data-element_type=\"widget\" data-e-type=\"widget\" data-widget_type=\"mkdf_image_gallery.default\">\n\t\t\t\t<div class=\"elementor-widget-container\">\n\t\t\t\t\t<div class=\"mkdf-image-gallery mkdf-grid-list mkdf-disable-bottom-space  mkdf-ig-grid-type mkdf-three-columns mkdf-normal-space  \">\n\t<div class=\"mkdf-ig-inner mkdf-outer-space\">\n\t\t\t\t\t<div class=\"mkdf-ig-image mkdf-item-space\">\n\t\t\t\t<div class=\"mkdf-ig-image-inner\">\n\t\t\t\t\t\t\t\t\t\t\t<img fetchpriority=\"high\" decoding=\"async\" width=\"2560\" height=\"2336\" src=\"https:\/\/www.aucoeurdelamain.fr\/wp-content\/uploads\/2019\/12\/DSC_3203-v2-scaled-2.jpg\" class=\"attachment-full size-full\" alt=\"\" srcset=\"https:\/\/www.aucoeurdelamain.fr\/wp-content\/uploads\/2019\/12\/DSC_3203-v2-scaled-2.jpg 2560w, https:\/\/www.aucoeurdelamain.fr\/wp-content\/uploads\/2019\/12\/DSC_3203-v2-scaled-2-300x274.jpg 300w, https:\/\/www.aucoeurdelamain.fr\/wp-content\/uploads\/2019\/12\/DSC_3203-v2-scaled-2-1024x934.jpg 1024w, https:\/\/www.aucoeurdelamain.fr\/wp-content\/uploads\/2019\/12\/DSC_3203-v2-scaled-2-768x701.jpg 768w, https:\/\/www.aucoeurdelamain.fr\/wp-content\/uploads\/2019\/12\/DSC_3203-v2-scaled-2-1536x1402.jpg 1536w, https:\/\/www.aucoeurdelamain.fr\/wp-content\/uploads\/2019\/12\/DSC_3203-v2-scaled-2-600x548.jpg 600w\" sizes=\"(max-width: 2560px) 100vw, 2560px\" \/>\t\t\t\t\t\t\t\t\t<\/div>\n\t\t\t<\/div>\n\t\t\t\t\t<div class=\"mkdf-ig-image mkdf-item-space\">\n\t\t\t\t<div class=\"mkdf-ig-image-inner\">\n\t\t\t\t\t\t\t\t\t\t\t<img decoding=\"async\" width=\"2534\" height=\"2560\" src=\"https:\/\/www.aucoeurdelamain.fr\/wp-content\/uploads\/2019\/12\/DSC_3192v2-scaled-1.jpg\" class=\"attachment-full size-full\" alt=\"\" srcset=\"https:\/\/www.aucoeurdelamain.fr\/wp-content\/uploads\/2019\/12\/DSC_3192v2-scaled-1.jpg 2534w, https:\/\/www.aucoeurdelamain.fr\/wp-content\/uploads\/2019\/12\/DSC_3192v2-scaled-1-297x300.jpg 297w, https:\/\/www.aucoeurdelamain.fr\/wp-content\/uploads\/2019\/12\/DSC_3192v2-scaled-1-1014x1024.jpg 1014w, https:\/\/www.aucoeurdelamain.fr\/wp-content\/uploads\/2019\/12\/DSC_3192v2-scaled-1-768x776.jpg 768w, https:\/\/www.aucoeurdelamain.fr\/wp-content\/uploads\/2019\/12\/DSC_3192v2-scaled-1-1520x1536.jpg 1520w, https:\/\/www.aucoeurdelamain.fr\/wp-content\/uploads\/2019\/12\/DSC_3192v2-scaled-1-600x606.jpg 600w, https:\/\/www.aucoeurdelamain.fr\/wp-content\/uploads\/2019\/12\/DSC_3192v2-scaled-1-100x100.jpg 100w\" sizes=\"(max-width: 2534px) 100vw, 2534px\" \/>\t\t\t\t\t\t\t\t\t<\/div>\n\t\t\t<\/div>\n\t\t\t\t\t<div class=\"mkdf-ig-image mkdf-item-space\">\n\t\t\t\t<div class=\"mkdf-ig-image-inner\">\n\t\t\t\t\t\t\t\t\t\t\t<img decoding=\"async\" width=\"2560\" height=\"1967\" src=\"https:\/\/www.aucoeurdelamain.fr\/wp-content\/uploads\/2019\/12\/DSC_3214-v2-scaled-1.jpg\" class=\"attachment-full size-full\" alt=\"\" srcset=\"https:\/\/www.aucoeurdelamain.fr\/wp-content\/uploads\/2019\/12\/DSC_3214-v2-scaled-1.jpg 2560w, https:\/\/www.aucoeurdelamain.fr\/wp-content\/uploads\/2019\/12\/DSC_3214-v2-scaled-1-300x231.jpg 300w, https:\/\/www.aucoeurdelamain.fr\/wp-content\/uploads\/2019\/12\/DSC_3214-v2-scaled-1-1024x787.jpg 1024w, https:\/\/www.aucoeurdelamain.fr\/wp-content\/uploads\/2019\/12\/DSC_3214-v2-scaled-1-768x590.jpg 768w, https:\/\/www.aucoeurdelamain.fr\/wp-content\/uploads\/2019\/12\/DSC_3214-v2-scaled-1-1536x1180.jpg 1536w, https:\/\/www.aucoeurdelamain.fr\/wp-content\/uploads\/2019\/12\/DSC_3214-v2-scaled-1-600x461.jpg 600w\" sizes=\"(max-width: 2560px) 100vw, 2560px\" \/>\t\t\t\t\t\t\t\t\t<\/div>\n\t\t\t<\/div>\n\t\t\t\t\t<div class=\"mkdf-ig-image mkdf-item-space\">\n\t\t\t\t<div class=\"mkdf-ig-image-inner\">\n\t\t\t\t\t\t\t\t\t\t\t<img loading=\"lazy\" decoding=\"async\" width=\"2560\" height=\"1920\" src=\"https:\/\/www.aucoeurdelamain.fr\/wp-content\/uploads\/2019\/12\/IMG_7901-scaled-2.jpg\" class=\"attachment-full size-full\" alt=\"\" srcset=\"https:\/\/www.aucoeurdelamain.fr\/wp-content\/uploads\/2019\/12\/IMG_7901-scaled-2.jpg 2560w, https:\/\/www.aucoeurdelamain.fr\/wp-content\/uploads\/2019\/12\/IMG_7901-scaled-2-300x225.jpg 300w, https:\/\/www.aucoeurdelamain.fr\/wp-content\/uploads\/2019\/12\/IMG_7901-scaled-2-1024x768.jpg 1024w, https:\/\/www.aucoeurdelamain.fr\/wp-content\/uploads\/2019\/12\/IMG_7901-scaled-2-768x576.jpg 768w, https:\/\/www.aucoeurdelamain.fr\/wp-content\/uploads\/2019\/12\/IMG_7901-scaled-2-1536x1152.jpg 1536w, https:\/\/www.aucoeurdelamain.fr\/wp-content\/uploads\/2019\/12\/IMG_7901-scaled-2-600x450.jpg 600w\" sizes=\"(max-width: 2560px) 100vw, 2560px\" \/>\t\t\t\t\t\t\t\t\t<\/div>\n\t\t\t<\/div>\n\t\t\t\t\t<div class=\"mkdf-ig-image mkdf-item-space\">\n\t\t\t\t<div class=\"mkdf-ig-image-inner\">\n\t\t\t\t\t\t\t\t\t\t\t<img loading=\"lazy\" decoding=\"async\" width=\"2560\" height=\"1920\" src=\"https:\/\/www.aucoeurdelamain.fr\/wp-content\/uploads\/2019\/12\/59533099560__B489F9F4-E744-46E8-AA40-671F9487732F-scaled-2.jpg\" class=\"attachment-full size-full\" alt=\"\" srcset=\"https:\/\/www.aucoeurdelamain.fr\/wp-content\/uploads\/2019\/12\/59533099560__B489F9F4-E744-46E8-AA40-671F9487732F-scaled-2.jpg 2560w, https:\/\/www.aucoeurdelamain.fr\/wp-content\/uploads\/2019\/12\/59533099560__B489F9F4-E744-46E8-AA40-671F9487732F-scaled-2-300x225.jpg 300w, https:\/\/www.aucoeurdelamain.fr\/wp-content\/uploads\/2019\/12\/59533099560__B489F9F4-E744-46E8-AA40-671F9487732F-scaled-2-1024x768.jpg 1024w, https:\/\/www.aucoeurdelamain.fr\/wp-content\/uploads\/2019\/12\/59533099560__B489F9F4-E744-46E8-AA40-671F9487732F-scaled-2-768x576.jpg 768w, https:\/\/www.aucoeurdelamain.fr\/wp-content\/uploads\/2019\/12\/59533099560__B489F9F4-E744-46E8-AA40-671F9487732F-scaled-2-1536x1152.jpg 1536w, https:\/\/www.aucoeurdelamain.fr\/wp-content\/uploads\/2019\/12\/59533099560__B489F9F4-E744-46E8-AA40-671F9487732F-scaled-2-600x450.jpg 600w\" sizes=\"(max-width: 2560px) 100vw, 2560px\" \/>\t\t\t\t\t\t\t\t\t<\/div>\n\t\t\t<\/div>\n\t\t\t\t\t<div class=\"mkdf-ig-image mkdf-item-space\">\n\t\t\t\t<div class=\"mkdf-ig-image-inner\">\n\t\t\t\t\t\t\t\t\t\t\t<img loading=\"lazy\" decoding=\"async\" width=\"1024\" height=\"769\" src=\"https:\/\/www.aucoeurdelamain.fr\/wp-content\/uploads\/2019\/12\/97e43f94-3511-4a08-b445-375a2a1824e5.jpg\" class=\"attachment-full size-full\" alt=\"\" srcset=\"https:\/\/www.aucoeurdelamain.fr\/wp-content\/uploads\/2019\/12\/97e43f94-3511-4a08-b445-375a2a1824e5.jpg 1024w, https:\/\/www.aucoeurdelamain.fr\/wp-content\/uploads\/2019\/12\/97e43f94-3511-4a08-b445-375a2a1824e5-300x225.jpg 300w, https:\/\/www.aucoeurdelamain.fr\/wp-content\/uploads\/2019\/12\/97e43f94-3511-4a08-b445-375a2a1824e5-768x577.jpg 768w, https:\/\/www.aucoeurdelamain.fr\/wp-content\/uploads\/2019\/12\/97e43f94-3511-4a08-b445-375a2a1824e5-600x451.jpg 600w\" sizes=\"(max-width: 1024px) 100vw, 1024px\" \/>\t\t\t\t\t\t\t\t\t<\/div>\n\t\t\t<\/div>\n\t\t\t\t\t<div class=\"mkdf-ig-image mkdf-item-space\">\n\t\t\t\t<div class=\"mkdf-ig-image-inner\">\n\t\t\t\t\t\t\t\t\t\t\t<img loading=\"lazy\" decoding=\"async\" width=\"1900\" height=\"1268\" src=\"https:\/\/www.aucoeurdelamain.fr\/wp-content\/uploads\/2019\/11\/NDB-BD-3-sur-15.jpg\" class=\"attachment-full size-full\" alt=\"\" srcset=\"https:\/\/www.aucoeurdelamain.fr\/wp-content\/uploads\/2019\/11\/NDB-BD-3-sur-15.jpg 1900w, https:\/\/www.aucoeurdelamain.fr\/wp-content\/uploads\/2019\/11\/NDB-BD-3-sur-15-300x200.jpg 300w, https:\/\/www.aucoeurdelamain.fr\/wp-content\/uploads\/2019\/11\/NDB-BD-3-sur-15-1024x683.jpg 1024w, https:\/\/www.aucoeurdelamain.fr\/wp-content\/uploads\/2019\/11\/NDB-BD-3-sur-15-768x513.jpg 768w, https:\/\/www.aucoeurdelamain.fr\/wp-content\/uploads\/2019\/11\/NDB-BD-3-sur-15-1536x1025.jpg 1536w, https:\/\/www.aucoeurdelamain.fr\/wp-content\/uploads\/2019\/11\/NDB-BD-3-sur-15-500x334.jpg 500w, https:\/\/www.aucoeurdelamain.fr\/wp-content\/uploads\/2019\/11\/NDB-BD-3-sur-15-800x534.jpg 800w, https:\/\/www.aucoeurdelamain.fr\/wp-content\/uploads\/2019\/11\/NDB-BD-3-sur-15-1280x854.jpg 1280w, https:\/\/www.aucoeurdelamain.fr\/wp-content\/uploads\/2019\/11\/NDB-BD-3-sur-15-600x400.jpg 600w\" sizes=\"(max-width: 1900px) 100vw, 1900px\" \/>\t\t\t\t\t\t\t\t\t<\/div>\n\t\t\t<\/div>\n\t\t\t<\/div>\n<\/div>\t\t\t\t<\/div>\n\t\t\t\t<\/div>\n\t\t\t\t\t<\/div>\n\t\t\t\t<\/div>\n\t\t\t\t<\/div>\n\t\t","protected":false},"excerpt":{"rendered":"<p>Plusieurs temps forts ont marqu\u00e9 la cons\u00e9cration de la Table en ce samedi 30 novembre 2019, par ailleurs Journ\u00e9e de qu\u00eate pour les Chantiers du Cardinal.Entour\u00e9 de l\u2019ancien et du nouveau cur\u00e9 de la paroisse, l\u2019\u00e9v\u00eaque de Nanterre a invit\u00e9 Bruno de Maistre \u00e0 sceller la pierre d\u2019autel contenant les<\/p>\n","protected":false},"author":3,"featured_media":2875,"comment_status":"open","ping_status":"open","sticky":false,"template":"","format":"standard","meta":{"_jetpack_memberships_contains_paid_content":false,"footnotes":""},"categories":[107],"tags":[],"class_list":["post-8319","post","type-post","status-publish","format-standard","has-post-thumbnail","hentry","category-art-sacre"],"jetpack_featured_media_url":"https:\/\/www.aucoeurdelamain.fr\/wp-content\/uploads\/2019\/12\/DSC_3214-v2-scaled-1.jpg","jetpack_sharing_enabled":true,"_links":{"self":[{"href":"https:\/\/www.aucoeurdelamain.fr\/index.php\/wp-json\/wp\/v2\/posts\/8319","targetHints":{"allow":["GET"]}}],"collection":[{"href":"https:\/\/www.aucoeurdelamain.fr\/index.php\/wp-json\/wp\/v2\/posts"}],"about":[{"href":"https:\/\/www.aucoeurdelamain.fr\/index.php\/wp-json\/wp\/v2\/types\/post"}],"author":[{"embeddable":true,"href":"https:\/\/www.aucoeurdelamain.fr\/index.php\/wp-json\/wp\/v2\/users\/3"}],"replies":[{"embeddable":true,"href":"https:\/\/www.aucoeurdelamain.fr\/index.php\/wp-json\/wp\/v2\/comments?post=8319"}],"version-history":[{"count":4,"href":"https:\/\/www.aucoeurdelamain.fr\/index.php\/wp-json\/wp\/v2\/posts\/8319\/revisions"}],"predecessor-version":[{"id":8323,"href":"https:\/\/www.aucoeurdelamain.fr\/index.php\/wp-json\/wp\/v2\/posts\/8319\/revisions\/8323"}],"wp:featuredmedia":[{"embeddable":true,"href":"https:\/\/www.aucoeurdelamain.fr\/index.php\/wp-json\/wp\/v2\/media\/2875"}],"wp:attachment":[{"href":"https:\/\/www.aucoeurdelamain.fr\/index.php\/wp-json\/wp\/v2\/media?parent=8319"}],"wp:term":[{"taxonomy":"category","embeddable":true,"href":"https:\/\/www.aucoeurdelamain.fr\/index.php\/wp-json\/wp\/v2\/categories?post=8319"},{"taxonomy":"post_tag","embeddable":true,"href":"https:\/\/www.aucoeurdelamain.fr\/index.php\/wp-json\/wp\/v2\/tags?post=8319"}],"curies":[{"name":"wp","href":"https:\/\/api.w.org\/{rel}","templated":true}]}}