{"id":8314,"date":"2022-05-18T09:35:53","date_gmt":"2022-05-18T07:35:53","guid":{"rendered":"https:\/\/www.aucoeurdelamain.fr\/?p=8314"},"modified":"2025-04-29T09:37:26","modified_gmt":"2025-04-29T07:37:26","slug":"les-ateliers-bdm-darimathie-presents-au-salon-revelations-biennale-internationale-des-metiers-dart-grand-palais-ephemere-juin-2022","status":"publish","type":"post","link":"https:\/\/www.aucoeurdelamain.fr\/index.php\/2022\/05\/18\/les-ateliers-bdm-darimathie-presents-au-salon-revelations-biennale-internationale-des-metiers-dart-grand-palais-ephemere-juin-2022\/","title":{"rendered":"Les Ateliers BdM-d&#8217;Arimathie pr\u00e9sents au salon REVELATIONS, Biennale Internationale des M\u00e9tiers d&#8217;Art, Grand Palais Eph\u00e9m\u00e8re, Juin 2022"},"content":{"rendered":"\t\t<div data-elementor-type=\"wp-post\" data-elementor-id=\"8314\" class=\"elementor elementor-8314\">\n\t\t\t\t<div class=\"elementor-element elementor-element-052642a e-flex e-con-boxed wpr-particle-no wpr-jarallax-no wpr-parallax-no wpr-sticky-section-no wpr-equal-height-no e-con e-parent\" data-id=\"052642a\" data-element_type=\"container\" data-e-type=\"container\">\n\t\t\t\t\t<div class=\"e-con-inner\">\n\t\t\t\t<div class=\"elementor-element elementor-element-c5f5bbb elementor-widget elementor-widget-text-editor\" data-id=\"c5f5bbb\" data-element_type=\"widget\" data-e-type=\"widget\" data-widget_type=\"text-editor.default\">\n\t\t\t\t<div class=\"elementor-widget-container\">\n\t\t\t\t\t\t\t\t\t<p>Les Ateliers BdM d&#8217;Arimathie sont tr\u00e8s heureux de vous retrouver bient\u00f4t au Salon R\u00e9v\u00e9lations &#8211; Biennale Internationale M\u00e9tiers d\u2019Art et Cr\u00e9ation sur deux stand cette fois-ci :<br \/>&#8211; stand D2\u2728\u2728<br \/>&#8211; mais \u00e9galement sur le stand F25, un cr\u00e9ation BdM ayant \u00e9t\u00e9 s\u00e9lectionn\u00e9e par la maison PIASA en vue de la vente aux ench\u00e8res\u00a0 d&#8217;une Lampe Envol qui aura lieu vendredi 10 juin 2022 \u00e0 17h.<br \/>Nous avons h\u00e2te de vous retrouver et de nous voir enfin en vrai pour beaucoup !<\/p><p>Merci \u00e0 tous les organisateurs de nous permettre de nous revoir cette ann\u00e9e pour nous soutenir, nous encourager et partager sur nos m\u00e9tiers de passion !<br \/>www.bdm.paris<\/p><p>#creation #passion #harmonie #excellence #ebenisteriedart<\/p><p>Cette 5e \u00e9dition de @salonrevelations est le rendez-vous international du monde de la cr\u00e9ation contemporaine et se tiendra du 9 au 12 juin 2022 au Grand Palais Eph\u00e9m\u00e8re<br \/>sur le Champ de Mars, avec l\u2019Afrique comme continent \u00e0 l\u2019honneur.<\/p><p>Tous les deux ans, R\u00e9v\u00e9lations est le rendez-vous incontournable qui c\u00e9l\u00e8bre la cr\u00e9ation fran\u00e7aise et internationale. Pens\u00e9 et cr\u00e9\u00e9 par @ateliersdart , syndicat professionnel repr\u00e9sentant les 281 m\u00e9tiers d&#8217;art fran\u00e7ais, la biennale est le rendez-vous \u00e9conomique majeur du secteur. Lieu d&#8217;\u00e9changes foisonnants, R\u00e9v\u00e9lations rassemble les professionnels du march\u00e9 de la cr\u00e9ation et les amateurs d&#8217;artisanat d&#8217;art autour d&#8217;\u0153uvres in\u00e9dites et de savoir-faire exceptionnels.<\/p><p>Informations Pratiques :<br \/>Grand Palais Eph\u00e9m\u00e8re, du mercredi 8 au dimanche 12 juin 2022.<br \/>Jeudi 9 &gt; samedi 11 juin : 10h &#8211; 20h et dimanche 12 juin : 10h &#8211; 19h.<br \/>Le mercredi 8 est r\u00e9serv\u00e9 aux professionnels &#8211; prescripteurs.<\/p><p>www.revelations-grandpalais.com<\/p><p>#salonR\u00e9v\u00e9lations #atelierbdm #ateliersdartdefrance #ateliersdart #ebeniste #wood #pieceunique #metiersdart #finecraft #savoirfaire #cr\u00e9ation<br \/>#art #grandpalais\u00e9phemere #bois #mobilier #architectureinterieure #interiordecoration #furniture #wood #workinprogress #woodworking<br \/>#woodartist #homofaber #mobiliernational @cmafrance @cma_idf @inmaofficiel @ateliersdart @salonrevelations @piasa_auction<br \/>@daphneboutique_bdm @andyjeansond @jish_deli @alice.zmrn<\/p>\t\t\t\t\t\t\t\t<\/div>\n\t\t\t\t<\/div>\n\t\t\t\t\t<\/div>\n\t\t\t\t<\/div>\n\t\t<div class=\"elementor-element elementor-element-bb19980 e-flex e-con-boxed wpr-particle-no wpr-jarallax-no wpr-parallax-no wpr-sticky-section-no wpr-equal-height-no e-con e-parent\" data-id=\"bb19980\" data-element_type=\"container\" data-e-type=\"container\">\n\t\t\t\t\t<div class=\"e-con-inner\">\n\t\t\t\t<div class=\"elementor-element elementor-element-ae7ca76 elementor-widget elementor-widget-mkdf_image_gallery\" data-id=\"ae7ca76\" data-element_type=\"widget\" data-e-type=\"widget\" data-widget_type=\"mkdf_image_gallery.default\">\n\t\t\t\t<div class=\"elementor-widget-container\">\n\t\t\t\t\t<div class=\"mkdf-image-gallery mkdf-grid-list mkdf-disable-bottom-space  mkdf-ig-grid-type mkdf-three-columns mkdf-normal-space  \">\n\t<div class=\"mkdf-ig-inner mkdf-outer-space\">\n\t\t\t\t\t<div class=\"mkdf-ig-image mkdf-item-space\">\n\t\t\t\t<div class=\"mkdf-ig-image-inner\">\n\t\t\t\t\t\t\t\t\t\t\t<img fetchpriority=\"high\" decoding=\"async\" width=\"799\" height=\"799\" src=\"https:\/\/www.aucoeurdelamain.fr\/wp-content\/uploads\/2022\/05\/3F436EF8-F4D8-49E4-A484-666E96FE6B5C-1.jpg\" class=\"attachment-full size-full\" alt=\"\" srcset=\"https:\/\/www.aucoeurdelamain.fr\/wp-content\/uploads\/2022\/05\/3F436EF8-F4D8-49E4-A484-666E96FE6B5C-1.jpg 799w, https:\/\/www.aucoeurdelamain.fr\/wp-content\/uploads\/2022\/05\/3F436EF8-F4D8-49E4-A484-666E96FE6B5C-1-300x300.jpg 300w, https:\/\/www.aucoeurdelamain.fr\/wp-content\/uploads\/2022\/05\/3F436EF8-F4D8-49E4-A484-666E96FE6B5C-1-150x150.jpg 150w, https:\/\/www.aucoeurdelamain.fr\/wp-content\/uploads\/2022\/05\/3F436EF8-F4D8-49E4-A484-666E96FE6B5C-1-768x768.jpg 768w, https:\/\/www.aucoeurdelamain.fr\/wp-content\/uploads\/2022\/05\/3F436EF8-F4D8-49E4-A484-666E96FE6B5C-1-500x500.jpg 500w, https:\/\/www.aucoeurdelamain.fr\/wp-content\/uploads\/2022\/05\/3F436EF8-F4D8-49E4-A484-666E96FE6B5C-1-650x650.jpg 650w, https:\/\/www.aucoeurdelamain.fr\/wp-content\/uploads\/2022\/05\/3F436EF8-F4D8-49E4-A484-666E96FE6B5C-1-450x450.jpg 450w, https:\/\/www.aucoeurdelamain.fr\/wp-content\/uploads\/2022\/05\/3F436EF8-F4D8-49E4-A484-666E96FE6B5C-1-600x600.jpg 600w, https:\/\/www.aucoeurdelamain.fr\/wp-content\/uploads\/2022\/05\/3F436EF8-F4D8-49E4-A484-666E96FE6B5C-1-100x100.jpg 100w\" sizes=\"(max-width: 799px) 100vw, 799px\" \/>\t\t\t\t\t\t\t\t\t<\/div>\n\t\t\t<\/div>\n\t\t\t\t\t<div class=\"mkdf-ig-image mkdf-item-space\">\n\t\t\t\t<div class=\"mkdf-ig-image-inner\">\n\t\t\t\t\t\t\t\t\t\t\t<img decoding=\"async\" width=\"1704\" height=\"2560\" src=\"https:\/\/www.aucoeurdelamain.fr\/wp-content\/uploads\/2022\/05\/IMG_3463-scaled-1.jpg\" class=\"attachment-full size-full\" alt=\"\" srcset=\"https:\/\/www.aucoeurdelamain.fr\/wp-content\/uploads\/2022\/05\/IMG_3463-scaled-1.jpg 1704w, https:\/\/www.aucoeurdelamain.fr\/wp-content\/uploads\/2022\/05\/IMG_3463-scaled-1-200x300.jpg 200w, https:\/\/www.aucoeurdelamain.fr\/wp-content\/uploads\/2022\/05\/IMG_3463-scaled-1-682x1024.jpg 682w, https:\/\/www.aucoeurdelamain.fr\/wp-content\/uploads\/2022\/05\/IMG_3463-scaled-1-768x1154.jpg 768w, https:\/\/www.aucoeurdelamain.fr\/wp-content\/uploads\/2022\/05\/IMG_3463-scaled-1-1022x1536.jpg 1022w, https:\/\/www.aucoeurdelamain.fr\/wp-content\/uploads\/2022\/05\/IMG_3463-scaled-1-1363x2048.jpg 1363w, https:\/\/www.aucoeurdelamain.fr\/wp-content\/uploads\/2022\/05\/IMG_3463-scaled-1-600x901.jpg 600w\" sizes=\"(max-width: 1704px) 100vw, 1704px\" \/>\t\t\t\t\t\t\t\t\t<\/div>\n\t\t\t<\/div>\n\t\t\t\t\t<div class=\"mkdf-ig-image mkdf-item-space\">\n\t\t\t\t<div class=\"mkdf-ig-image-inner\">\n\t\t\t\t\t\t\t\t\t\t\t<img decoding=\"async\" width=\"1920\" height=\"2560\" src=\"https:\/\/www.aucoeurdelamain.fr\/wp-content\/uploads\/2022\/05\/IMG_3452-scaled-2.jpg\" class=\"attachment-full size-full\" alt=\"\" srcset=\"https:\/\/www.aucoeurdelamain.fr\/wp-content\/uploads\/2022\/05\/IMG_3452-scaled-2.jpg 1920w, https:\/\/www.aucoeurdelamain.fr\/wp-content\/uploads\/2022\/05\/IMG_3452-scaled-2-225x300.jpg 225w, https:\/\/www.aucoeurdelamain.fr\/wp-content\/uploads\/2022\/05\/IMG_3452-scaled-2-768x1024.jpg 768w, https:\/\/www.aucoeurdelamain.fr\/wp-content\/uploads\/2022\/05\/IMG_3452-scaled-2-1152x1536.jpg 1152w, https:\/\/www.aucoeurdelamain.fr\/wp-content\/uploads\/2022\/05\/IMG_3452-scaled-2-1536x2048.jpg 1536w, https:\/\/www.aucoeurdelamain.fr\/wp-content\/uploads\/2022\/05\/IMG_3452-scaled-2-500x667.jpg 500w, https:\/\/www.aucoeurdelamain.fr\/wp-content\/uploads\/2022\/05\/IMG_3452-scaled-2-800x1067.jpg 800w, https:\/\/www.aucoeurdelamain.fr\/wp-content\/uploads\/2022\/05\/IMG_3452-scaled-2-1280x1707.jpg 1280w, https:\/\/www.aucoeurdelamain.fr\/wp-content\/uploads\/2022\/05\/IMG_3452-scaled-2-600x800.jpg 600w\" sizes=\"(max-width: 1920px) 100vw, 1920px\" \/>\t\t\t\t\t\t\t\t\t<\/div>\n\t\t\t<\/div>\n\t\t\t\t\t<div class=\"mkdf-ig-image mkdf-item-space\">\n\t\t\t\t<div class=\"mkdf-ig-image-inner\">\n\t\t\t\t\t\t\t\t\t\t\t<img loading=\"lazy\" decoding=\"async\" width=\"2100\" height=\"1575\" src=\"https:\/\/www.aucoeurdelamain.fr\/wp-content\/uploads\/2022\/05\/DSCF6975-1.jpg\" class=\"attachment-full size-full\" alt=\"\" srcset=\"https:\/\/www.aucoeurdelamain.fr\/wp-content\/uploads\/2022\/05\/DSCF6975-1.jpg 2100w, https:\/\/www.aucoeurdelamain.fr\/wp-content\/uploads\/2022\/05\/DSCF6975-1-300x225.jpg 300w, https:\/\/www.aucoeurdelamain.fr\/wp-content\/uploads\/2022\/05\/DSCF6975-1-1024x768.jpg 1024w, https:\/\/www.aucoeurdelamain.fr\/wp-content\/uploads\/2022\/05\/DSCF6975-1-768x576.jpg 768w, https:\/\/www.aucoeurdelamain.fr\/wp-content\/uploads\/2022\/05\/DSCF6975-1-1536x1152.jpg 1536w, https:\/\/www.aucoeurdelamain.fr\/wp-content\/uploads\/2022\/05\/DSCF6975-1-500x375.jpg 500w, https:\/\/www.aucoeurdelamain.fr\/wp-content\/uploads\/2022\/05\/DSCF6975-1-800x600.jpg 800w, https:\/\/www.aucoeurdelamain.fr\/wp-content\/uploads\/2022\/05\/DSCF6975-1-1280x960.jpg 1280w, https:\/\/www.aucoeurdelamain.fr\/wp-content\/uploads\/2022\/05\/DSCF6975-1-1920x1440.jpg 1920w, https:\/\/www.aucoeurdelamain.fr\/wp-content\/uploads\/2022\/05\/DSCF6975-1-600x450.jpg 600w\" sizes=\"(max-width: 2100px) 100vw, 2100px\" \/>\t\t\t\t\t\t\t\t\t<\/div>\n\t\t\t<\/div>\n\t\t\t\t\t<div class=\"mkdf-ig-image mkdf-item-space\">\n\t\t\t\t<div class=\"mkdf-ig-image-inner\">\n\t\t\t\t\t\t\t\t\t\t\t<img loading=\"lazy\" decoding=\"async\" width=\"1920\" height=\"2560\" src=\"https:\/\/www.aucoeurdelamain.fr\/wp-content\/uploads\/2025\/04\/Copie-de-IMG-5814-1-scaled.jpg\" class=\"attachment-full size-full\" alt=\"\" srcset=\"https:\/\/www.aucoeurdelamain.fr\/wp-content\/uploads\/2025\/04\/Copie-de-IMG-5814-1-scaled.jpg 1920w, https:\/\/www.aucoeurdelamain.fr\/wp-content\/uploads\/2025\/04\/Copie-de-IMG-5814-1-225x300.jpg 225w, https:\/\/www.aucoeurdelamain.fr\/wp-content\/uploads\/2025\/04\/Copie-de-IMG-5814-1-768x1024.jpg 768w, https:\/\/www.aucoeurdelamain.fr\/wp-content\/uploads\/2025\/04\/Copie-de-IMG-5814-1-1152x1536.jpg 1152w, https:\/\/www.aucoeurdelamain.fr\/wp-content\/uploads\/2025\/04\/Copie-de-IMG-5814-1-1536x2048.jpg 1536w, https:\/\/www.aucoeurdelamain.fr\/wp-content\/uploads\/2025\/04\/Copie-de-IMG-5814-1-600x800.jpg 600w\" sizes=\"(max-width: 1920px) 100vw, 1920px\" \/>\t\t\t\t\t\t\t\t\t<\/div>\n\t\t\t<\/div>\n\t\t\t\t\t<div class=\"mkdf-ig-image mkdf-item-space\">\n\t\t\t\t<div class=\"mkdf-ig-image-inner\">\n\t\t\t\t\t\t\t\t\t\t\t<img loading=\"lazy\" decoding=\"async\" width=\"720\" height=\"960\" src=\"https:\/\/www.aucoeurdelamain.fr\/wp-content\/uploads\/2025\/04\/Copie-de-Bureau-Lyrique-5.jpg\" class=\"attachment-full size-full\" alt=\"\" srcset=\"https:\/\/www.aucoeurdelamain.fr\/wp-content\/uploads\/2025\/04\/Copie-de-Bureau-Lyrique-5.jpg 720w, https:\/\/www.aucoeurdelamain.fr\/wp-content\/uploads\/2025\/04\/Copie-de-Bureau-Lyrique-5-225x300.jpg 225w, https:\/\/www.aucoeurdelamain.fr\/wp-content\/uploads\/2025\/04\/Copie-de-Bureau-Lyrique-5-600x800.jpg 600w\" sizes=\"(max-width: 720px) 100vw, 720px\" \/>\t\t\t\t\t\t\t\t\t<\/div>\n\t\t\t<\/div>\n\t\t\t<\/div>\n<\/div>\t\t\t\t<\/div>\n\t\t\t\t<\/div>\n\t\t\t\t\t<\/div>\n\t\t\t\t<\/div>\n\t\t\t\t<\/div>\n\t\t","protected":false},"excerpt":{"rendered":"<p>Les Ateliers BdM d&#8217;Arimathie sont tr\u00e8s heureux de vous retrouver bient\u00f4t au Salon R\u00e9v\u00e9lations &#8211; Biennale Internationale M\u00e9tiers d\u2019Art et Cr\u00e9ation sur deux stand cette fois-ci :&#8211; stand D2\u2728\u2728&#8211; mais \u00e9galement sur le stand F25, un cr\u00e9ation BdM ayant \u00e9t\u00e9 s\u00e9lectionn\u00e9e par la maison PIASA en vue de la vente<\/p>\n","protected":false},"author":3,"featured_media":6683,"comment_status":"open","ping_status":"open","sticky":false,"template":"","format":"standard","meta":{"_jetpack_memberships_contains_paid_content":false,"footnotes":""},"categories":[107],"tags":[],"class_list":["post-8314","post","type-post","status-publish","format-standard","has-post-thumbnail","hentry","category-art-sacre"],"jetpack_featured_media_url":"https:\/\/www.aucoeurdelamain.fr\/wp-content\/uploads\/2025\/04\/Copie-de-IMG-5814-1-scaled.jpg","jetpack_sharing_enabled":true,"_links":{"self":[{"href":"https:\/\/www.aucoeurdelamain.fr\/index.php\/wp-json\/wp\/v2\/posts\/8314","targetHints":{"allow":["GET"]}}],"collection":[{"href":"https:\/\/www.aucoeurdelamain.fr\/index.php\/wp-json\/wp\/v2\/posts"}],"about":[{"href":"https:\/\/www.aucoeurdelamain.fr\/index.php\/wp-json\/wp\/v2\/types\/post"}],"author":[{"embeddable":true,"href":"https:\/\/www.aucoeurdelamain.fr\/index.php\/wp-json\/wp\/v2\/users\/3"}],"replies":[{"embeddable":true,"href":"https:\/\/www.aucoeurdelamain.fr\/index.php\/wp-json\/wp\/v2\/comments?post=8314"}],"version-history":[{"count":4,"href":"https:\/\/www.aucoeurdelamain.fr\/index.php\/wp-json\/wp\/v2\/posts\/8314\/revisions"}],"predecessor-version":[{"id":8318,"href":"https:\/\/www.aucoeurdelamain.fr\/index.php\/wp-json\/wp\/v2\/posts\/8314\/revisions\/8318"}],"wp:featuredmedia":[{"embeddable":true,"href":"https:\/\/www.aucoeurdelamain.fr\/index.php\/wp-json\/wp\/v2\/media\/6683"}],"wp:attachment":[{"href":"https:\/\/www.aucoeurdelamain.fr\/index.php\/wp-json\/wp\/v2\/media?parent=8314"}],"wp:term":[{"taxonomy":"category","embeddable":true,"href":"https:\/\/www.aucoeurdelamain.fr\/index.php\/wp-json\/wp\/v2\/categories?post=8314"},{"taxonomy":"post_tag","embeddable":true,"href":"https:\/\/www.aucoeurdelamain.fr\/index.php\/wp-json\/wp\/v2\/tags?post=8314"}],"curies":[{"name":"wp","href":"https:\/\/api.w.org\/{rel}","templated":true}]}}