{"id":8305,"date":"2021-04-02T09:31:09","date_gmt":"2021-04-02T07:31:09","guid":{"rendered":"https:\/\/www.aucoeurdelamain.fr\/?p=8305"},"modified":"2025-05-26T15:17:08","modified_gmt":"2025-05-26T13:17:08","slug":"le-travail-dans-la-pensee-sociale-chretienne-edc-avril-2021","status":"publish","type":"post","link":"https:\/\/www.aucoeurdelamain.fr\/index.php\/2021\/04\/02\/le-travail-dans-la-pensee-sociale-chretienne-edc-avril-2021\/","title":{"rendered":"Le travail dans la Pens\u00e9e sociale chr\u00e9tienne &#8211; EDC (Avril 2021)"},"content":{"rendered":"\t\t<div data-elementor-type=\"wp-post\" data-elementor-id=\"8305\" class=\"elementor elementor-8305\">\n\t\t\t\t<div class=\"elementor-element elementor-element-e1bf142 e-flex e-con-boxed wpr-particle-no wpr-jarallax-no wpr-parallax-no wpr-sticky-section-no wpr-equal-height-no e-con e-parent\" data-id=\"e1bf142\" data-element_type=\"container\" data-e-type=\"container\">\n\t\t\t\t\t<div class=\"e-con-inner\">\n\t\t\t\t<div class=\"elementor-element elementor-element-086bf53 elementor-widget elementor-widget-text-editor\" data-id=\"086bf53\" data-element_type=\"widget\" data-e-type=\"widget\" data-widget_type=\"text-editor.default\">\n\t\t\t\t<div class=\"elementor-widget-container\">\n\t\t\t\t\t\t\t\t\t<div dir=\"auto\">Merci aux<span style=\"font-family: Roboto, sans-serif;\"> Entrepreneurs et Dirigeants Chr\u00e9tiens &#8211; EDC <\/span>pour nos \u00e9changes et pour cette vid\u00e9o.<\/div><div dir=\"auto\">\u00a0<\/div><div dir=\"auto\">https:\/\/www.youtube.com\/watch?app=desktop&amp;v=TN-2rG_yLzw&amp;fbclid=IwAR0vJUdpcqY7NxY6vJJECzpU995I3ysTeP6POQzOiMotLZmMfsmbOLMWMEE<\/div><div dir=\"auto\">Bravo \u00e0 tous, \u00e0 <span style=\"font-family: Roboto, sans-serif;\">Philippe Royer<\/span>, pour ce mouvement qui rassemble 3 200 chefs d\u2019entreprises et dirigeants en France principalement et qui nous aide \u00e0 rechercher toujours davantage une unit\u00e9 int\u00e9rieure dans notre existence de d\u00e9cideur et de chr\u00e9tien. <span style=\"font-family: Roboto, sans-serif;\">\u00ab Chacun re\u00e7oit le don de manifester l\u2019Esprit en vue du bien de tous. \u00bb (1 Co 12,7)<\/span><\/div>\t\t\t\t\t\t\t\t<\/div>\n\t\t\t\t<\/div>\n\t\t\t\t\t<\/div>\n\t\t\t\t<\/div>\n\t\t<div class=\"elementor-element elementor-element-5c39f7f e-flex e-con-boxed wpr-particle-no wpr-jarallax-no wpr-parallax-no wpr-sticky-section-no wpr-equal-height-no e-con e-parent\" data-id=\"5c39f7f\" data-element_type=\"container\" data-e-type=\"container\">\n\t\t\t\t\t<div class=\"e-con-inner\">\n\t\t\t\t<div class=\"elementor-element elementor-element-0724b39 elementor-widget elementor-widget-mkdf_image_gallery\" data-id=\"0724b39\" data-element_type=\"widget\" data-e-type=\"widget\" data-widget_type=\"mkdf_image_gallery.default\">\n\t\t\t\t<div class=\"elementor-widget-container\">\n\t\t\t\t\t<div class=\"mkdf-image-gallery mkdf-grid-list mkdf-disable-bottom-space  mkdf-ig-grid-type mkdf-two-columns mkdf-normal-space  \">\n\t<div class=\"mkdf-ig-inner mkdf-outer-space\">\n\t\t\t\t\t<div class=\"mkdf-ig-image mkdf-item-space\">\n\t\t\t\t<div class=\"mkdf-ig-image-inner\">\n\t\t\t\t\t\t\t\t\t\t\t<img fetchpriority=\"high\" decoding=\"async\" width=\"678\" height=\"960\" src=\"https:\/\/www.aucoeurdelamain.fr\/wp-content\/uploads\/2025\/04\/161504864_10158012459834033_4977081777666412386_n.jpg\" class=\"attachment-full size-full\" alt=\"\" srcset=\"https:\/\/www.aucoeurdelamain.fr\/wp-content\/uploads\/2025\/04\/161504864_10158012459834033_4977081777666412386_n.jpg 678w, https:\/\/www.aucoeurdelamain.fr\/wp-content\/uploads\/2025\/04\/161504864_10158012459834033_4977081777666412386_n-212x300.jpg 212w, https:\/\/www.aucoeurdelamain.fr\/wp-content\/uploads\/2025\/04\/161504864_10158012459834033_4977081777666412386_n-500x708.jpg 500w, https:\/\/www.aucoeurdelamain.fr\/wp-content\/uploads\/2025\/04\/161504864_10158012459834033_4977081777666412386_n-600x850.jpg 600w\" sizes=\"(max-width: 678px) 100vw, 678px\" \/>\t\t\t\t\t\t\t\t\t<\/div>\n\t\t\t<\/div>\n\t\t\t<\/div>\n<\/div>\t\t\t\t<\/div>\n\t\t\t\t<\/div>\n\t\t\t\t\t<\/div>\n\t\t\t\t<\/div>\n\t\t\t\t<\/div>\n\t\t","protected":false},"excerpt":{"rendered":"<p>Merci aux Entrepreneurs et Dirigeants Chr\u00e9tiens &#8211; EDC pour nos \u00e9changes et pour cette vid\u00e9o.\u00a0https:\/\/www.youtube.com\/watch?app=desktop&amp;v=TN-2rG_yLzw&amp;fbclid=IwAR0vJUdpcqY7NxY6vJJECzpU995I3ysTeP6POQzOiMotLZmMfsmbOLMWMEEBravo \u00e0 tous, \u00e0 Philippe Royer, pour ce mouvement qui rassemble 3 200 chefs d\u2019entreprises et dirigeants en France principalement et qui nous aide \u00e0 rechercher toujours davantage une unit\u00e9 int\u00e9rieure dans notre existence de d\u00e9cideur<\/p>\n","protected":false},"author":3,"featured_media":1686,"comment_status":"open","ping_status":"open","sticky":false,"template":"","format":"standard","meta":{"_jetpack_memberships_contains_paid_content":false,"footnotes":""},"categories":[107,95],"tags":[],"class_list":["post-8305","post","type-post","status-publish","format-standard","has-post-thumbnail","hentry","category-art-sacre","category-presse"],"jetpack_featured_media_url":"https:\/\/www.aucoeurdelamain.fr\/wp-content\/uploads\/2021\/02\/IMG_3471-scaled-1.jpg","jetpack_sharing_enabled":true,"_links":{"self":[{"href":"https:\/\/www.aucoeurdelamain.fr\/index.php\/wp-json\/wp\/v2\/posts\/8305","targetHints":{"allow":["GET"]}}],"collection":[{"href":"https:\/\/www.aucoeurdelamain.fr\/index.php\/wp-json\/wp\/v2\/posts"}],"about":[{"href":"https:\/\/www.aucoeurdelamain.fr\/index.php\/wp-json\/wp\/v2\/types\/post"}],"author":[{"embeddable":true,"href":"https:\/\/www.aucoeurdelamain.fr\/index.php\/wp-json\/wp\/v2\/users\/3"}],"replies":[{"embeddable":true,"href":"https:\/\/www.aucoeurdelamain.fr\/index.php\/wp-json\/wp\/v2\/comments?post=8305"}],"version-history":[{"count":7,"href":"https:\/\/www.aucoeurdelamain.fr\/index.php\/wp-json\/wp\/v2\/posts\/8305\/revisions"}],"predecessor-version":[{"id":8313,"href":"https:\/\/www.aucoeurdelamain.fr\/index.php\/wp-json\/wp\/v2\/posts\/8305\/revisions\/8313"}],"wp:featuredmedia":[{"embeddable":true,"href":"https:\/\/www.aucoeurdelamain.fr\/index.php\/wp-json\/wp\/v2\/media\/1686"}],"wp:attachment":[{"href":"https:\/\/www.aucoeurdelamain.fr\/index.php\/wp-json\/wp\/v2\/media?parent=8305"}],"wp:term":[{"taxonomy":"category","embeddable":true,"href":"https:\/\/www.aucoeurdelamain.fr\/index.php\/wp-json\/wp\/v2\/categories?post=8305"},{"taxonomy":"post_tag","embeddable":true,"href":"https:\/\/www.aucoeurdelamain.fr\/index.php\/wp-json\/wp\/v2\/tags?post=8305"}],"curies":[{"name":"wp","href":"https:\/\/api.w.org\/{rel}","templated":true}]}}