{"id":8292,"date":"2023-04-18T09:25:17","date_gmt":"2023-04-18T07:25:17","guid":{"rendered":"https:\/\/www.aucoeurdelamain.fr\/?p=8292"},"modified":"2025-05-26T15:25:14","modified_gmt":"2025-05-26T13:25:14","slug":"journees-europeennes-des-metiers-dart-2023-sublimer-le-quotidien-avril-2023","status":"publish","type":"post","link":"https:\/\/www.aucoeurdelamain.fr\/index.php\/2023\/04\/18\/journees-europeennes-des-metiers-dart-2023-sublimer-le-quotidien-avril-2023\/","title":{"rendered":"Journ\u00e9es Europ\u00e9ennes des M\u00e9tiers d&#8217;Art 2023 : Sublimer le quotidien (avril 2023)"},"content":{"rendered":"\t\t<div data-elementor-type=\"wp-post\" data-elementor-id=\"8292\" class=\"elementor elementor-8292\">\n\t\t\t\t<div class=\"elementor-element elementor-element-af66de8 e-flex e-con-boxed wpr-particle-no wpr-jarallax-no wpr-parallax-no wpr-sticky-section-no wpr-equal-height-no e-con e-parent\" data-id=\"af66de8\" data-element_type=\"container\" data-e-type=\"container\">\n\t\t\t\t\t<div class=\"e-con-inner\">\n\t\t\t\t<div class=\"elementor-element elementor-element-0b2cdc6 elementor-widget elementor-widget-text-editor\" data-id=\"0b2cdc6\" data-element_type=\"widget\" data-e-type=\"widget\" data-widget_type=\"text-editor.default\">\n\t\t\t\t<div class=\"elementor-widget-container\">\n\t\t\t\t\t\t\t\t\t<p>C\u2019est le we de l\u2019ann\u00e9e o\u00f9 les visites sont possibles, nous avons \u00e9t\u00e9 ravis de vous retrouver, nombreux, plus de 200 !<\/p><p>Journ\u00e9es Europ\u00e9ennes des M\u00e9tiers d\u2019Art 2023 : Sublimer le quotidien.<\/p><p>Nous avons encore eu la joie cette ann\u00e9e d\u2019ouvrir nos portes dans le cadre des JEMA pour vous accueillir au sein des Ateliers BdM (78).<br \/>L&#8217;occasion \u00e9galement de rencontrer de nombreux autres artisans d\u2019art dans la Vall\u00e9e de Chevreuse.<\/p><p><em>&#8220;Venez d\u00e9couvrir notre univers, le m\u00e9tier d\u2019\u00e9b\u00e9nisterie d\u2019art au milieu de nos feuilles de placages de bois pr\u00e9cieux, notre mani\u00e8re de travailler, notre joie de collaborer en co-cr\u00e9ant avec d\u2019autres artisans d\u2019art pour permettre aux mati\u00e8res de se r\u00e9v\u00e9ler, combien la transmission de ce m\u00e9tier de passion &amp; la reconnexion \u00e0 soi-m\u00eame nous animent lors des immersions \u00ab Au coeur de la Main \u00bb que nous proposons aux entreprises et aux particuliers, notre philosophie de la s\u00e9rendipit\u00e9 : se laisser guider par les \u00e9v\u00e8nements, par les rencontres pour sublimer les cr\u00e9ations.<\/em><\/p><p><em>Nous vous pr\u00e9senterons aussi ce bureau lyrique en noyer de 2m accompagn\u00e9 de sa desserte lyrique juste avant qu\u2019ils ne rentrent dans les collections du Mobilier national. Merci Les Nouvelles pour ce bel article cette semaine qui revient sur ces moments de collaboration cr\u00e9ative au @Salon R\u00e9v\u00e9lations en juin dernier, autour des alliances de mati\u00e8res que nous pourrions imaginer pour cette pi\u00e8ce signature de la maison.&#8221;<\/em><\/p><p>Ces JEMA sont la plus grande manifestation internationale d\u00e9di\u00e9e aux m\u00e9tiers d\u2019art et invitent les artisans en France et en Europe \u00e0 faire d\u00e9couvrir leurs m\u00e9tiers d\u2019art et du patrimoine vivant. Rendez-vous du 27 mars au 2 avril 2023 pour cette 17\u00e8me \u00e9dition ! Merci encore Institut National des M\u00e9tiers d\u2019Art pour l\u2019organisation de celles-ci. A tr\u00e8s bient\u00f4t pour \u00ab Sublimer le quotidien \u00bb<\/p><p>www.BdM.paris, prototype et cr\u00e9ation de pi\u00e8ces uniques<br \/><a href=\"http:\/\/www.darimathie.fr\/\" target=\"_blank\" rel=\"noopener noreferrer\" data-saferedirecturl=\"https:\/\/www.google.com\/url?q=http:\/\/www.darimathie.fr&amp;source=gmail&amp;ust=1680192544147000&amp;usg=AOvVaw2Nt95w-PsSbskvwB7exOd9\">www.darimathie.fr<\/a>, cr\u00e9ation de vitraux, de mobilier liturgique, am\u00e9nagements d\u2019espaces au service du Sacr\u00e9,<br \/><a href=\"http:\/\/www.daphneboutique.fr\/\" target=\"_blank\" rel=\"noopener noreferrer\" data-saferedirecturl=\"https:\/\/www.google.com\/url?q=http:\/\/www.daphneboutique.fr&amp;source=gmail&amp;ust=1680192544147000&amp;usg=AOvVaw1TNF8xlzk3k2sNiBYc7LWX\">www.daphneboutique.fr<\/a>, immersions BdM &amp; boutique en ligne aux mille essences<\/p><p>Retrouvez toutes les informations pratiques<br \/><a href=\"https:\/\/openagenda.com\/journees-europeennes-des-metiers-dart-ile-de-france\/events\/decouverte-dun-atelier-debenisterie-dart-78\" target=\"_blank\" rel=\"noopener noreferrer\" data-saferedirecturl=\"https:\/\/www.google.com\/url?q=https:\/\/openagenda.com\/journees-europeennes-des-metiers-dart-ile-de-france\/events\/decouverte-dun-atelier-debenisterie-dart-78&amp;source=gmail&amp;ust=1680192544147000&amp;usg=AOvVaw0uBULWsG771WumdOlnHWXX\">https:\/\/openagenda.com\/journee<wbr \/>s-europeennes-des-metiers-<wbr \/>dart-ile-de-france\/events\/<wbr \/>decouverte-dun-atelier-debenis<wbr \/>terie-dart-78<\/a><\/p><p>Ateliers BdM \u2013 51 rue des vaux de Cernay<br \/>78 610 Auffargis<br \/>Samedi 1er avril : 10h \u2013 17h<br \/>Dimanche 2 avril : 11h \u2013 17h<\/p><p>#creation #mobilier #exception #courbes #harmonie #audace #excellence #ebenisterie #metiersdart #metiersrares #artisanatfrancais #mobiliernational #inma #sublimerlequotidien<\/p>\t\t\t\t\t\t\t\t<\/div>\n\t\t\t\t<\/div>\n\t\t\t\t\t<\/div>\n\t\t\t\t<\/div>\n\t\t<div class=\"elementor-element elementor-element-e80e346 e-flex e-con-boxed wpr-particle-no wpr-jarallax-no wpr-parallax-no wpr-sticky-section-no wpr-equal-height-no e-con e-parent\" data-id=\"e80e346\" data-element_type=\"container\" data-e-type=\"container\">\n\t\t\t\t\t<div class=\"e-con-inner\">\n\t\t\t\t<div class=\"elementor-element elementor-element-c69db7a elementor-widget elementor-widget-mkdf_image_gallery\" data-id=\"c69db7a\" data-element_type=\"widget\" data-e-type=\"widget\" data-widget_type=\"mkdf_image_gallery.default\">\n\t\t\t\t<div class=\"elementor-widget-container\">\n\t\t\t\t\t<div class=\"mkdf-image-gallery mkdf-grid-list mkdf-disable-bottom-space  mkdf-ig-grid-type mkdf-two-columns mkdf-normal-space  \">\n\t<div class=\"mkdf-ig-inner mkdf-outer-space\">\n\t\t\t\t\t<div class=\"mkdf-ig-image mkdf-item-space\">\n\t\t\t\t<div class=\"mkdf-ig-image-inner\">\n\t\t\t\t\t\t\t\t\t\t\t<img fetchpriority=\"high\" decoding=\"async\" width=\"2560\" height=\"1920\" src=\"https:\/\/www.aucoeurdelamain.fr\/wp-content\/uploads\/2025\/04\/IMG_2829-scaled-1.jpg\" class=\"attachment-full size-full\" alt=\"\" srcset=\"https:\/\/www.aucoeurdelamain.fr\/wp-content\/uploads\/2025\/04\/IMG_2829-scaled-1.jpg 2560w, https:\/\/www.aucoeurdelamain.fr\/wp-content\/uploads\/2025\/04\/IMG_2829-scaled-1-300x225.jpg 300w, https:\/\/www.aucoeurdelamain.fr\/wp-content\/uploads\/2025\/04\/IMG_2829-scaled-1-1024x768.jpg 1024w, https:\/\/www.aucoeurdelamain.fr\/wp-content\/uploads\/2025\/04\/IMG_2829-scaled-1-768x576.jpg 768w, https:\/\/www.aucoeurdelamain.fr\/wp-content\/uploads\/2025\/04\/IMG_2829-scaled-1-1536x1152.jpg 1536w, https:\/\/www.aucoeurdelamain.fr\/wp-content\/uploads\/2025\/04\/IMG_2829-scaled-1-500x375.jpg 500w, https:\/\/www.aucoeurdelamain.fr\/wp-content\/uploads\/2025\/04\/IMG_2829-scaled-1-800x600.jpg 800w, https:\/\/www.aucoeurdelamain.fr\/wp-content\/uploads\/2025\/04\/IMG_2829-scaled-1-1280x960.jpg 1280w, https:\/\/www.aucoeurdelamain.fr\/wp-content\/uploads\/2025\/04\/IMG_2829-scaled-1-1920x1440.jpg 1920w, https:\/\/www.aucoeurdelamain.fr\/wp-content\/uploads\/2025\/04\/IMG_2829-scaled-1-600x450.jpg 600w\" sizes=\"(max-width: 2560px) 100vw, 2560px\" \/>\t\t\t\t\t\t\t\t\t<\/div>\n\t\t\t<\/div>\n\t\t\t\t\t<div class=\"mkdf-ig-image mkdf-item-space\">\n\t\t\t\t<div class=\"mkdf-ig-image-inner\">\n\t\t\t\t\t\t\t\t\t\t\t<img decoding=\"async\" width=\"2560\" height=\"1920\" src=\"https:\/\/www.aucoeurdelamain.fr\/wp-content\/uploads\/2025\/04\/IMG_2840-scaled-1.jpg\" class=\"attachment-full size-full\" alt=\"\" srcset=\"https:\/\/www.aucoeurdelamain.fr\/wp-content\/uploads\/2025\/04\/IMG_2840-scaled-1.jpg 2560w, https:\/\/www.aucoeurdelamain.fr\/wp-content\/uploads\/2025\/04\/IMG_2840-scaled-1-300x225.jpg 300w, https:\/\/www.aucoeurdelamain.fr\/wp-content\/uploads\/2025\/04\/IMG_2840-scaled-1-1024x768.jpg 1024w, https:\/\/www.aucoeurdelamain.fr\/wp-content\/uploads\/2025\/04\/IMG_2840-scaled-1-768x576.jpg 768w, https:\/\/www.aucoeurdelamain.fr\/wp-content\/uploads\/2025\/04\/IMG_2840-scaled-1-1536x1152.jpg 1536w, https:\/\/www.aucoeurdelamain.fr\/wp-content\/uploads\/2025\/04\/IMG_2840-scaled-1-500x375.jpg 500w, https:\/\/www.aucoeurdelamain.fr\/wp-content\/uploads\/2025\/04\/IMG_2840-scaled-1-800x600.jpg 800w, https:\/\/www.aucoeurdelamain.fr\/wp-content\/uploads\/2025\/04\/IMG_2840-scaled-1-1280x960.jpg 1280w, https:\/\/www.aucoeurdelamain.fr\/wp-content\/uploads\/2025\/04\/IMG_2840-scaled-1-1920x1440.jpg 1920w, https:\/\/www.aucoeurdelamain.fr\/wp-content\/uploads\/2025\/04\/IMG_2840-scaled-1-600x450.jpg 600w\" sizes=\"(max-width: 2560px) 100vw, 2560px\" \/>\t\t\t\t\t\t\t\t\t<\/div>\n\t\t\t<\/div>\n\t\t\t<\/div>\n<\/div>\t\t\t\t<\/div>\n\t\t\t\t<\/div>\n\t\t\t\t\t<\/div>\n\t\t\t\t<\/div>\n\t\t\t\t<\/div>\n\t\t","protected":false},"excerpt":{"rendered":"<p>C\u2019est le we de l\u2019ann\u00e9e o\u00f9 les visites sont possibles, nous avons \u00e9t\u00e9 ravis de vous retrouver, nombreux, plus de 200 ! Journ\u00e9es Europ\u00e9ennes des M\u00e9tiers d\u2019Art 2023 : Sublimer le quotidien. Nous avons encore eu la joie cette ann\u00e9e d\u2019ouvrir nos portes dans le cadre des JEMA pour vous<\/p>\n","protected":false},"author":3,"featured_media":8295,"comment_status":"open","ping_status":"open","sticky":false,"template":"","format":"standard","meta":{"_jetpack_memberships_contains_paid_content":false,"footnotes":""},"categories":[107],"tags":[],"class_list":["post-8292","post","type-post","status-publish","format-standard","has-post-thumbnail","hentry","category-art-sacre"],"jetpack_featured_media_url":"https:\/\/www.aucoeurdelamain.fr\/wp-content\/uploads\/2025\/04\/IMG_2833-scaled-1.jpg","jetpack_sharing_enabled":true,"_links":{"self":[{"href":"https:\/\/www.aucoeurdelamain.fr\/index.php\/wp-json\/wp\/v2\/posts\/8292","targetHints":{"allow":["GET"]}}],"collection":[{"href":"https:\/\/www.aucoeurdelamain.fr\/index.php\/wp-json\/wp\/v2\/posts"}],"about":[{"href":"https:\/\/www.aucoeurdelamain.fr\/index.php\/wp-json\/wp\/v2\/types\/post"}],"author":[{"embeddable":true,"href":"https:\/\/www.aucoeurdelamain.fr\/index.php\/wp-json\/wp\/v2\/users\/3"}],"replies":[{"embeddable":true,"href":"https:\/\/www.aucoeurdelamain.fr\/index.php\/wp-json\/wp\/v2\/comments?post=8292"}],"version-history":[{"count":4,"href":"https:\/\/www.aucoeurdelamain.fr\/index.php\/wp-json\/wp\/v2\/posts\/8292\/revisions"}],"predecessor-version":[{"id":8299,"href":"https:\/\/www.aucoeurdelamain.fr\/index.php\/wp-json\/wp\/v2\/posts\/8292\/revisions\/8299"}],"wp:featuredmedia":[{"embeddable":true,"href":"https:\/\/www.aucoeurdelamain.fr\/index.php\/wp-json\/wp\/v2\/media\/8295"}],"wp:attachment":[{"href":"https:\/\/www.aucoeurdelamain.fr\/index.php\/wp-json\/wp\/v2\/media?parent=8292"}],"wp:term":[{"taxonomy":"category","embeddable":true,"href":"https:\/\/www.aucoeurdelamain.fr\/index.php\/wp-json\/wp\/v2\/categories?post=8292"},{"taxonomy":"post_tag","embeddable":true,"href":"https:\/\/www.aucoeurdelamain.fr\/index.php\/wp-json\/wp\/v2\/tags?post=8292"}],"curies":[{"name":"wp","href":"https:\/\/api.w.org\/{rel}","templated":true}]}}