{"id":8287,"date":"2022-04-01T09:20:53","date_gmt":"2022-04-01T07:20:53","guid":{"rendered":"https:\/\/www.aucoeurdelamain.fr\/?p=8287"},"modified":"2025-05-26T15:13:58","modified_gmt":"2025-05-26T13:13:58","slug":"jema-2022-le-renouveau-de-lebenisterie-dart-figaroscope-23-mars-2022","status":"publish","type":"post","link":"https:\/\/www.aucoeurdelamain.fr\/index.php\/2022\/04\/01\/jema-2022-le-renouveau-de-lebenisterie-dart-figaroscope-23-mars-2022\/","title":{"rendered":"JEMA 2022 &#8220;Le Renouveau de l&#8217;\u00e9b\u00e9nisterie d&#8217;Art&#8221; Figaroscope &#8211; 23 Mars 2022"},"content":{"rendered":"\t\t<div data-elementor-type=\"wp-post\" data-elementor-id=\"8287\" class=\"elementor elementor-8287\">\n\t\t\t\t<div class=\"elementor-element elementor-element-b9fa2ec e-flex e-con-boxed wpr-particle-no wpr-jarallax-no wpr-parallax-no wpr-sticky-section-no wpr-equal-height-no e-con e-parent\" data-id=\"b9fa2ec\" data-element_type=\"container\" data-e-type=\"container\">\n\t\t\t\t\t<div class=\"e-con-inner\">\n\t\t\t\t<div class=\"elementor-element elementor-element-52ad77c elementor-widget elementor-widget-text-editor\" data-id=\"52ad77c\" data-element_type=\"widget\" data-e-type=\"widget\" data-widget_type=\"text-editor.default\">\n\t\t\t\t<div class=\"elementor-widget-container\">\n\t\t\t\t\t\t\t\t\t<p>Les Ateliers BdM ont h\u00e2te de vous retrouver les 2 et 3 avril 2022 \u00e0 l\u2019occasion des <a href=\"https:\/\/www.linkedin.com\/company\/journ-es-europ-ennes-des-m-tiers-d'art\/\" data-attribute-index=\"0\" data-entity-hovercard-id=\"urn:li:fs_miniCompany:2481155\" data-entity-type=\"MINI_COMPANY\">Journ\u00e9es europ\u00e9ennes des m\u00e9tiers d&#8217;art<\/a>\u00a0et du Patrimoine Vivant ! Merci\u00a0<a href=\"https:\/\/www.linkedin.com\/company\/le-figaro\/\" data-attribute-index=\"2\" data-entity-hovercard-id=\"urn:li:fs_miniCompany:18391\" data-entity-type=\"MINI_COMPANY\">Le Figaro<\/a> Figaroscope pour cette belle pr\u00e9sentation de nos ateliers, la Fondation R\u00e9my Cointreau pour votre soutien de nos m\u00e9tiers d&#8217;art.<\/p><p>Nous vous accueillerons donc encore cette ann\u00e9e avec joie le 1er avril (uniquement sur rdv) et les 2 et 3 avril 2022 (portes ouvertes de 11h \u00e0 13h puis de 14h \u00e0 19h) pour partager avec vous un peu de notre passion lors de la cr\u00e9ation de ces pi\u00e8ces d\u2019exception <a href=\"https:\/\/www.linkedin.com\/feed\/hashtag\/?keywords=ebenisteriedart&amp;highlightedUpdateUrns=urn%3Ali%3Aactivity%3A6913413654285574144\" data-attribute-index=\"4\">#ebenisteriedart<\/a><\/p><p>Retrouvez toutes les informations dans le lien ci-dessous\u00a0<a href=\"https:\/\/lnkd.in\/eYKjKzgK\" data-attribute-index=\"36\">https:\/\/lnkd.in\/eYKjKzgK<\/a><\/p><p>Depuis 2002, les Journ\u00e9es Europ\u00e9ennes des M\u00e9tiers d\u2019Art sont en effet la plus grande manifestation internationale d\u00e9di\u00e9e aux m\u00e9tiers d\u2019art. Pour le printemps europ\u00e9en des m\u00e9tiers d\u2019art, les artisans d\u2019art ouvrent \u00e0 nouveau les portes de leurs ateliers dans toute la France et en Europe. Rendez-vous du 28 mars au 3 avril 2022 pour la 16ieme \u00e9dition sous le signe de Nos Mains \u00e0 l\u2019unisson !<\/p><p>L\u2019<a href=\"https:\/\/www.linkedin.com\/company\/institut-national-des-metiers-d-art-inma-epv\/\" data-attribute-index=\"5\" data-entity-hovercard-id=\"urn:li:fs_miniCompany:42906474\" data-entity-type=\"MINI_COMPANY\">Institut National des M\u00e9tiers d&#8217;Art (INMA)<\/a>a cr\u00e9\u00e9 les Journ\u00e9es des M\u00e9tiers d\u2019art en 2002 pour offrir au grand public un rendez-vous unique avec les artisans d\u2019art pr\u00e9sents autour de chez eux, dont les ateliers sont souvent m\u00e9connus.. Merci et \ud83d\udc4f\ud83d\udc4f pour toute cette coordination.<\/p><p>Devenues Journ\u00e9es Europ\u00e9ennes des M\u00e9tiers d\u2019Art en 2013, l\u2019\u00e9v\u00e9nement est aujourd\u2019hui organis\u00e9 dans 18 pays europ\u00e9ens.<\/p><p>Les Journ\u00e9es Europ\u00e9ennes des M\u00e9tiers d\u2019Art re\u00e7oivent le soutien du\u00a0<a href=\"https:\/\/www.linkedin.com\/company\/ministere-de-la-culture-et-de-la-communication\/\" data-attribute-index=\"7\" data-entity-hovercard-id=\"urn:li:fs_miniCompany:793652\" data-entity-type=\"MINI_COMPANY\">Minist\u00e8re de la Culture<\/a>,\u00a0<a href=\"https:\/\/www.linkedin.com\/company\/mobilier-national\/\" data-attribute-index=\"9\" data-entity-hovercard-id=\"urn:li:fs_miniCompany:68867199\" data-entity-type=\"MINI_COMPANY\">Mobilier national<\/a>\u00a0, de\u00a0<a href=\"https:\/\/www.linkedin.com\/company\/cmafrance\/\" data-attribute-index=\"11\" data-entity-hovercard-id=\"urn:li:fs_miniCompany:11009397\" data-entity-type=\"MINI_COMPANY\">CMA France<\/a>\u00a0ainsi que de son Grand m\u00e9c\u00e8ne, la\u00a0<a href=\"https:\/\/www.linkedin.com\/company\/fondation-bettencourt-schueller\/\" data-attribute-index=\"13\" data-entity-hovercard-id=\"urn:li:fs_miniCompany:17936312\" data-entity-type=\"MINI_COMPANY\">Fondation Bettencourt Schueller<\/a>\u00a0\ud83d\udc4f\ud83d\udc4f<\/p><p><a href=\"https:\/\/www.linkedin.com\/feed\/hashtag\/?keywords=partage&amp;highlightedUpdateUrns=urn%3Ali%3Aactivity%3A6913413654285574144\" data-attribute-index=\"15\">#partage<\/a>\u00a0<a href=\"https:\/\/www.linkedin.com\/feed\/hashtag\/?keywords=passion&amp;highlightedUpdateUrns=urn%3Ali%3Aactivity%3A6913413654285574144\" data-attribute-index=\"16\">#passion<\/a>\u00a0<a href=\"https:\/\/www.linkedin.com\/feed\/hashtag\/?keywords=transmission&amp;highlightedUpdateUrns=urn%3Ali%3Aactivity%3A6913413654285574144\" data-attribute-index=\"17\">#transmission<\/a>\u00a0<a href=\"https:\/\/www.linkedin.com\/feed\/hashtag\/?keywords=jema&amp;highlightedUpdateUrns=urn%3Ali%3Aactivity%3A6913413654285574144\" data-attribute-index=\"18\">#jema<\/a>\u00a0<a href=\"https:\/\/www.linkedin.com\/feed\/hashtag\/?keywords=atelierbdm&amp;highlightedUpdateUrns=urn%3Ali%3Aactivity%3A6913413654285574144\" data-attribute-index=\"19\">#atelierbdm<\/a><br \/><a href=\"https:\/\/www.linkedin.com\/feed\/hashtag\/?keywords=inma&amp;highlightedUpdateUrns=urn%3Ali%3Aactivity%3A6913413654285574144\" data-attribute-index=\"20\">#inma<\/a>\u00a0<a href=\"https:\/\/www.linkedin.com\/feed\/hashtag\/?keywords=epv&amp;highlightedUpdateUrns=urn%3Ali%3Aactivity%3A6913413654285574144\" data-attribute-index=\"21\">#epv<\/a>\u00a0<a href=\"https:\/\/www.linkedin.com\/feed\/hashtag\/?keywords=metiersrares&amp;highlightedUpdateUrns=urn%3Ali%3Aactivity%3A6913413654285574144\" data-attribute-index=\"22\">#metiersrares<\/a>\u00a0<a href=\"https:\/\/www.linkedin.com\/feed\/hashtag\/?keywords=matierebrute&amp;highlightedUpdateUrns=urn%3Ali%3Aactivity%3A6913413654285574144\" data-attribute-index=\"23\">#matierebrute<\/a>\u00a0<a href=\"https:\/\/www.linkedin.com\/feed\/hashtag\/?keywords=madeinfrance&amp;highlightedUpdateUrns=urn%3Ali%3Aactivity%3A6913413654285574144\" data-attribute-index=\"24\">#madeinfrance<\/a>\ud83c\uddeb\ud83c\uddf7\u00a0<a href=\"https:\/\/www.linkedin.com\/feed\/hashtag\/?keywords=frenchsavoirfaire&amp;highlightedUpdateUrns=urn%3Ali%3Aactivity%3A6913413654285574144\" data-attribute-index=\"25\">#frenchsavoirfaire<\/a>\u00a0<a href=\"https:\/\/www.linkedin.com\/feed\/hashtag\/?keywords=artisans&amp;highlightedUpdateUrns=urn%3Ali%3Aactivity%3A6913413654285574144\" data-attribute-index=\"26\">#artisans<\/a>\u00a0<a href=\"https:\/\/www.linkedin.com\/feed\/hashtag\/?keywords=beaugeste&amp;highlightedUpdateUrns=urn%3Ali%3Aactivity%3A6913413654285574144\" data-attribute-index=\"27\">#beaugeste<\/a>\u00a0<a href=\"https:\/\/www.linkedin.com\/feed\/hashtag\/?keywords=craft&amp;highlightedUpdateUrns=urn%3Ali%3Aactivity%3A6913413654285574144\" data-attribute-index=\"28\">#craft<\/a>\u00a0<a href=\"https:\/\/www.linkedin.com\/feed\/hashtag\/?keywords=handmade&amp;highlightedUpdateUrns=urn%3Ali%3Aactivity%3A6913413654285574144\" data-attribute-index=\"29\">#handmade<\/a>\u00a0<a href=\"https:\/\/www.linkedin.com\/feed\/hashtag\/?keywords=fondationbettencourtschueller&amp;highlightedUpdateUrns=urn%3Ali%3Aactivity%3A6913413654285574144\" data-attribute-index=\"30\">#fondationbettencourtsch<\/a><\/p>\t\t\t\t\t\t\t\t<\/div>\n\t\t\t\t<\/div>\n\t\t\t\t\t<\/div>\n\t\t\t\t<\/div>\n\t\t<div class=\"elementor-element elementor-element-69ad0d5 e-flex e-con-boxed wpr-particle-no wpr-jarallax-no wpr-parallax-no wpr-sticky-section-no wpr-equal-height-no e-con e-parent\" data-id=\"69ad0d5\" data-element_type=\"container\" data-e-type=\"container\">\n\t\t\t\t\t<div class=\"e-con-inner\">\n\t\t\t\t<div class=\"elementor-element elementor-element-3f1ea69 elementor-widget elementor-widget-mkdf_image_gallery\" data-id=\"3f1ea69\" data-element_type=\"widget\" data-e-type=\"widget\" data-widget_type=\"mkdf_image_gallery.default\">\n\t\t\t\t<div class=\"elementor-widget-container\">\n\t\t\t\t\t<div class=\"mkdf-image-gallery mkdf-grid-list mkdf-disable-bottom-space  mkdf-ig-grid-type mkdf-three-columns mkdf-normal-space  \">\n\t<div class=\"mkdf-ig-inner mkdf-outer-space\">\n\t\t\t\t\t<div class=\"mkdf-ig-image mkdf-item-space\">\n\t\t\t\t<div class=\"mkdf-ig-image-inner\">\n\t\t\t\t\t\t\t\t\t\t\t<img fetchpriority=\"high\" decoding=\"async\" width=\"1750\" height=\"1506\" src=\"https:\/\/www.aucoeurdelamain.fr\/wp-content\/uploads\/2022\/04\/IMG_0345-1.jpg\" class=\"attachment-full size-full\" alt=\"\" srcset=\"https:\/\/www.aucoeurdelamain.fr\/wp-content\/uploads\/2022\/04\/IMG_0345-1.jpg 1750w, https:\/\/www.aucoeurdelamain.fr\/wp-content\/uploads\/2022\/04\/IMG_0345-1-300x258.jpg 300w, https:\/\/www.aucoeurdelamain.fr\/wp-content\/uploads\/2022\/04\/IMG_0345-1-1024x881.jpg 1024w, https:\/\/www.aucoeurdelamain.fr\/wp-content\/uploads\/2022\/04\/IMG_0345-1-768x661.jpg 768w, https:\/\/www.aucoeurdelamain.fr\/wp-content\/uploads\/2022\/04\/IMG_0345-1-1536x1322.jpg 1536w, https:\/\/www.aucoeurdelamain.fr\/wp-content\/uploads\/2022\/04\/IMG_0345-1-500x430.jpg 500w, https:\/\/www.aucoeurdelamain.fr\/wp-content\/uploads\/2022\/04\/IMG_0345-1-800x688.jpg 800w, https:\/\/www.aucoeurdelamain.fr\/wp-content\/uploads\/2022\/04\/IMG_0345-1-1280x1102.jpg 1280w, https:\/\/www.aucoeurdelamain.fr\/wp-content\/uploads\/2022\/04\/IMG_0345-1-600x516.jpg 600w\" sizes=\"(max-width: 1750px) 100vw, 1750px\" \/>\t\t\t\t\t\t\t\t\t<\/div>\n\t\t\t<\/div>\n\t\t\t\t\t<div class=\"mkdf-ig-image mkdf-item-space\">\n\t\t\t\t<div class=\"mkdf-ig-image-inner\">\n\t\t\t\t\t\t\t\t\t\t\t<img decoding=\"async\" width=\"2016\" height=\"1512\" src=\"https:\/\/www.aucoeurdelamain.fr\/wp-content\/uploads\/2022\/04\/IMG_0327-1.jpg\" class=\"attachment-full size-full\" alt=\"\" srcset=\"https:\/\/www.aucoeurdelamain.fr\/wp-content\/uploads\/2022\/04\/IMG_0327-1.jpg 2016w, https:\/\/www.aucoeurdelamain.fr\/wp-content\/uploads\/2022\/04\/IMG_0327-1-300x225.jpg 300w, https:\/\/www.aucoeurdelamain.fr\/wp-content\/uploads\/2022\/04\/IMG_0327-1-1024x768.jpg 1024w, https:\/\/www.aucoeurdelamain.fr\/wp-content\/uploads\/2022\/04\/IMG_0327-1-768x576.jpg 768w, https:\/\/www.aucoeurdelamain.fr\/wp-content\/uploads\/2022\/04\/IMG_0327-1-1536x1152.jpg 1536w, https:\/\/www.aucoeurdelamain.fr\/wp-content\/uploads\/2022\/04\/IMG_0327-1-500x375.jpg 500w, https:\/\/www.aucoeurdelamain.fr\/wp-content\/uploads\/2022\/04\/IMG_0327-1-800x600.jpg 800w, https:\/\/www.aucoeurdelamain.fr\/wp-content\/uploads\/2022\/04\/IMG_0327-1-1280x960.jpg 1280w, https:\/\/www.aucoeurdelamain.fr\/wp-content\/uploads\/2022\/04\/IMG_0327-1-1920x1440.jpg 1920w, https:\/\/www.aucoeurdelamain.fr\/wp-content\/uploads\/2022\/04\/IMG_0327-1-600x450.jpg 600w\" sizes=\"(max-width: 2016px) 100vw, 2016px\" \/>\t\t\t\t\t\t\t\t\t<\/div>\n\t\t\t<\/div>\n\t\t\t\t\t<div class=\"mkdf-ig-image mkdf-item-space\">\n\t\t\t\t<div class=\"mkdf-ig-image-inner\">\n\t\t\t\t\t\t\t\t\t\t\t<img decoding=\"async\" width=\"1512\" height=\"2016\" src=\"https:\/\/www.aucoeurdelamain.fr\/wp-content\/uploads\/2022\/04\/IMG_0331-1.jpg\" class=\"attachment-full size-full\" alt=\"\" srcset=\"https:\/\/www.aucoeurdelamain.fr\/wp-content\/uploads\/2022\/04\/IMG_0331-1.jpg 1512w, https:\/\/www.aucoeurdelamain.fr\/wp-content\/uploads\/2022\/04\/IMG_0331-1-225x300.jpg 225w, https:\/\/www.aucoeurdelamain.fr\/wp-content\/uploads\/2022\/04\/IMG_0331-1-768x1024.jpg 768w, https:\/\/www.aucoeurdelamain.fr\/wp-content\/uploads\/2022\/04\/IMG_0331-1-1152x1536.jpg 1152w, https:\/\/www.aucoeurdelamain.fr\/wp-content\/uploads\/2022\/04\/IMG_0331-1-500x667.jpg 500w, https:\/\/www.aucoeurdelamain.fr\/wp-content\/uploads\/2022\/04\/IMG_0331-1-800x1067.jpg 800w, https:\/\/www.aucoeurdelamain.fr\/wp-content\/uploads\/2022\/04\/IMG_0331-1-1280x1707.jpg 1280w, https:\/\/www.aucoeurdelamain.fr\/wp-content\/uploads\/2022\/04\/IMG_0331-1-600x800.jpg 600w\" sizes=\"(max-width: 1512px) 100vw, 1512px\" \/>\t\t\t\t\t\t\t\t\t<\/div>\n\t\t\t<\/div>\n\t\t\t\t\t<div class=\"mkdf-ig-image mkdf-item-space\">\n\t\t\t\t<div class=\"mkdf-ig-image-inner\">\n\t\t\t\t\t\t\t\t\t\t\t<img loading=\"lazy\" decoding=\"async\" width=\"886\" height=\"886\" src=\"https:\/\/www.aucoeurdelamain.fr\/wp-content\/uploads\/2022\/04\/IMG_0771.jpg\" class=\"attachment-full size-full\" alt=\"\" srcset=\"https:\/\/www.aucoeurdelamain.fr\/wp-content\/uploads\/2022\/04\/IMG_0771.jpg 886w, https:\/\/www.aucoeurdelamain.fr\/wp-content\/uploads\/2022\/04\/IMG_0771-300x300.jpg 300w, https:\/\/www.aucoeurdelamain.fr\/wp-content\/uploads\/2022\/04\/IMG_0771-150x150.jpg 150w, https:\/\/www.aucoeurdelamain.fr\/wp-content\/uploads\/2022\/04\/IMG_0771-768x768.jpg 768w, https:\/\/www.aucoeurdelamain.fr\/wp-content\/uploads\/2022\/04\/IMG_0771-500x500.jpg 500w, https:\/\/www.aucoeurdelamain.fr\/wp-content\/uploads\/2022\/04\/IMG_0771-800x800.jpg 800w, https:\/\/www.aucoeurdelamain.fr\/wp-content\/uploads\/2022\/04\/IMG_0771-650x650.jpg 650w, https:\/\/www.aucoeurdelamain.fr\/wp-content\/uploads\/2022\/04\/IMG_0771-450x450.jpg 450w, https:\/\/www.aucoeurdelamain.fr\/wp-content\/uploads\/2022\/04\/IMG_0771-600x600.jpg 600w, https:\/\/www.aucoeurdelamain.fr\/wp-content\/uploads\/2022\/04\/IMG_0771-100x100.jpg 100w\" sizes=\"(max-width: 886px) 100vw, 886px\" \/>\t\t\t\t\t\t\t\t\t<\/div>\n\t\t\t<\/div>\n\t\t\t\t\t<div class=\"mkdf-ig-image mkdf-item-space\">\n\t\t\t\t<div class=\"mkdf-ig-image-inner\">\n\t\t\t\t\t\t\t\t\t\t\t<img loading=\"lazy\" decoding=\"async\" width=\"1199\" height=\"1499\" src=\"https:\/\/www.aucoeurdelamain.fr\/wp-content\/uploads\/2022\/04\/4795F40E-14D8-4786-859A-71E5B4B27001-1.jpg\" class=\"attachment-full size-full\" alt=\"\" srcset=\"https:\/\/www.aucoeurdelamain.fr\/wp-content\/uploads\/2022\/04\/4795F40E-14D8-4786-859A-71E5B4B27001-1.jpg 1199w, https:\/\/www.aucoeurdelamain.fr\/wp-content\/uploads\/2022\/04\/4795F40E-14D8-4786-859A-71E5B4B27001-1-240x300.jpg 240w, https:\/\/www.aucoeurdelamain.fr\/wp-content\/uploads\/2022\/04\/4795F40E-14D8-4786-859A-71E5B4B27001-1-819x1024.jpg 819w, https:\/\/www.aucoeurdelamain.fr\/wp-content\/uploads\/2022\/04\/4795F40E-14D8-4786-859A-71E5B4B27001-1-768x960.jpg 768w, https:\/\/www.aucoeurdelamain.fr\/wp-content\/uploads\/2022\/04\/4795F40E-14D8-4786-859A-71E5B4B27001-1-500x625.jpg 500w, https:\/\/www.aucoeurdelamain.fr\/wp-content\/uploads\/2022\/04\/4795F40E-14D8-4786-859A-71E5B4B27001-1-800x1000.jpg 800w, https:\/\/www.aucoeurdelamain.fr\/wp-content\/uploads\/2022\/04\/4795F40E-14D8-4786-859A-71E5B4B27001-1-600x750.jpg 600w\" sizes=\"(max-width: 1199px) 100vw, 1199px\" \/>\t\t\t\t\t\t\t\t\t<\/div>\n\t\t\t<\/div>\n\t\t\t\t\t<div class=\"mkdf-ig-image mkdf-item-space\">\n\t\t\t\t<div class=\"mkdf-ig-image-inner\">\n\t\t\t\t\t\t\t\t\t\t\t<img loading=\"lazy\" decoding=\"async\" width=\"1437\" height=\"1796\" src=\"https:\/\/www.aucoeurdelamain.fr\/wp-content\/uploads\/2022\/04\/83CAFA91-150B-4282-8E41-A3D3922355CA-1.jpg\" class=\"attachment-full size-full\" alt=\"\" srcset=\"https:\/\/www.aucoeurdelamain.fr\/wp-content\/uploads\/2022\/04\/83CAFA91-150B-4282-8E41-A3D3922355CA-1.jpg 1437w, https:\/\/www.aucoeurdelamain.fr\/wp-content\/uploads\/2022\/04\/83CAFA91-150B-4282-8E41-A3D3922355CA-1-240x300.jpg 240w, https:\/\/www.aucoeurdelamain.fr\/wp-content\/uploads\/2022\/04\/83CAFA91-150B-4282-8E41-A3D3922355CA-1-819x1024.jpg 819w, https:\/\/www.aucoeurdelamain.fr\/wp-content\/uploads\/2022\/04\/83CAFA91-150B-4282-8E41-A3D3922355CA-1-768x960.jpg 768w, https:\/\/www.aucoeurdelamain.fr\/wp-content\/uploads\/2022\/04\/83CAFA91-150B-4282-8E41-A3D3922355CA-1-1229x1536.jpg 1229w, https:\/\/www.aucoeurdelamain.fr\/wp-content\/uploads\/2022\/04\/83CAFA91-150B-4282-8E41-A3D3922355CA-1-500x625.jpg 500w, https:\/\/www.aucoeurdelamain.fr\/wp-content\/uploads\/2022\/04\/83CAFA91-150B-4282-8E41-A3D3922355CA-1-800x1000.jpg 800w, https:\/\/www.aucoeurdelamain.fr\/wp-content\/uploads\/2022\/04\/83CAFA91-150B-4282-8E41-A3D3922355CA-1-1280x1600.jpg 1280w, https:\/\/www.aucoeurdelamain.fr\/wp-content\/uploads\/2022\/04\/83CAFA91-150B-4282-8E41-A3D3922355CA-1-600x750.jpg 600w\" sizes=\"(max-width: 1437px) 100vw, 1437px\" \/>\t\t\t\t\t\t\t\t\t<\/div>\n\t\t\t<\/div>\n\t\t\t\t\t<div class=\"mkdf-ig-image mkdf-item-space\">\n\t\t\t\t<div class=\"mkdf-ig-image-inner\">\n\t\t\t\t\t\t\t\t\t\t\t<img loading=\"lazy\" decoding=\"async\" width=\"1170\" height=\"2080\" src=\"https:\/\/www.aucoeurdelamain.fr\/wp-content\/uploads\/2022\/04\/B020EE4E-6EB0-4BAC-BD49-B1FA5C80A371-1.jpg\" class=\"attachment-full size-full\" alt=\"\" srcset=\"https:\/\/www.aucoeurdelamain.fr\/wp-content\/uploads\/2022\/04\/B020EE4E-6EB0-4BAC-BD49-B1FA5C80A371-1.jpg 1170w, https:\/\/www.aucoeurdelamain.fr\/wp-content\/uploads\/2022\/04\/B020EE4E-6EB0-4BAC-BD49-B1FA5C80A371-1-169x300.jpg 169w, https:\/\/www.aucoeurdelamain.fr\/wp-content\/uploads\/2022\/04\/B020EE4E-6EB0-4BAC-BD49-B1FA5C80A371-1-576x1024.jpg 576w, https:\/\/www.aucoeurdelamain.fr\/wp-content\/uploads\/2022\/04\/B020EE4E-6EB0-4BAC-BD49-B1FA5C80A371-1-768x1365.jpg 768w, https:\/\/www.aucoeurdelamain.fr\/wp-content\/uploads\/2022\/04\/B020EE4E-6EB0-4BAC-BD49-B1FA5C80A371-1-864x1536.jpg 864w, https:\/\/www.aucoeurdelamain.fr\/wp-content\/uploads\/2022\/04\/B020EE4E-6EB0-4BAC-BD49-B1FA5C80A371-1-1152x2048.jpg 1152w, https:\/\/www.aucoeurdelamain.fr\/wp-content\/uploads\/2022\/04\/B020EE4E-6EB0-4BAC-BD49-B1FA5C80A371-1-500x889.jpg 500w, https:\/\/www.aucoeurdelamain.fr\/wp-content\/uploads\/2022\/04\/B020EE4E-6EB0-4BAC-BD49-B1FA5C80A371-1-800x1422.jpg 800w, https:\/\/www.aucoeurdelamain.fr\/wp-content\/uploads\/2022\/04\/B020EE4E-6EB0-4BAC-BD49-B1FA5C80A371-1-600x1067.jpg 600w\" sizes=\"(max-width: 1170px) 100vw, 1170px\" \/>\t\t\t\t\t\t\t\t\t<\/div>\n\t\t\t<\/div>\n\t\t\t\t\t<div class=\"mkdf-ig-image mkdf-item-space\">\n\t\t\t\t<div class=\"mkdf-ig-image-inner\">\n\t\t\t\t\t\t\t\t\t\t\t<img loading=\"lazy\" decoding=\"async\" width=\"1170\" height=\"2080\" src=\"https:\/\/www.aucoeurdelamain.fr\/wp-content\/uploads\/2022\/04\/37DE58FE-FFD6-4319-ADA1-19D7B5CF7104-2.jpg\" class=\"attachment-full size-full\" alt=\"\" srcset=\"https:\/\/www.aucoeurdelamain.fr\/wp-content\/uploads\/2022\/04\/37DE58FE-FFD6-4319-ADA1-19D7B5CF7104-2.jpg 1170w, https:\/\/www.aucoeurdelamain.fr\/wp-content\/uploads\/2022\/04\/37DE58FE-FFD6-4319-ADA1-19D7B5CF7104-2-169x300.jpg 169w, https:\/\/www.aucoeurdelamain.fr\/wp-content\/uploads\/2022\/04\/37DE58FE-FFD6-4319-ADA1-19D7B5CF7104-2-576x1024.jpg 576w, https:\/\/www.aucoeurdelamain.fr\/wp-content\/uploads\/2022\/04\/37DE58FE-FFD6-4319-ADA1-19D7B5CF7104-2-768x1365.jpg 768w, https:\/\/www.aucoeurdelamain.fr\/wp-content\/uploads\/2022\/04\/37DE58FE-FFD6-4319-ADA1-19D7B5CF7104-2-864x1536.jpg 864w, https:\/\/www.aucoeurdelamain.fr\/wp-content\/uploads\/2022\/04\/37DE58FE-FFD6-4319-ADA1-19D7B5CF7104-2-1152x2048.jpg 1152w, https:\/\/www.aucoeurdelamain.fr\/wp-content\/uploads\/2022\/04\/37DE58FE-FFD6-4319-ADA1-19D7B5CF7104-2-500x889.jpg 500w, https:\/\/www.aucoeurdelamain.fr\/wp-content\/uploads\/2022\/04\/37DE58FE-FFD6-4319-ADA1-19D7B5CF7104-2-800x1422.jpg 800w, https:\/\/www.aucoeurdelamain.fr\/wp-content\/uploads\/2022\/04\/37DE58FE-FFD6-4319-ADA1-19D7B5CF7104-2-600x1067.jpg 600w\" sizes=\"(max-width: 1170px) 100vw, 1170px\" \/>\t\t\t\t\t\t\t\t\t<\/div>\n\t\t\t<\/div>\n\t\t\t\t\t<div class=\"mkdf-ig-image mkdf-item-space\">\n\t\t\t\t<div class=\"mkdf-ig-image-inner\">\n\t\t\t\t\t\t\t\t\t\t\t<img loading=\"lazy\" decoding=\"async\" width=\"1440\" height=\"1800\" src=\"https:\/\/www.aucoeurdelamain.fr\/wp-content\/uploads\/2022\/04\/D2577E58-61DD-43F7-9EA8-B926F375265D.jpg\" class=\"attachment-full size-full\" alt=\"\" srcset=\"https:\/\/www.aucoeurdelamain.fr\/wp-content\/uploads\/2022\/04\/D2577E58-61DD-43F7-9EA8-B926F375265D.jpg 1440w, https:\/\/www.aucoeurdelamain.fr\/wp-content\/uploads\/2022\/04\/D2577E58-61DD-43F7-9EA8-B926F375265D-240x300.jpg 240w, https:\/\/www.aucoeurdelamain.fr\/wp-content\/uploads\/2022\/04\/D2577E58-61DD-43F7-9EA8-B926F375265D-819x1024.jpg 819w, https:\/\/www.aucoeurdelamain.fr\/wp-content\/uploads\/2022\/04\/D2577E58-61DD-43F7-9EA8-B926F375265D-768x960.jpg 768w, https:\/\/www.aucoeurdelamain.fr\/wp-content\/uploads\/2022\/04\/D2577E58-61DD-43F7-9EA8-B926F375265D-1229x1536.jpg 1229w, https:\/\/www.aucoeurdelamain.fr\/wp-content\/uploads\/2022\/04\/D2577E58-61DD-43F7-9EA8-B926F375265D-600x750.jpg 600w\" sizes=\"(max-width: 1440px) 100vw, 1440px\" \/>\t\t\t\t\t\t\t\t\t<\/div>\n\t\t\t<\/div>\n\t\t\t<\/div>\n<\/div>\t\t\t\t<\/div>\n\t\t\t\t<\/div>\n\t\t\t\t\t<\/div>\n\t\t\t\t<\/div>\n\t\t\t\t<\/div>\n\t\t","protected":false},"excerpt":{"rendered":"<p>Les Ateliers BdM ont h\u00e2te de vous retrouver les 2 et 3 avril 2022 \u00e0 l\u2019occasion des Journ\u00e9es europ\u00e9ennes des m\u00e9tiers d&#8217;art\u00a0et du Patrimoine Vivant ! Merci\u00a0Le Figaro Figaroscope pour cette belle pr\u00e9sentation de nos ateliers, la Fondation R\u00e9my Cointreau pour votre soutien de nos m\u00e9tiers d&#8217;art. Nous vous accueillerons<\/p>\n","protected":false},"author":3,"featured_media":1919,"comment_status":"open","ping_status":"open","sticky":false,"template":"","format":"standard","meta":{"_jetpack_memberships_contains_paid_content":false,"footnotes":""},"categories":[107,95],"tags":[],"class_list":["post-8287","post","type-post","status-publish","format-standard","has-post-thumbnail","hentry","category-art-sacre","category-presse"],"jetpack_featured_media_url":"https:\/\/www.aucoeurdelamain.fr\/wp-content\/uploads\/2022\/04\/37DE58FE-FFD6-4319-ADA1-19D7B5CF7104-1-1.jpg","jetpack_sharing_enabled":true,"_links":{"self":[{"href":"https:\/\/www.aucoeurdelamain.fr\/index.php\/wp-json\/wp\/v2\/posts\/8287","targetHints":{"allow":["GET"]}}],"collection":[{"href":"https:\/\/www.aucoeurdelamain.fr\/index.php\/wp-json\/wp\/v2\/posts"}],"about":[{"href":"https:\/\/www.aucoeurdelamain.fr\/index.php\/wp-json\/wp\/v2\/types\/post"}],"author":[{"embeddable":true,"href":"https:\/\/www.aucoeurdelamain.fr\/index.php\/wp-json\/wp\/v2\/users\/3"}],"replies":[{"embeddable":true,"href":"https:\/\/www.aucoeurdelamain.fr\/index.php\/wp-json\/wp\/v2\/comments?post=8287"}],"version-history":[{"count":4,"href":"https:\/\/www.aucoeurdelamain.fr\/index.php\/wp-json\/wp\/v2\/posts\/8287\/revisions"}],"predecessor-version":[{"id":8291,"href":"https:\/\/www.aucoeurdelamain.fr\/index.php\/wp-json\/wp\/v2\/posts\/8287\/revisions\/8291"}],"wp:featuredmedia":[{"embeddable":true,"href":"https:\/\/www.aucoeurdelamain.fr\/index.php\/wp-json\/wp\/v2\/media\/1919"}],"wp:attachment":[{"href":"https:\/\/www.aucoeurdelamain.fr\/index.php\/wp-json\/wp\/v2\/media?parent=8287"}],"wp:term":[{"taxonomy":"category","embeddable":true,"href":"https:\/\/www.aucoeurdelamain.fr\/index.php\/wp-json\/wp\/v2\/categories?post=8287"},{"taxonomy":"post_tag","embeddable":true,"href":"https:\/\/www.aucoeurdelamain.fr\/index.php\/wp-json\/wp\/v2\/tags?post=8287"}],"curies":[{"name":"wp","href":"https:\/\/api.w.org\/{rel}","templated":true}]}}