{"id":8267,"date":"2016-11-20T09:09:41","date_gmt":"2016-11-20T08:09:41","guid":{"rendered":"https:\/\/www.aucoeurdelamain.fr\/?p=8267"},"modified":"2025-05-26T15:19:20","modified_gmt":"2025-05-26T13:19:20","slug":"cest-une-nouvelle-consecration-pour-ses-mains-devenues-son-cerveau-le-coeur-de-son-adn-la-croix-novembre-2016","status":"publish","type":"post","link":"https:\/\/www.aucoeurdelamain.fr\/index.php\/2016\/11\/20\/cest-une-nouvelle-consecration-pour-ses-mains-devenues-son-cerveau-le-coeur-de-son-adn-la-croix-novembre-2016\/","title":{"rendered":"C\u2019est une nouvelle cons\u00e9cration pour ses mains, devenues \u00ab (son) cerveau, le c\u0153ur de (son) ADN \u00bb La Croix, Novembre 2016"},"content":{"rendered":"\t\t<div data-elementor-type=\"wp-post\" data-elementor-id=\"8267\" class=\"elementor elementor-8267\">\n\t\t\t\t<div class=\"elementor-element elementor-element-f8d0a58 e-flex e-con-boxed wpr-particle-no wpr-jarallax-no wpr-parallax-no wpr-sticky-section-no wpr-equal-height-no e-con e-parent\" data-id=\"f8d0a58\" data-element_type=\"container\" data-e-type=\"container\">\n\t\t\t\t\t<div class=\"e-con-inner\">\n\t\t\t\t<div class=\"elementor-element elementor-element-1acda22 elementor-widget elementor-widget-text-editor\" data-id=\"1acda22\" data-element_type=\"widget\" data-e-type=\"widget\" data-widget_type=\"text-editor.default\">\n\t\t\t\t<div class=\"elementor-widget-container\">\n\t\t\t\t\t\t\t\t\t<p>Journal La Croix \u2013 Portrait \u2013 n\u00b040637 &#8211; 4 novembre 2016<br \/>\u00ab Quand je dessine, je me mets toujours dans la peau d\u2019une personne non croyante, pour essayer de la toucher voire de lui ouvrir une porte vers Dieu \u00bb<\/p><p>Laur\u00e9at 2016 du prix de la cr\u00e9ation Chantiers du cardinal, d\u00e9cern\u00e9 jeudi 3 novembre en partenariat avec\u00a0<em>P\u00e8lerin\u00a0<\/em>(1)<em>,<\/em>\u00a0cet \u00e9b\u00e9niste de 37\u00a0ans, fervent catholique, revient sur son chemin de reconversion, des grandes agences publicitaires au monde de l\u2019artisanat d\u2019art.<\/p><p><a href=\"https:\/\/www.la-croix.com\/Culture\/Bruno-Maistre-burn-lebenisterie-dart-2016-11-04-1200800702\">https:\/\/www.la-croix.com\/Culture\/Bruno-Maistre-burn-lebenisterie-dart-2016-11-04-1200800702<\/a><\/p>\t\t\t\t\t\t\t\t<\/div>\n\t\t\t\t<\/div>\n\t\t\t\t\t<\/div>\n\t\t\t\t<\/div>\n\t\t<div class=\"elementor-element elementor-element-658c296 e-flex e-con-boxed wpr-particle-no wpr-jarallax-no wpr-parallax-no wpr-sticky-section-no wpr-equal-height-no e-con e-parent\" data-id=\"658c296\" data-element_type=\"container\" data-e-type=\"container\">\n\t\t\t\t\t<div class=\"e-con-inner\">\n\t\t\t\t<div class=\"elementor-element elementor-element-fe1332b elementor-widget elementor-widget-mkdf_image_gallery\" data-id=\"fe1332b\" data-element_type=\"widget\" data-e-type=\"widget\" data-widget_type=\"mkdf_image_gallery.default\">\n\t\t\t\t<div class=\"elementor-widget-container\">\n\t\t\t\t\t<div class=\"mkdf-image-gallery mkdf-grid-list mkdf-disable-bottom-space  mkdf-ig-grid-type mkdf-three-columns mkdf-normal-space  \">\n\t<div class=\"mkdf-ig-inner mkdf-outer-space\">\n\t\t\t<\/div>\n<\/div>\t\t\t\t<\/div>\n\t\t\t\t<\/div>\n\t\t\t\t\t<\/div>\n\t\t\t\t<\/div>\n\t\t\t\t<\/div>\n\t\t","protected":false},"excerpt":{"rendered":"<p>Journal La Croix \u2013 Portrait \u2013 n\u00b040637 &#8211; 4 novembre 2016\u00ab Quand je dessine, je me mets toujours dans la peau d\u2019une personne non croyante, pour essayer de la toucher voire de lui ouvrir une porte vers Dieu \u00bb Laur\u00e9at 2016 du prix de la cr\u00e9ation Chantiers du cardinal, d\u00e9cern\u00e9<\/p>\n","protected":false},"author":3,"featured_media":7973,"comment_status":"open","ping_status":"open","sticky":false,"template":"","format":"standard","meta":{"_jetpack_memberships_contains_paid_content":false,"footnotes":""},"categories":[107,95],"tags":[],"class_list":["post-8267","post","type-post","status-publish","format-standard","has-post-thumbnail","hentry","category-art-sacre","category-presse"],"jetpack_featured_media_url":"https:\/\/www.aucoeurdelamain.fr\/wp-content\/uploads\/2025\/04\/IMG_2682-scaled.jpg","jetpack_sharing_enabled":true,"_links":{"self":[{"href":"https:\/\/www.aucoeurdelamain.fr\/index.php\/wp-json\/wp\/v2\/posts\/8267","targetHints":{"allow":["GET"]}}],"collection":[{"href":"https:\/\/www.aucoeurdelamain.fr\/index.php\/wp-json\/wp\/v2\/posts"}],"about":[{"href":"https:\/\/www.aucoeurdelamain.fr\/index.php\/wp-json\/wp\/v2\/types\/post"}],"author":[{"embeddable":true,"href":"https:\/\/www.aucoeurdelamain.fr\/index.php\/wp-json\/wp\/v2\/users\/3"}],"replies":[{"embeddable":true,"href":"https:\/\/www.aucoeurdelamain.fr\/index.php\/wp-json\/wp\/v2\/comments?post=8267"}],"version-history":[{"count":4,"href":"https:\/\/www.aucoeurdelamain.fr\/index.php\/wp-json\/wp\/v2\/posts\/8267\/revisions"}],"predecessor-version":[{"id":8271,"href":"https:\/\/www.aucoeurdelamain.fr\/index.php\/wp-json\/wp\/v2\/posts\/8267\/revisions\/8271"}],"wp:featuredmedia":[{"embeddable":true,"href":"https:\/\/www.aucoeurdelamain.fr\/index.php\/wp-json\/wp\/v2\/media\/7973"}],"wp:attachment":[{"href":"https:\/\/www.aucoeurdelamain.fr\/index.php\/wp-json\/wp\/v2\/media?parent=8267"}],"wp:term":[{"taxonomy":"category","embeddable":true,"href":"https:\/\/www.aucoeurdelamain.fr\/index.php\/wp-json\/wp\/v2\/categories?post=8267"},{"taxonomy":"post_tag","embeddable":true,"href":"https:\/\/www.aucoeurdelamain.fr\/index.php\/wp-json\/wp\/v2\/tags?post=8267"}],"curies":[{"name":"wp","href":"https:\/\/api.w.org\/{rel}","templated":true}]}}