{"id":8262,"date":"2021-01-20T09:08:00","date_gmt":"2021-01-20T08:08:00","guid":{"rendered":"https:\/\/www.aucoeurdelamain.fr\/?p=8262"},"modified":"2025-04-29T09:09:17","modified_gmt":"2025-04-29T07:09:17","slug":"bruno-de-maistre-au-service-de-lart-de-la-foi-et-de-leglise-chantiers-du-cardinal-decembre-2016","status":"publish","type":"post","link":"https:\/\/www.aucoeurdelamain.fr\/index.php\/2021\/01\/20\/bruno-de-maistre-au-service-de-lart-de-la-foi-et-de-leglise-chantiers-du-cardinal-decembre-2016\/","title":{"rendered":"Bruno de Maistre, au service de l&#8217;art, de la Foi et de l&#8217;Eglise, Chantiers du Cardinal (D\u00e9cembre 2016)"},"content":{"rendered":"\t\t<div data-elementor-type=\"wp-post\" data-elementor-id=\"8262\" class=\"elementor elementor-8262\">\n\t\t\t\t<div class=\"elementor-element elementor-element-15d2d03 e-flex e-con-boxed wpr-particle-no wpr-jarallax-no wpr-parallax-no wpr-sticky-section-no wpr-equal-height-no e-con e-parent\" data-id=\"15d2d03\" data-element_type=\"container\" data-e-type=\"container\">\n\t\t\t\t\t<div class=\"e-con-inner\">\n\t\t\t\t<div class=\"elementor-element elementor-element-53225fd elementor-widget elementor-widget-text-editor\" data-id=\"53225fd\" data-element_type=\"widget\" data-e-type=\"widget\" data-widget_type=\"text-editor.default\">\n\t\t\t\t<div class=\"elementor-widget-container\">\n\t\t\t\t\t\t\t\t\t<div class=\"title\"><p><span style=\"font-family: Oswald, sans-serif;\">\u00c9beniste, fondateur des Ateliers d\u2019Arimathie, Bruno de Maistre est l\u2019auteur de plusieurs cr\u00e9ations pour des \u00e9glises et des chapelles. Derni\u00e8rement il a pr\u00e9sent\u00e9 le mobilier de la chapelle Sainte-Clotilde (\u00e9glise Sainte-Jeanne-d\u2019Arc) \u00e0 Versailles.<\/span><\/p><\/div><p class=\"intro\">Il avait re\u00e7u le prix P\u00e8lerin du Patrimoine en 2016.<\/p><p><strong>\u00c0 l\u2019automne 2020, Bruno de Maistre travaille sur une dizaine de projets pour des \u00e9glises.<\/strong>\u00a0Et si son\u00a0<a href=\"https:\/\/www.darimathie.fr\/\" target=\"_blank\" rel=\"noopener noreferrer\">atelier<\/a>\u00a0est situ\u00e9 dans les Yvelines, ses cr\u00e9ations sont envoy\u00e9es dans toute la France : \u00e0 Lyon, Grenoble ou encore dans la r\u00e9gion parisienne. \u00c0 Versailles, il vient d\u2019installer le mobilier liturgique de la nouvelle\u00a0<a href=\"https:\/\/www.chantiersducardinal.fr\/actualites\/jeanne-darc-inauguration.html\" target=\"_blank\" rel=\"noopener noreferrer\">chapelle Sainte-Clotilde<\/a>\u00a0dans la crypte de l\u2019\u00e9glise Sainte-Jeanne-d\u2019Arc.<\/p><p>Retrouvez la suite de l&#8217;article des Chantiers du Cardinal<br \/><a href=\"https:\/\/www.chantiersducardinal.fr\/actualites-des-projets\/bruno-de-maistre-au-service-de-lart-et-de-leglise.html\">https:\/\/www.chantiersducardinal.fr\/actualites-des-projets\/bruno-de-maistre-au-service-de-lart-et-de-leglise.html<\/a><\/p>\t\t\t\t\t\t\t\t<\/div>\n\t\t\t\t<\/div>\n\t\t\t\t\t<\/div>\n\t\t\t\t<\/div>\n\t\t<div class=\"elementor-element elementor-element-2f12f82 e-flex e-con-boxed wpr-particle-no wpr-jarallax-no wpr-parallax-no wpr-sticky-section-no wpr-equal-height-no e-con e-parent\" data-id=\"2f12f82\" data-element_type=\"container\" data-e-type=\"container\">\n\t\t\t\t\t<div class=\"e-con-inner\">\n\t\t\t\t<div class=\"elementor-element elementor-element-21d65f0 elementor-widget elementor-widget-mkdf_image_gallery\" data-id=\"21d65f0\" data-element_type=\"widget\" data-e-type=\"widget\" data-widget_type=\"mkdf_image_gallery.default\">\n\t\t\t\t<div class=\"elementor-widget-container\">\n\t\t\t\t\t<div class=\"mkdf-image-gallery mkdf-grid-list mkdf-disable-bottom-space  mkdf-ig-grid-type mkdf-three-columns mkdf-normal-space  \">\n\t<div class=\"mkdf-ig-inner mkdf-outer-space\">\n\t\t\t<\/div>\n<\/div>\t\t\t\t<\/div>\n\t\t\t\t<\/div>\n\t\t\t\t\t<\/div>\n\t\t\t\t<\/div>\n\t\t\t\t<\/div>\n\t\t","protected":false},"excerpt":{"rendered":"<p>\u00c9beniste, fondateur des Ateliers d\u2019Arimathie, Bruno de Maistre est l\u2019auteur de plusieurs cr\u00e9ations pour des \u00e9glises et des chapelles. Derni\u00e8rement il a pr\u00e9sent\u00e9 le mobilier de la chapelle Sainte-Clotilde (\u00e9glise Sainte-Jeanne-d\u2019Arc) \u00e0 Versailles. Il avait re\u00e7u le prix P\u00e8lerin du Patrimoine en 2016. \u00c0 l\u2019automne 2020, Bruno de Maistre travaille<\/p>\n","protected":false},"author":3,"featured_media":4496,"comment_status":"open","ping_status":"open","sticky":false,"template":"","format":"standard","meta":{"_jetpack_memberships_contains_paid_content":false,"footnotes":""},"categories":[107],"tags":[],"class_list":["post-8262","post","type-post","status-publish","format-standard","has-post-thumbnail","hentry","category-art-sacre"],"jetpack_featured_media_url":"https:\/\/www.aucoeurdelamain.fr\/wp-content\/uploads\/2023\/01\/Bruno_de_Maistre_Fondation-RC_HD-10-scaled-1.jpg","jetpack_sharing_enabled":true,"_links":{"self":[{"href":"https:\/\/www.aucoeurdelamain.fr\/index.php\/wp-json\/wp\/v2\/posts\/8262","targetHints":{"allow":["GET"]}}],"collection":[{"href":"https:\/\/www.aucoeurdelamain.fr\/index.php\/wp-json\/wp\/v2\/posts"}],"about":[{"href":"https:\/\/www.aucoeurdelamain.fr\/index.php\/wp-json\/wp\/v2\/types\/post"}],"author":[{"embeddable":true,"href":"https:\/\/www.aucoeurdelamain.fr\/index.php\/wp-json\/wp\/v2\/users\/3"}],"replies":[{"embeddable":true,"href":"https:\/\/www.aucoeurdelamain.fr\/index.php\/wp-json\/wp\/v2\/comments?post=8262"}],"version-history":[{"count":4,"href":"https:\/\/www.aucoeurdelamain.fr\/index.php\/wp-json\/wp\/v2\/posts\/8262\/revisions"}],"predecessor-version":[{"id":8266,"href":"https:\/\/www.aucoeurdelamain.fr\/index.php\/wp-json\/wp\/v2\/posts\/8262\/revisions\/8266"}],"wp:featuredmedia":[{"embeddable":true,"href":"https:\/\/www.aucoeurdelamain.fr\/index.php\/wp-json\/wp\/v2\/media\/4496"}],"wp:attachment":[{"href":"https:\/\/www.aucoeurdelamain.fr\/index.php\/wp-json\/wp\/v2\/media?parent=8262"}],"wp:term":[{"taxonomy":"category","embeddable":true,"href":"https:\/\/www.aucoeurdelamain.fr\/index.php\/wp-json\/wp\/v2\/categories?post=8262"},{"taxonomy":"post_tag","embeddable":true,"href":"https:\/\/www.aucoeurdelamain.fr\/index.php\/wp-json\/wp\/v2\/tags?post=8262"}],"curies":[{"name":"wp","href":"https:\/\/api.w.org\/{rel}","templated":true}]}}