{"id":8257,"date":"2023-01-04T09:04:11","date_gmt":"2023-01-04T08:04:11","guid":{"rendered":"https:\/\/www.aucoeurdelamain.fr\/?p=8257"},"modified":"2025-04-29T09:05:26","modified_gmt":"2025-04-29T07:05:26","slug":"benediction-par-mgr-rouge-de-la-nouvelle-chapelle-sainte-genevieve-a-rueil-malmaison-92","status":"publish","type":"post","link":"https:\/\/www.aucoeurdelamain.fr\/index.php\/2023\/01\/04\/benediction-par-mgr-rouge-de-la-nouvelle-chapelle-sainte-genevieve-a-rueil-malmaison-92\/","title":{"rendered":"B\u00e9n\u00e9diction par Mgr Roug\u00e9 de la nouvelle Chapelle Sainte-Genevi\u00e8ve \u00e0 Rueil-Malmaison (92)"},"content":{"rendered":"\t\t<div data-elementor-type=\"wp-post\" data-elementor-id=\"8257\" class=\"elementor elementor-8257\">\n\t\t\t\t<div class=\"elementor-element elementor-element-37648f8 e-flex e-con-boxed wpr-particle-no wpr-jarallax-no wpr-parallax-no wpr-sticky-section-no wpr-equal-height-no e-con e-parent\" data-id=\"37648f8\" data-element_type=\"container\" data-e-type=\"container\">\n\t\t\t\t\t<div class=\"e-con-inner\">\n\t\t\t\t<div class=\"elementor-element elementor-element-3417499 elementor-widget elementor-widget-text-editor\" data-id=\"3417499\" data-element_type=\"widget\" data-e-type=\"widget\" data-widget_type=\"text-editor.default\">\n\t\t\t\t<div class=\"elementor-widget-container\">\n\t\t\t\t\t\t\t\t\t<p>En cette f\u00eate de la Sainte Genevi\u00e8ve, b\u00e9n\u00e9diction de cette nouvelle chapelle par Mgr Roug\u00e9 \u00e0 Rueil-Malmaison.<br \/>Livr\u00e9e juin 2021;<\/p><p>Merci pour ce beau moment de Foi. La b\u00e9n\u00e9diction de la chapelle a eu lieu ce 3 janvier 2022 par Monseigneur Roug\u00e9.<br \/>Merci Thierry Batut, au p\u00e8re Vairon et au Dioc\u00e8se de Nanterre pour votre confiance.<\/p><p>Retrouvez d&#8217;autres informations sur le site de la paroisse\u00a0<a href=\"https:\/\/www.rueil.diocese92.fr\/ensemble-pastoral\/paroisse-sainte-therese\/renovation-de-la-chapelle-ste-genevieve\/?preview=true\">https:\/\/www.rueil.diocese92.fr\/ensemble-pastoral\/paroisse-sainte-therese\/renovation-de-la-chapelle-ste-genevieve\/?preview=true<\/a><\/p>\t\t\t\t\t\t\t\t<\/div>\n\t\t\t\t<\/div>\n\t\t\t\t\t<\/div>\n\t\t\t\t<\/div>\n\t\t<div class=\"elementor-element elementor-element-fde5dcb e-flex e-con-boxed wpr-particle-no wpr-jarallax-no wpr-parallax-no wpr-sticky-section-no wpr-equal-height-no e-con e-parent\" data-id=\"fde5dcb\" data-element_type=\"container\" data-e-type=\"container\">\n\t\t\t\t\t<div class=\"e-con-inner\">\n\t\t\t\t<div class=\"elementor-element elementor-element-6eac338 elementor-widget elementor-widget-mkdf_image_gallery\" data-id=\"6eac338\" data-element_type=\"widget\" data-e-type=\"widget\" data-widget_type=\"mkdf_image_gallery.default\">\n\t\t\t\t<div class=\"elementor-widget-container\">\n\t\t\t\t\t<div class=\"mkdf-image-gallery mkdf-grid-list mkdf-disable-bottom-space  mkdf-ig-grid-type mkdf-three-columns mkdf-normal-space  \">\n\t<div class=\"mkdf-ig-inner mkdf-outer-space\">\n\t\t\t\t\t<div class=\"mkdf-ig-image mkdf-item-space\">\n\t\t\t\t<div class=\"mkdf-ig-image-inner\">\n\t\t\t\t\t\t\t\t\t\t\t<img fetchpriority=\"high\" decoding=\"async\" width=\"429\" height=\"572\" src=\"https:\/\/www.aucoeurdelamain.fr\/wp-content\/uploads\/2021\/02\/IMG_2348.jpg\" class=\"attachment-full size-full\" alt=\"\" srcset=\"https:\/\/www.aucoeurdelamain.fr\/wp-content\/uploads\/2021\/02\/IMG_2348.jpg 429w, https:\/\/www.aucoeurdelamain.fr\/wp-content\/uploads\/2021\/02\/IMG_2348-225x300.jpg 225w\" sizes=\"(max-width: 429px) 100vw, 429px\" \/>\t\t\t\t\t\t\t\t\t<\/div>\n\t\t\t<\/div>\n\t\t\t\t\t<div class=\"mkdf-ig-image mkdf-item-space\">\n\t\t\t\t<div class=\"mkdf-ig-image-inner\">\n\t\t\t\t\t\t\t\t\t\t\t<img decoding=\"async\" width=\"720\" height=\"960\" src=\"https:\/\/www.aucoeurdelamain.fr\/wp-content\/uploads\/2021\/02\/IMG_2347.jpg\" class=\"attachment-full size-full\" alt=\"\" srcset=\"https:\/\/www.aucoeurdelamain.fr\/wp-content\/uploads\/2021\/02\/IMG_2347.jpg 720w, https:\/\/www.aucoeurdelamain.fr\/wp-content\/uploads\/2021\/02\/IMG_2347-225x300.jpg 225w, https:\/\/www.aucoeurdelamain.fr\/wp-content\/uploads\/2021\/02\/IMG_2347-500x667.jpg 500w, https:\/\/www.aucoeurdelamain.fr\/wp-content\/uploads\/2021\/02\/IMG_2347-600x800.jpg 600w\" sizes=\"(max-width: 720px) 100vw, 720px\" \/>\t\t\t\t\t\t\t\t\t<\/div>\n\t\t\t<\/div>\n\t\t\t\t\t<div class=\"mkdf-ig-image mkdf-item-space\">\n\t\t\t\t<div class=\"mkdf-ig-image-inner\">\n\t\t\t\t\t\t\t\t\t\t\t<img decoding=\"async\" width=\"960\" height=\"720\" src=\"https:\/\/www.aucoeurdelamain.fr\/wp-content\/uploads\/2021\/02\/IMG_2346.jpg\" class=\"attachment-full size-full\" alt=\"\" srcset=\"https:\/\/www.aucoeurdelamain.fr\/wp-content\/uploads\/2021\/02\/IMG_2346.jpg 960w, https:\/\/www.aucoeurdelamain.fr\/wp-content\/uploads\/2021\/02\/IMG_2346-300x225.jpg 300w, https:\/\/www.aucoeurdelamain.fr\/wp-content\/uploads\/2021\/02\/IMG_2346-768x576.jpg 768w, https:\/\/www.aucoeurdelamain.fr\/wp-content\/uploads\/2021\/02\/IMG_2346-500x375.jpg 500w, https:\/\/www.aucoeurdelamain.fr\/wp-content\/uploads\/2021\/02\/IMG_2346-800x600.jpg 800w, https:\/\/www.aucoeurdelamain.fr\/wp-content\/uploads\/2021\/02\/IMG_2346-600x450.jpg 600w\" sizes=\"(max-width: 960px) 100vw, 960px\" \/>\t\t\t\t\t\t\t\t\t<\/div>\n\t\t\t<\/div>\n\t\t\t\t\t<div class=\"mkdf-ig-image mkdf-item-space\">\n\t\t\t\t<div class=\"mkdf-ig-image-inner\">\n\t\t\t\t\t\t\t\t\t\t\t<img loading=\"lazy\" decoding=\"async\" width=\"720\" height=\"960\" src=\"https:\/\/www.aucoeurdelamain.fr\/wp-content\/uploads\/2021\/02\/IMG_2339.jpg\" class=\"attachment-full size-full\" alt=\"\" srcset=\"https:\/\/www.aucoeurdelamain.fr\/wp-content\/uploads\/2021\/02\/IMG_2339.jpg 720w, https:\/\/www.aucoeurdelamain.fr\/wp-content\/uploads\/2021\/02\/IMG_2339-225x300.jpg 225w, https:\/\/www.aucoeurdelamain.fr\/wp-content\/uploads\/2021\/02\/IMG_2339-500x667.jpg 500w, https:\/\/www.aucoeurdelamain.fr\/wp-content\/uploads\/2021\/02\/IMG_2339-600x800.jpg 600w\" sizes=\"(max-width: 720px) 100vw, 720px\" \/>\t\t\t\t\t\t\t\t\t<\/div>\n\t\t\t<\/div>\n\t\t\t\t\t<div class=\"mkdf-ig-image mkdf-item-space\">\n\t\t\t\t<div class=\"mkdf-ig-image-inner\">\n\t\t\t\t\t\t\t\t\t\t\t<img loading=\"lazy\" decoding=\"async\" width=\"960\" height=\"720\" src=\"https:\/\/www.aucoeurdelamain.fr\/wp-content\/uploads\/2021\/02\/IMG_2343.jpg\" class=\"attachment-full size-full\" alt=\"\" srcset=\"https:\/\/www.aucoeurdelamain.fr\/wp-content\/uploads\/2021\/02\/IMG_2343.jpg 960w, https:\/\/www.aucoeurdelamain.fr\/wp-content\/uploads\/2021\/02\/IMG_2343-300x225.jpg 300w, https:\/\/www.aucoeurdelamain.fr\/wp-content\/uploads\/2021\/02\/IMG_2343-768x576.jpg 768w, https:\/\/www.aucoeurdelamain.fr\/wp-content\/uploads\/2021\/02\/IMG_2343-500x375.jpg 500w, https:\/\/www.aucoeurdelamain.fr\/wp-content\/uploads\/2021\/02\/IMG_2343-800x600.jpg 800w, https:\/\/www.aucoeurdelamain.fr\/wp-content\/uploads\/2021\/02\/IMG_2343-600x450.jpg 600w\" sizes=\"(max-width: 960px) 100vw, 960px\" \/>\t\t\t\t\t\t\t\t\t<\/div>\n\t\t\t<\/div>\n\t\t\t\t\t<div class=\"mkdf-ig-image mkdf-item-space\">\n\t\t\t\t<div class=\"mkdf-ig-image-inner\">\n\t\t\t\t\t\t\t\t\t\t\t<img loading=\"lazy\" decoding=\"async\" width=\"2560\" height=\"1920\" src=\"https:\/\/www.aucoeurdelamain.fr\/wp-content\/uploads\/2021\/02\/IMG_1629-1-scaled-1.jpg\" class=\"attachment-full size-full\" alt=\"\" srcset=\"https:\/\/www.aucoeurdelamain.fr\/wp-content\/uploads\/2021\/02\/IMG_1629-1-scaled-1.jpg 2560w, https:\/\/www.aucoeurdelamain.fr\/wp-content\/uploads\/2021\/02\/IMG_1629-1-scaled-1-300x225.jpg 300w, https:\/\/www.aucoeurdelamain.fr\/wp-content\/uploads\/2021\/02\/IMG_1629-1-scaled-1-1024x768.jpg 1024w, https:\/\/www.aucoeurdelamain.fr\/wp-content\/uploads\/2021\/02\/IMG_1629-1-scaled-1-768x576.jpg 768w, https:\/\/www.aucoeurdelamain.fr\/wp-content\/uploads\/2021\/02\/IMG_1629-1-scaled-1-1536x1152.jpg 1536w, https:\/\/www.aucoeurdelamain.fr\/wp-content\/uploads\/2021\/02\/IMG_1629-1-scaled-1-500x375.jpg 500w, https:\/\/www.aucoeurdelamain.fr\/wp-content\/uploads\/2021\/02\/IMG_1629-1-scaled-1-800x600.jpg 800w, https:\/\/www.aucoeurdelamain.fr\/wp-content\/uploads\/2021\/02\/IMG_1629-1-scaled-1-1280x960.jpg 1280w, https:\/\/www.aucoeurdelamain.fr\/wp-content\/uploads\/2021\/02\/IMG_1629-1-scaled-1-1920x1440.jpg 1920w, https:\/\/www.aucoeurdelamain.fr\/wp-content\/uploads\/2021\/02\/IMG_1629-1-scaled-1-600x450.jpg 600w\" sizes=\"(max-width: 2560px) 100vw, 2560px\" \/>\t\t\t\t\t\t\t\t\t<\/div>\n\t\t\t<\/div>\n\t\t\t\t\t<div class=\"mkdf-ig-image mkdf-item-space\">\n\t\t\t\t<div class=\"mkdf-ig-image-inner\">\n\t\t\t\t\t\t\t\t\t\t\t<img loading=\"lazy\" decoding=\"async\" width=\"2560\" height=\"1703\" src=\"https:\/\/www.aucoeurdelamain.fr\/wp-content\/uploads\/2021\/02\/DSC_2676a-scaled-1.jpg\" class=\"attachment-full size-full\" alt=\"\" srcset=\"https:\/\/www.aucoeurdelamain.fr\/wp-content\/uploads\/2021\/02\/DSC_2676a-scaled-1.jpg 2560w, https:\/\/www.aucoeurdelamain.fr\/wp-content\/uploads\/2021\/02\/DSC_2676a-scaled-1-300x200.jpg 300w, https:\/\/www.aucoeurdelamain.fr\/wp-content\/uploads\/2021\/02\/DSC_2676a-scaled-1-1024x681.jpg 1024w, https:\/\/www.aucoeurdelamain.fr\/wp-content\/uploads\/2021\/02\/DSC_2676a-scaled-1-768x511.jpg 768w, https:\/\/www.aucoeurdelamain.fr\/wp-content\/uploads\/2021\/02\/DSC_2676a-scaled-1-1536x1022.jpg 1536w, https:\/\/www.aucoeurdelamain.fr\/wp-content\/uploads\/2021\/02\/DSC_2676a-scaled-1-500x333.jpg 500w, https:\/\/www.aucoeurdelamain.fr\/wp-content\/uploads\/2021\/02\/DSC_2676a-scaled-1-800x532.jpg 800w, https:\/\/www.aucoeurdelamain.fr\/wp-content\/uploads\/2021\/02\/DSC_2676a-scaled-1-1280x852.jpg 1280w, https:\/\/www.aucoeurdelamain.fr\/wp-content\/uploads\/2021\/02\/DSC_2676a-scaled-1-1920x1277.jpg 1920w, https:\/\/www.aucoeurdelamain.fr\/wp-content\/uploads\/2021\/02\/DSC_2676a-scaled-1-600x399.jpg 600w\" sizes=\"(max-width: 2560px) 100vw, 2560px\" \/>\t\t\t\t\t\t\t\t\t<\/div>\n\t\t\t<\/div>\n\t\t\t\t\t<div class=\"mkdf-ig-image mkdf-item-space\">\n\t\t\t\t<div class=\"mkdf-ig-image-inner\">\n\t\t\t\t\t\t\t\t\t\t\t<img loading=\"lazy\" decoding=\"async\" width=\"2560\" height=\"1703\" src=\"https:\/\/www.aucoeurdelamain.fr\/wp-content\/uploads\/2021\/02\/DSC_2660a-scaled-1.jpg\" class=\"attachment-full size-full\" alt=\"\" srcset=\"https:\/\/www.aucoeurdelamain.fr\/wp-content\/uploads\/2021\/02\/DSC_2660a-scaled-1.jpg 2560w, https:\/\/www.aucoeurdelamain.fr\/wp-content\/uploads\/2021\/02\/DSC_2660a-scaled-1-300x200.jpg 300w, https:\/\/www.aucoeurdelamain.fr\/wp-content\/uploads\/2021\/02\/DSC_2660a-scaled-1-1024x681.jpg 1024w, https:\/\/www.aucoeurdelamain.fr\/wp-content\/uploads\/2021\/02\/DSC_2660a-scaled-1-768x511.jpg 768w, https:\/\/www.aucoeurdelamain.fr\/wp-content\/uploads\/2021\/02\/DSC_2660a-scaled-1-1536x1022.jpg 1536w, https:\/\/www.aucoeurdelamain.fr\/wp-content\/uploads\/2021\/02\/DSC_2660a-scaled-1-500x333.jpg 500w, https:\/\/www.aucoeurdelamain.fr\/wp-content\/uploads\/2021\/02\/DSC_2660a-scaled-1-800x532.jpg 800w, https:\/\/www.aucoeurdelamain.fr\/wp-content\/uploads\/2021\/02\/DSC_2660a-scaled-1-1280x852.jpg 1280w, https:\/\/www.aucoeurdelamain.fr\/wp-content\/uploads\/2021\/02\/DSC_2660a-scaled-1-1920x1277.jpg 1920w, https:\/\/www.aucoeurdelamain.fr\/wp-content\/uploads\/2021\/02\/DSC_2660a-scaled-1-600x399.jpg 600w\" sizes=\"(max-width: 2560px) 100vw, 2560px\" \/>\t\t\t\t\t\t\t\t\t<\/div>\n\t\t\t<\/div>\n\t\t\t\t\t<div class=\"mkdf-ig-image mkdf-item-space\">\n\t\t\t\t<div class=\"mkdf-ig-image-inner\">\n\t\t\t\t\t\t\t\t\t\t\t<img loading=\"lazy\" decoding=\"async\" width=\"2560\" height=\"1703\" src=\"https:\/\/www.aucoeurdelamain.fr\/wp-content\/uploads\/2021\/02\/DSC_2674a-scaled-1.jpg\" class=\"attachment-full size-full\" alt=\"\" srcset=\"https:\/\/www.aucoeurdelamain.fr\/wp-content\/uploads\/2021\/02\/DSC_2674a-scaled-1.jpg 2560w, https:\/\/www.aucoeurdelamain.fr\/wp-content\/uploads\/2021\/02\/DSC_2674a-scaled-1-300x200.jpg 300w, https:\/\/www.aucoeurdelamain.fr\/wp-content\/uploads\/2021\/02\/DSC_2674a-scaled-1-1024x681.jpg 1024w, https:\/\/www.aucoeurdelamain.fr\/wp-content\/uploads\/2021\/02\/DSC_2674a-scaled-1-768x511.jpg 768w, https:\/\/www.aucoeurdelamain.fr\/wp-content\/uploads\/2021\/02\/DSC_2674a-scaled-1-1536x1022.jpg 1536w, https:\/\/www.aucoeurdelamain.fr\/wp-content\/uploads\/2021\/02\/DSC_2674a-scaled-1-500x333.jpg 500w, https:\/\/www.aucoeurdelamain.fr\/wp-content\/uploads\/2021\/02\/DSC_2674a-scaled-1-800x532.jpg 800w, https:\/\/www.aucoeurdelamain.fr\/wp-content\/uploads\/2021\/02\/DSC_2674a-scaled-1-1280x852.jpg 1280w, https:\/\/www.aucoeurdelamain.fr\/wp-content\/uploads\/2021\/02\/DSC_2674a-scaled-1-1920x1277.jpg 1920w, https:\/\/www.aucoeurdelamain.fr\/wp-content\/uploads\/2021\/02\/DSC_2674a-scaled-1-600x399.jpg 600w\" sizes=\"(max-width: 2560px) 100vw, 2560px\" \/>\t\t\t\t\t\t\t\t\t<\/div>\n\t\t\t<\/div>\n\t\t\t\t\t<div class=\"mkdf-ig-image mkdf-item-space\">\n\t\t\t\t<div class=\"mkdf-ig-image-inner\">\n\t\t\t\t\t\t\t\t\t\t\t<img loading=\"lazy\" decoding=\"async\" width=\"2560\" height=\"1703\" src=\"https:\/\/www.aucoeurdelamain.fr\/wp-content\/uploads\/2021\/02\/DSC_2665a-scaled-1.jpg\" class=\"attachment-full size-full\" alt=\"\" srcset=\"https:\/\/www.aucoeurdelamain.fr\/wp-content\/uploads\/2021\/02\/DSC_2665a-scaled-1.jpg 2560w, https:\/\/www.aucoeurdelamain.fr\/wp-content\/uploads\/2021\/02\/DSC_2665a-scaled-1-300x200.jpg 300w, https:\/\/www.aucoeurdelamain.fr\/wp-content\/uploads\/2021\/02\/DSC_2665a-scaled-1-1024x681.jpg 1024w, https:\/\/www.aucoeurdelamain.fr\/wp-content\/uploads\/2021\/02\/DSC_2665a-scaled-1-768x511.jpg 768w, https:\/\/www.aucoeurdelamain.fr\/wp-content\/uploads\/2021\/02\/DSC_2665a-scaled-1-1536x1022.jpg 1536w, https:\/\/www.aucoeurdelamain.fr\/wp-content\/uploads\/2021\/02\/DSC_2665a-scaled-1-500x333.jpg 500w, https:\/\/www.aucoeurdelamain.fr\/wp-content\/uploads\/2021\/02\/DSC_2665a-scaled-1-800x532.jpg 800w, https:\/\/www.aucoeurdelamain.fr\/wp-content\/uploads\/2021\/02\/DSC_2665a-scaled-1-1280x852.jpg 1280w, https:\/\/www.aucoeurdelamain.fr\/wp-content\/uploads\/2021\/02\/DSC_2665a-scaled-1-1920x1277.jpg 1920w, https:\/\/www.aucoeurdelamain.fr\/wp-content\/uploads\/2021\/02\/DSC_2665a-scaled-1-600x399.jpg 600w\" sizes=\"(max-width: 2560px) 100vw, 2560px\" \/>\t\t\t\t\t\t\t\t\t<\/div>\n\t\t\t<\/div>\n\t\t\t\t\t<div class=\"mkdf-ig-image mkdf-item-space\">\n\t\t\t\t<div class=\"mkdf-ig-image-inner\">\n\t\t\t\t\t\t\t\t\t\t\t<img loading=\"lazy\" decoding=\"async\" width=\"2560\" height=\"1703\" src=\"https:\/\/www.aucoeurdelamain.fr\/wp-content\/uploads\/2021\/02\/DSC_2647a-scaled-1.jpg\" class=\"attachment-full size-full\" alt=\"\" srcset=\"https:\/\/www.aucoeurdelamain.fr\/wp-content\/uploads\/2021\/02\/DSC_2647a-scaled-1.jpg 2560w, https:\/\/www.aucoeurdelamain.fr\/wp-content\/uploads\/2021\/02\/DSC_2647a-scaled-1-300x200.jpg 300w, https:\/\/www.aucoeurdelamain.fr\/wp-content\/uploads\/2021\/02\/DSC_2647a-scaled-1-1024x681.jpg 1024w, https:\/\/www.aucoeurdelamain.fr\/wp-content\/uploads\/2021\/02\/DSC_2647a-scaled-1-768x511.jpg 768w, https:\/\/www.aucoeurdelamain.fr\/wp-content\/uploads\/2021\/02\/DSC_2647a-scaled-1-1536x1022.jpg 1536w, https:\/\/www.aucoeurdelamain.fr\/wp-content\/uploads\/2021\/02\/DSC_2647a-scaled-1-500x333.jpg 500w, https:\/\/www.aucoeurdelamain.fr\/wp-content\/uploads\/2021\/02\/DSC_2647a-scaled-1-800x532.jpg 800w, https:\/\/www.aucoeurdelamain.fr\/wp-content\/uploads\/2021\/02\/DSC_2647a-scaled-1-1280x852.jpg 1280w, https:\/\/www.aucoeurdelamain.fr\/wp-content\/uploads\/2021\/02\/DSC_2647a-scaled-1-1920x1277.jpg 1920w, https:\/\/www.aucoeurdelamain.fr\/wp-content\/uploads\/2021\/02\/DSC_2647a-scaled-1-600x399.jpg 600w\" sizes=\"(max-width: 2560px) 100vw, 2560px\" \/>\t\t\t\t\t\t\t\t\t<\/div>\n\t\t\t<\/div>\n\t\t\t<\/div>\n<\/div>\t\t\t\t<\/div>\n\t\t\t\t<\/div>\n\t\t\t\t\t<\/div>\n\t\t\t\t<\/div>\n\t\t\t\t<\/div>\n\t\t","protected":false},"excerpt":{"rendered":"<p>En cette f\u00eate de la Sainte Genevi\u00e8ve, b\u00e9n\u00e9diction de cette nouvelle chapelle par Mgr Roug\u00e9 \u00e0 Rueil-Malmaison.Livr\u00e9e juin 2021; Merci pour ce beau moment de Foi. La b\u00e9n\u00e9diction de la chapelle a eu lieu ce 3 janvier 2022 par Monseigneur Roug\u00e9.Merci Thierry Batut, au p\u00e8re Vairon et au Dioc\u00e8se de<\/p>\n","protected":false},"author":3,"featured_media":2307,"comment_status":"open","ping_status":"open","sticky":false,"template":"","format":"standard","meta":{"_jetpack_memberships_contains_paid_content":false,"footnotes":""},"categories":[107],"tags":[],"class_list":["post-8257","post","type-post","status-publish","format-standard","has-post-thumbnail","hentry","category-art-sacre"],"jetpack_featured_media_url":"https:\/\/www.aucoeurdelamain.fr\/wp-content\/uploads\/2021\/02\/DSC_2676a-scaled-1.jpg","jetpack_sharing_enabled":true,"_links":{"self":[{"href":"https:\/\/www.aucoeurdelamain.fr\/index.php\/wp-json\/wp\/v2\/posts\/8257","targetHints":{"allow":["GET"]}}],"collection":[{"href":"https:\/\/www.aucoeurdelamain.fr\/index.php\/wp-json\/wp\/v2\/posts"}],"about":[{"href":"https:\/\/www.aucoeurdelamain.fr\/index.php\/wp-json\/wp\/v2\/types\/post"}],"author":[{"embeddable":true,"href":"https:\/\/www.aucoeurdelamain.fr\/index.php\/wp-json\/wp\/v2\/users\/3"}],"replies":[{"embeddable":true,"href":"https:\/\/www.aucoeurdelamain.fr\/index.php\/wp-json\/wp\/v2\/comments?post=8257"}],"version-history":[{"count":4,"href":"https:\/\/www.aucoeurdelamain.fr\/index.php\/wp-json\/wp\/v2\/posts\/8257\/revisions"}],"predecessor-version":[{"id":8261,"href":"https:\/\/www.aucoeurdelamain.fr\/index.php\/wp-json\/wp\/v2\/posts\/8257\/revisions\/8261"}],"wp:featuredmedia":[{"embeddable":true,"href":"https:\/\/www.aucoeurdelamain.fr\/index.php\/wp-json\/wp\/v2\/media\/2307"}],"wp:attachment":[{"href":"https:\/\/www.aucoeurdelamain.fr\/index.php\/wp-json\/wp\/v2\/media?parent=8257"}],"wp:term":[{"taxonomy":"category","embeddable":true,"href":"https:\/\/www.aucoeurdelamain.fr\/index.php\/wp-json\/wp\/v2\/categories?post=8257"},{"taxonomy":"post_tag","embeddable":true,"href":"https:\/\/www.aucoeurdelamain.fr\/index.php\/wp-json\/wp\/v2\/tags?post=8257"}],"curies":[{"name":"wp","href":"https:\/\/api.w.org\/{rel}","templated":true}]}}