{"id":8231,"date":"2018-11-20T08:41:43","date_gmt":"2018-11-20T07:41:43","guid":{"rendered":"https:\/\/www.aucoeurdelamain.fr\/?p=8231"},"modified":"2025-04-29T08:43:09","modified_gmt":"2025-04-29T06:43:09","slug":"le-choeur-de-nd-de-boulogne-ouvrira-ses-bras-pour-nous-accueillir-toutes-les-lignes-convergeant-vers-lautel-situe-au-centre-chantiers-du-cardinal-oct-2018","status":"publish","type":"post","link":"https:\/\/www.aucoeurdelamain.fr\/index.php\/2018\/11\/20\/le-choeur-de-nd-de-boulogne-ouvrira-ses-bras-pour-nous-accueillir-toutes-les-lignes-convergeant-vers-lautel-situe-au-centre-chantiers-du-cardinal-oct-2018\/","title":{"rendered":"\u00ab Le choeur de ND de Boulogne ouvrira ses bras pour nous accueillir, toutes les lignes convergeant vers l&#8217;autel situ\u00e9 au centre \u00bb Chantiers du Cardinal (Oct 2018)"},"content":{"rendered":"\t\t<div data-elementor-type=\"wp-post\" data-elementor-id=\"8231\" class=\"elementor elementor-8231\">\n\t\t\t\t<div class=\"elementor-element elementor-element-81d4c15 e-flex e-con-boxed wpr-particle-no wpr-jarallax-no wpr-parallax-no wpr-sticky-section-no wpr-equal-height-no e-con e-parent\" data-id=\"81d4c15\" data-element_type=\"container\" data-e-type=\"container\">\n\t\t\t\t\t<div class=\"e-con-inner\">\n\t\t\t\t<div class=\"elementor-element elementor-element-3c315d1 elementor-widget elementor-widget-text-editor\" data-id=\"3c315d1\" data-element_type=\"widget\" data-e-type=\"widget\" data-widget_type=\"text-editor.default\">\n\t\t\t\t<div class=\"elementor-widget-container\">\n\t\t\t\t\t\t\t\t\t<p><strong>L\u2019actuel autel avait \u00e9t\u00e9 install\u00e9 \u00ab\u00a0provisoirement\u00a0\u00bb apr\u00e8s le Concile Vatican II<\/strong>, il y a donc 50 ans\u00a0! Dans un \u00e9tat fortement d\u00e9grad\u00e9 tout comme l\u2019estrade qui l\u2019accueille, il est imp\u00e9ratif selon Antoine Rousteau, \u00e9conome dioc\u00e9sain de Nanterre,\u00a0<em>\u00ab\u00a0d\u2019intervenir de fa\u00e7on urgente\u00a0\u00bb.<\/em><\/p><p><strong>Le dioc\u00e8se de Nanterre a fait appel \u00e0 Bruno de Maistre et ses\u00a0<a href=\"https:\/\/www.darimathie.fr\/\">Ateliers d\u2019Arimathie<\/a>.<\/strong>\u00a0L\u2019artisan a d\u00e9j\u00e0 travaill\u00e9 avec le dioc\u00e8se \u00e0 plusieurs reprises dans des lieux de culte catholiques. Il a en particulier r\u00e9alis\u00e9 l\u2019am\u00e9nagement du ch\u0153ur du\u00a0<a href=\"https:\/\/www.chantiersducardinal.fr\/projet\/centre-paroissial-saint-jean-paul-ii-a-colombes-92\">centre paroissial Saint-Jean-Paul-II \u00e0 Colombes<\/a>\u00a0pour lequel il avait re\u00e7u\u00a0<a href=\"https:\/\/www.chantiersducardinal.fr\/evenements-projets\/2016-remise-du-prix-de-la-creation-contemporaine-chantiers-du-cardinal.html\">le prix de la cr\u00e9ation Chantiers du Cardinal 2016<\/a>\u00a0dans le cadre du Grand prix du patrimoine\u00a0<em>P\u00e8lerin<\/em>. Il d\u00e9taille son projet ci-dessous.<\/p><p><a href=\"https:\/\/www.chantiersducardinal.fr\/evenements-partenariat\/culture\/le-choeur-ouvrira-ses-bras-pour-nous-accueillir-toutes-les-lignes-convergeant-vers-lautel-situe-au-centre.html\">https:\/\/www.chantiersducardinal.fr\/evenements-partenariat\/culture\/le-choeur-ouvrira-ses-bras-pour-nous-accueillir-toutes-les-lignes-convergeant-vers-lautel-situe-au-centre.html<\/a><\/p>\t\t\t\t\t\t\t\t<\/div>\n\t\t\t\t<\/div>\n\t\t\t\t\t<\/div>\n\t\t\t\t<\/div>\n\t\t\t\t<\/div>\n\t\t","protected":false},"excerpt":{"rendered":"<p>L\u2019actuel autel avait \u00e9t\u00e9 install\u00e9 \u00ab\u00a0provisoirement\u00a0\u00bb apr\u00e8s le Concile Vatican II, il y a donc 50 ans\u00a0! Dans un \u00e9tat fortement d\u00e9grad\u00e9 tout comme l\u2019estrade qui l\u2019accueille, il est imp\u00e9ratif selon Antoine Rousteau, \u00e9conome dioc\u00e9sain de Nanterre,\u00a0\u00ab\u00a0d\u2019intervenir de fa\u00e7on urgente\u00a0\u00bb. Le dioc\u00e8se de Nanterre a fait appel \u00e0 Bruno de<\/p>\n","protected":false},"author":3,"featured_media":1559,"comment_status":"open","ping_status":"open","sticky":false,"template":"","format":"standard","meta":{"_jetpack_memberships_contains_paid_content":false,"footnotes":""},"categories":[107],"tags":[],"class_list":["post-8231","post","type-post","status-publish","format-standard","has-post-thumbnail","hentry","category-art-sacre"],"jetpack_featured_media_url":"https:\/\/www.aucoeurdelamain.fr\/wp-content\/uploads\/2021\/01\/2017-10-10-pourny-michel-maison-j-p-ii-colombes-25.jpg","jetpack_sharing_enabled":true,"_links":{"self":[{"href":"https:\/\/www.aucoeurdelamain.fr\/index.php\/wp-json\/wp\/v2\/posts\/8231","targetHints":{"allow":["GET"]}}],"collection":[{"href":"https:\/\/www.aucoeurdelamain.fr\/index.php\/wp-json\/wp\/v2\/posts"}],"about":[{"href":"https:\/\/www.aucoeurdelamain.fr\/index.php\/wp-json\/wp\/v2\/types\/post"}],"author":[{"embeddable":true,"href":"https:\/\/www.aucoeurdelamain.fr\/index.php\/wp-json\/wp\/v2\/users\/3"}],"replies":[{"embeddable":true,"href":"https:\/\/www.aucoeurdelamain.fr\/index.php\/wp-json\/wp\/v2\/comments?post=8231"}],"version-history":[{"count":4,"href":"https:\/\/www.aucoeurdelamain.fr\/index.php\/wp-json\/wp\/v2\/posts\/8231\/revisions"}],"predecessor-version":[{"id":8235,"href":"https:\/\/www.aucoeurdelamain.fr\/index.php\/wp-json\/wp\/v2\/posts\/8231\/revisions\/8235"}],"wp:featuredmedia":[{"embeddable":true,"href":"https:\/\/www.aucoeurdelamain.fr\/index.php\/wp-json\/wp\/v2\/media\/1559"}],"wp:attachment":[{"href":"https:\/\/www.aucoeurdelamain.fr\/index.php\/wp-json\/wp\/v2\/media?parent=8231"}],"wp:term":[{"taxonomy":"category","embeddable":true,"href":"https:\/\/www.aucoeurdelamain.fr\/index.php\/wp-json\/wp\/v2\/categories?post=8231"},{"taxonomy":"post_tag","embeddable":true,"href":"https:\/\/www.aucoeurdelamain.fr\/index.php\/wp-json\/wp\/v2\/tags?post=8231"}],"curies":[{"name":"wp","href":"https:\/\/api.w.org\/{rel}","templated":true}]}}