{"id":8226,"date":"2016-11-20T08:38:20","date_gmt":"2016-11-20T07:38:20","guid":{"rendered":"https:\/\/www.aucoeurdelamain.fr\/?p=8226"},"modified":"2025-05-26T15:19:29","modified_gmt":"2025-05-26T13:19:29","slug":"je-travaille-sous-le-regard-de-joseph-et-de-jesus-qui-sont-du-metier-le-pelerin-novembre-2016","status":"publish","type":"post","link":"https:\/\/www.aucoeurdelamain.fr\/index.php\/2016\/11\/20\/je-travaille-sous-le-regard-de-joseph-et-de-jesus-qui-sont-du-metier-le-pelerin-novembre-2016\/","title":{"rendered":"\u00ab\u202fJe travaille sous le regard de Joseph et de J\u00e9sus, qui sont du m\u00e9tier\u202f\u00bb Le P\u00e8lerin (Novembre 2016)"},"content":{"rendered":"\t\t<div data-elementor-type=\"wp-post\" data-elementor-id=\"8226\" class=\"elementor elementor-8226\">\n\t\t\t\t<div class=\"elementor-element elementor-element-bc208aa e-flex e-con-boxed wpr-particle-no wpr-jarallax-no wpr-parallax-no wpr-sticky-section-no wpr-equal-height-no e-con e-parent\" data-id=\"bc208aa\" data-element_type=\"container\" data-e-type=\"container\">\n\t\t\t\t\t<div class=\"e-con-inner\">\n\t\t\t\t<div class=\"elementor-element elementor-element-ea402bc elementor-widget elementor-widget-text-editor\" data-id=\"ea402bc\" data-element_type=\"widget\" data-e-type=\"widget\" data-widget_type=\"text-editor.default\">\n\t\t\t\t<div class=\"elementor-widget-container\">\n\t\t\t\t\t\t\t\t\t<p>P\u00e8lerin \u2013 n\u00b06988 &#8211; 7 novembre 2016<br \/>https:\/\/www.lepelerin.com\/patrimoine\/le-grand-prix-pelerin-du-patrimoine\/bruno-de-maistre-les-flammes-de-la-foi-auffargis-yvelines\/<\/p><p>\u00ab\u202fJe travaille sous le regard de Joseph et de J\u00e9sus, qui sont du m\u00e9tier\u202f\u00bb, souffle Bruno de Maistre,\u00a0<a href=\"https:\/\/www.bdm.paris\/\" target=\"_blank\" rel=\"noreferrer noopener\">architecte mobilier<\/a>, en pr\u00e9sentant le fruit de son travail, pos\u00e9 dans son atelier d\u2019Auffargis, pr\u00e8s de Rambouillet\u202f: un mobilier liturgique tout en bois, \u00e0 qui il ne manque plus que le vernis protecteur. L\u2019autel, l\u2019ambon, la croix, et le tabernacle sont destin\u00e9s \u00e0 l\u2019oratoire de la maison paroissiale Saint-Jean-Paul-II de Colombes (Hauts-de-Seine), dont le r\u00e9am\u00e9nagement complet (r\u00e9novation et agrandissement) est en voie d\u2019ach\u00e8vement.<\/p>\t\t\t\t\t\t\t\t<\/div>\n\t\t\t\t<\/div>\n\t\t\t\t\t<\/div>\n\t\t\t\t<\/div>\n\t\t\t\t<\/div>\n\t\t","protected":false},"excerpt":{"rendered":"<p>P\u00e8lerin \u2013 n\u00b06988 &#8211; 7 novembre 2016https:\/\/www.lepelerin.com\/patrimoine\/le-grand-prix-pelerin-du-patrimoine\/bruno-de-maistre-les-flammes-de-la-foi-auffargis-yvelines\/ \u00ab\u202fJe travaille sous le regard de Joseph et de J\u00e9sus, qui sont du m\u00e9tier\u202f\u00bb, souffle Bruno de Maistre,\u00a0architecte mobilier, en pr\u00e9sentant le fruit de son travail, pos\u00e9 dans son atelier d\u2019Auffargis, pr\u00e8s de Rambouillet\u202f: un mobilier liturgique tout en bois, \u00e0 qui il<\/p>\n","protected":false},"author":3,"featured_media":261,"comment_status":"open","ping_status":"open","sticky":false,"template":"","format":"standard","meta":{"_jetpack_memberships_contains_paid_content":false,"footnotes":""},"categories":[107,95],"tags":[],"class_list":["post-8226","post","type-post","status-publish","format-standard","has-post-thumbnail","hentry","category-art-sacre","category-presse"],"jetpack_featured_media_url":"https:\/\/www.aucoeurdelamain.fr\/wp-content\/uploads\/2018\/02\/le-feu-au-monde-POURNY-Michel-Maison-J-P-II-Colombes-115.jpg","jetpack_sharing_enabled":true,"_links":{"self":[{"href":"https:\/\/www.aucoeurdelamain.fr\/index.php\/wp-json\/wp\/v2\/posts\/8226","targetHints":{"allow":["GET"]}}],"collection":[{"href":"https:\/\/www.aucoeurdelamain.fr\/index.php\/wp-json\/wp\/v2\/posts"}],"about":[{"href":"https:\/\/www.aucoeurdelamain.fr\/index.php\/wp-json\/wp\/v2\/types\/post"}],"author":[{"embeddable":true,"href":"https:\/\/www.aucoeurdelamain.fr\/index.php\/wp-json\/wp\/v2\/users\/3"}],"replies":[{"embeddable":true,"href":"https:\/\/www.aucoeurdelamain.fr\/index.php\/wp-json\/wp\/v2\/comments?post=8226"}],"version-history":[{"count":4,"href":"https:\/\/www.aucoeurdelamain.fr\/index.php\/wp-json\/wp\/v2\/posts\/8226\/revisions"}],"predecessor-version":[{"id":8230,"href":"https:\/\/www.aucoeurdelamain.fr\/index.php\/wp-json\/wp\/v2\/posts\/8226\/revisions\/8230"}],"wp:featuredmedia":[{"embeddable":true,"href":"https:\/\/www.aucoeurdelamain.fr\/index.php\/wp-json\/wp\/v2\/media\/261"}],"wp:attachment":[{"href":"https:\/\/www.aucoeurdelamain.fr\/index.php\/wp-json\/wp\/v2\/media?parent=8226"}],"wp:term":[{"taxonomy":"category","embeddable":true,"href":"https:\/\/www.aucoeurdelamain.fr\/index.php\/wp-json\/wp\/v2\/categories?post=8226"},{"taxonomy":"post_tag","embeddable":true,"href":"https:\/\/www.aucoeurdelamain.fr\/index.php\/wp-json\/wp\/v2\/tags?post=8226"}],"curies":[{"name":"wp","href":"https:\/\/api.w.org\/{rel}","templated":true}]}}