{"id":8220,"date":"2024-01-09T08:33:13","date_gmt":"2024-01-09T07:33:13","guid":{"rendered":"https:\/\/www.aucoeurdelamain.fr\/?p=8220"},"modified":"2025-05-26T15:24:33","modified_gmt":"2025-05-26T13:24:33","slug":"un-nouvel-autel-pour-leglise-saint-jacques-de-lyon-aleteia-9-janvier-2024","status":"publish","type":"post","link":"https:\/\/www.aucoeurdelamain.fr\/index.php\/2024\/01\/09\/un-nouvel-autel-pour-leglise-saint-jacques-de-lyon-aleteia-9-janvier-2024\/","title":{"rendered":"&#8220;Un nouvel autel pour l\u2019\u00e9glise Saint-Jacques de Lyon !&#8221; ALETEIA &#8211; 9 janvier 2024"},"content":{"rendered":"\t\t<div data-elementor-type=\"wp-post\" data-elementor-id=\"8220\" class=\"elementor elementor-8220\">\n\t\t\t\t<div class=\"elementor-element elementor-element-8411a36 e-flex e-con-boxed wpr-particle-no wpr-jarallax-no wpr-parallax-no wpr-sticky-section-no wpr-equal-height-no e-con e-parent\" data-id=\"8411a36\" data-element_type=\"container\" data-e-type=\"container\">\n\t\t\t\t\t<div class=\"e-con-inner\">\n\t\t\t\t<div class=\"elementor-element elementor-element-c862b9d elementor-widget elementor-widget-text-editor\" data-id=\"c862b9d\" data-element_type=\"widget\" data-e-type=\"widget\" data-widget_type=\"text-editor.default\">\n\t\t\t\t<div class=\"elementor-widget-container\">\n\t\t\t\t\t\t\t\t\t<p><span class=\"subtitle\">C\u2019\u00e9tait une premi\u00e8re pour le nouvel \u00e9v\u00eaque auxiliaire de Lyon, Mgr Lo\u00efc Lagadec. Ce dimanche 7 janvier, il a consacr\u00e9 le nouvel autel r\u00e9alis\u00e9 par l\u2019artiste Bruno de Maistre, \u00e0 l\u2019\u00e9glise Saint-Jacques, en pleine r\u00e9novation, situ\u00e9e dans le 8eme arrondissement de Lyon.<\/span><\/p><p>Ils \u00e9taient tr\u00e8s nombreux, en ce dimanche de l\u2019\u00c9piphanie, les fid\u00e8les de l\u2019ensemble paroissial\u00a0<a href=\"https:\/\/nd-misericorde.com\/\" target=\"_blank\" rel=\"noopener noreferrer\">Notre-Dame de la\u00a0<\/a><a href=\"https:\/\/fr.aleteia.org\/tag\/misericorde\/\" target=\"_blank\" rel=\"noopener noreferrer\">Mis\u00e9ricorde<\/a>\u00a0(qui regroupe quatre \u00e9glises du 8\u00e8me arrondissement de Lyon et de V\u00e9nissieux), \u00e0 se retrouver \u00e0 l\u2019\u00e9glise Saint-Jacques pour une messe et un c\u00e9r\u00e9monial pas si courant : la cons\u00e9cration d\u2019un nouvel autel par l\u2019\u00e9v\u00eaque auxiliaire de Lyon,\u00a0<a href=\"https:\/\/fr.aleteia.org\/2023\/04\/29\/voici-le-nouvel-eveque-plus-jeune-de-france\/\" target=\"_self\" rel=\"noopener noreferrer\">Mgr Lo\u00efc Lagadec<\/a>.<\/p><p>Tellement peu courant d\u2019ailleurs que le jeune \u00e9v\u00eaque a confi\u00e9 que c\u2019\u00e9tait une premi\u00e8re pour lui-aussi. Il a ainsi d\u00fb reprendre pendant la messe le c\u00e9r\u00e9monial \u00e9tabli pour \u00eatre s\u00fbr de ne rien oublier : de l\u2019aspersion d\u2019eau b\u00e9nite \u00e0 la pose du saint chr\u00eame sur l\u2019ensemble de la table, sans oublier la d\u00e9pose des reliques en son sein. Le tout sous les yeux attentifs d\u2019une foule nombreuse, heureuse de se retrouver dans cette \u00e9glise qui a \u00e9t\u00e9 ferm\u00e9e plus d\u2019un an pour travaux.<\/p><div class=\"wp-block-aleteia-heading3\"><h2>Une \u00e9glise con\u00e7ue comme un th\u00e9\u00e2tre<\/h2><\/div><p>Situ\u00e9e en plein c\u0153ur du quartier populaire des \u00c9tats-Unis dans le 8\u00e8me arrondissement de Lyon, l\u2019histoire de l\u2019\u00e9glise Saint-Jacques est pleine de rebondissements puisqu\u2019elle avait \u00e9t\u00e9 pens\u00e9e au d\u00e9part comme une salle de th\u00e9\u00e2tre et non comme une \u00e9glise, lors de sa construction en 1936. Chapelle \u00e0 l\u2019\u00e9poque temporaire, lieu d\u2019accueil pour les patronages et les populations toujours plus nombreuses, le temporaire est devenu d\u00e9finitif et cette \u00e9glise a donc une architecture bien \u00e0 elle, avec un seul clocher, une tribune et un ch\u0153ur s\u00e9par\u00e9 par une demi-cloison sur laquelle l\u2019artiste Louise Cottin a peint une fresque de la vie de saint Jacques, aujourd\u2019hui class\u00e9e. Pour la restaurer et l\u2019embellir, l\u2019ancien cur\u00e9 de lieux,\u00a0<a title=\"\" href=\"https:\/\/fr.aleteia.org\/2021\/09\/04\/pere-yves-guerpillon-je-souhaite-que-fourviere-soit-un-phare-pour-levangelisation\/\" target=\"_blank\" rel=\"noopener noreferrer\">le p\u00e8re Yves Guerpillon<\/a>, actuel recteur de Fourvi\u00e8re, a donc planch\u00e9 avec ses \u00e9quipes pendant trois ans sur d\u2019importants travaux d\u2019embellissements et de mise aux normes. Et si tout n\u2019\u00e9tait pas encore fini, ce dimanche 7 janvier, le nouveau cur\u00e9,\u00a0<a title=\"\" href=\"https:\/\/fr.aleteia.org\/2023\/04\/24\/pere-xavier-bizard-se-laisser-aimer-par-le-christ-pour-changer-le-monde\/\" target=\"_blank\" rel=\"noopener noreferrer\">le p\u00e8re Xavier Bizard<\/a>, qui a pris la t\u00eate du chantier, a pu y accueillir son \u00e9v\u00eaque et ses paroissiens, pour consacrer le nouveau mobilier liturgique.<\/p><div class=\"wp-block-aleteia-heading3\"><h2>L\u2019Esprit saint haut d\u00e9bit<\/h2><\/div><p>Ce nouveau mobilier qui se situe dans le ch\u0153ur a \u00e9t\u00e9 r\u00e9alis\u00e9 par l\u2019artiste\u00a0<a title=\"\" href=\"https:\/\/fr.aleteia.org\/2022\/11\/04\/bruno-de-maistre-un-ebeniste-au-service-du-sacre\/\" target=\"_blank\" rel=\"noopener noreferrer\">Bruno de Maistre<\/a>, et repr\u00e9sente \u00ab\u00a0le feu du c\u0153ur du Christ et de l\u2019<a href=\"https:\/\/fr.aleteia.org\/tag\/esprit-saint\/\" target=\"_blank\" rel=\"noopener noreferrer\">Esprit saint<\/a>\u00a0(qui) nous br\u00fblent et nous envoient en mission\u00a0\u00bb, a expliqu\u00e9 l\u2019\u00e9b\u00e9niste sculpteur. Bruno de Maistre, qui dit toujours \u00ab\u00a0prier l\u2019Esprit saint pendant la fabrication\u00a0\u00bb, a ainsi r\u00e9alis\u00e9 un tr\u00e8s bel autel en ch\u00eane, fait de frisages rayonnant, sur lequel un Christ, inspir\u00e9 de l\u2019ic\u00f4ne du Christ Pentocrator, montre son c\u0153ur enflamm\u00e9, rehauss\u00e9 de feuilles d\u2019or. Le reste du mobilier, le tabernacle, l\u2019ambon et les bougeoirs, constitue un ensemble rayonnant en ch\u00eane, en noyer et en feuille d\u2019or et dialogue avec la fresque de Louise Cottin. Si l\u2019ensemble est d\u00e9j\u00e0 tr\u00e8s beau et plein de sens, tout n\u2019a pourtant pas encore \u00e9t\u00e9 r\u00e9v\u00e9l\u00e9. En effet, les paroissiens devront encore patienter un peu pour d\u00e9couvrir le r\u00e9sultat final, puisqu\u2019une immense fresque de la Pentec\u00f4te, est en cours de r\u00e9alisation par\u00a0<a title=\"\" href=\"https:\/\/fr.aleteia.org\/2022\/06\/30\/a-lyon-un-incroyable-retable-de-37-m2-desormais-visible\/\" target=\"_blank\" rel=\"noopener noreferrer\">l\u2019artiste peintre Bruno Desroches<\/a>, et sera d\u00e9voil\u00e9e lors de la messe de la Pentec\u00f4te, le 19 mai prochain.<\/p><p>Dans ce quartier populaire, o\u00f9 de nombreuses nationalit\u00e9s se c\u00f4toient, il semble \u00e9vident que l\u2019Esprit saint souffle fort sur cette paroisse vivante et dynamique. Pour preuve, la dansante procession des offrandes pendant cette messe de cons\u00e9cration, o\u00f9 des femmes de sept nationalit\u00e9s diff\u00e9rentes ont t\u00e9moign\u00e9 de leur joie et de leurs pri\u00e8res. Comme le conclut Bruno de Maistre dans une lettre adress\u00e9e aux paroissiens pour ce grand jour de\u00a0b\u00e9n\u00e9dictions, \u00ab\u00a0\u00e0 pr\u00e9sent munis du Haut D\u00e9bit, vous saurez porter ce Feu au Monde !\u00a0\u00bb<\/p><p><a class=\"css-tadcwa\" href=\"https:\/\/fr.aleteia.org\/author\/berengere-de-portzamparc\/\" target=\"_self\" rel=\"noopener noreferrer\">B\u00e9reng\u00e8re de Portzamparc<\/a><\/p><p>https:\/\/fr.aleteia.org\/2024\/01\/09\/un-nouvel-autel-pour-leglise-saint-jacques-de-ly<\/p>\t\t\t\t\t\t\t\t<\/div>\n\t\t\t\t<\/div>\n\t\t\t\t\t<\/div>\n\t\t\t\t<\/div>\n\t\t<div class=\"elementor-element elementor-element-7f8ffdd e-flex e-con-boxed wpr-particle-no wpr-jarallax-no wpr-parallax-no wpr-sticky-section-no wpr-equal-height-no e-con e-parent\" data-id=\"7f8ffdd\" data-element_type=\"container\" data-e-type=\"container\">\n\t\t\t\t\t<div class=\"e-con-inner\">\n\t\t\t\t<div class=\"elementor-element elementor-element-68bc33f elementor-widget elementor-widget-mkdf_image_gallery\" data-id=\"68bc33f\" data-element_type=\"widget\" data-e-type=\"widget\" data-widget_type=\"mkdf_image_gallery.default\">\n\t\t\t\t<div class=\"elementor-widget-container\">\n\t\t\t\t\t<div class=\"mkdf-image-gallery mkdf-grid-list mkdf-disable-bottom-space  mkdf-ig-grid-type mkdf-three-columns mkdf-normal-space  \">\n\t<div class=\"mkdf-ig-inner mkdf-outer-space\">\n\t\t\t\t\t<div class=\"mkdf-ig-image mkdf-item-space\">\n\t\t\t\t<div class=\"mkdf-ig-image-inner\">\n\t\t\t\t\t\t\t\t\t\t\t<img fetchpriority=\"high\" decoding=\"async\" width=\"1920\" height=\"2560\" src=\"https:\/\/www.aucoeurdelamain.fr\/wp-content\/uploads\/2025\/04\/IMG_3264-scaled.jpg\" class=\"attachment-full size-full\" alt=\"\" srcset=\"https:\/\/www.aucoeurdelamain.fr\/wp-content\/uploads\/2025\/04\/IMG_3264-scaled.jpg 1920w, https:\/\/www.aucoeurdelamain.fr\/wp-content\/uploads\/2025\/04\/IMG_3264-225x300.jpg 225w, https:\/\/www.aucoeurdelamain.fr\/wp-content\/uploads\/2025\/04\/IMG_3264-768x1024.jpg 768w, https:\/\/www.aucoeurdelamain.fr\/wp-content\/uploads\/2025\/04\/IMG_3264-1152x1536.jpg 1152w, https:\/\/www.aucoeurdelamain.fr\/wp-content\/uploads\/2025\/04\/IMG_3264-1536x2048.jpg 1536w, https:\/\/www.aucoeurdelamain.fr\/wp-content\/uploads\/2025\/04\/IMG_3264-500x667.jpg 500w, https:\/\/www.aucoeurdelamain.fr\/wp-content\/uploads\/2025\/04\/IMG_3264-800x1067.jpg 800w, https:\/\/www.aucoeurdelamain.fr\/wp-content\/uploads\/2025\/04\/IMG_3264-1280x1707.jpg 1280w, https:\/\/www.aucoeurdelamain.fr\/wp-content\/uploads\/2025\/04\/IMG_3264-600x800.jpg 600w\" sizes=\"(max-width: 1920px) 100vw, 1920px\" \/>\t\t\t\t\t\t\t\t\t<\/div>\n\t\t\t<\/div>\n\t\t\t\t\t<div class=\"mkdf-ig-image mkdf-item-space\">\n\t\t\t\t<div class=\"mkdf-ig-image-inner\">\n\t\t\t\t\t\t\t\t\t\t\t<img decoding=\"async\" width=\"1920\" height=\"2560\" src=\"https:\/\/www.aucoeurdelamain.fr\/wp-content\/uploads\/2025\/04\/IMG_3254-scaled.jpg\" class=\"attachment-full size-full\" alt=\"\" srcset=\"https:\/\/www.aucoeurdelamain.fr\/wp-content\/uploads\/2025\/04\/IMG_3254-scaled.jpg 1920w, https:\/\/www.aucoeurdelamain.fr\/wp-content\/uploads\/2025\/04\/IMG_3254-225x300.jpg 225w, https:\/\/www.aucoeurdelamain.fr\/wp-content\/uploads\/2025\/04\/IMG_3254-768x1024.jpg 768w, https:\/\/www.aucoeurdelamain.fr\/wp-content\/uploads\/2025\/04\/IMG_3254-1152x1536.jpg 1152w, https:\/\/www.aucoeurdelamain.fr\/wp-content\/uploads\/2025\/04\/IMG_3254-1536x2048.jpg 1536w, https:\/\/www.aucoeurdelamain.fr\/wp-content\/uploads\/2025\/04\/IMG_3254-500x667.jpg 500w, https:\/\/www.aucoeurdelamain.fr\/wp-content\/uploads\/2025\/04\/IMG_3254-800x1067.jpg 800w, https:\/\/www.aucoeurdelamain.fr\/wp-content\/uploads\/2025\/04\/IMG_3254-1280x1707.jpg 1280w, https:\/\/www.aucoeurdelamain.fr\/wp-content\/uploads\/2025\/04\/IMG_3254-600x800.jpg 600w\" sizes=\"(max-width: 1920px) 100vw, 1920px\" \/>\t\t\t\t\t\t\t\t\t<\/div>\n\t\t\t<\/div>\n\t\t\t\t\t<div class=\"mkdf-ig-image mkdf-item-space\">\n\t\t\t\t<div class=\"mkdf-ig-image-inner\">\n\t\t\t\t\t\t\t\t\t\t\t<img decoding=\"async\" width=\"1920\" height=\"2560\" src=\"https:\/\/www.aucoeurdelamain.fr\/wp-content\/uploads\/2025\/04\/IMG_3212-scaled.jpg\" class=\"attachment-full size-full\" alt=\"\" srcset=\"https:\/\/www.aucoeurdelamain.fr\/wp-content\/uploads\/2025\/04\/IMG_3212-scaled.jpg 1920w, https:\/\/www.aucoeurdelamain.fr\/wp-content\/uploads\/2025\/04\/IMG_3212-225x300.jpg 225w, https:\/\/www.aucoeurdelamain.fr\/wp-content\/uploads\/2025\/04\/IMG_3212-768x1024.jpg 768w, https:\/\/www.aucoeurdelamain.fr\/wp-content\/uploads\/2025\/04\/IMG_3212-1152x1536.jpg 1152w, https:\/\/www.aucoeurdelamain.fr\/wp-content\/uploads\/2025\/04\/IMG_3212-1536x2048.jpg 1536w, https:\/\/www.aucoeurdelamain.fr\/wp-content\/uploads\/2025\/04\/IMG_3212-500x667.jpg 500w, https:\/\/www.aucoeurdelamain.fr\/wp-content\/uploads\/2025\/04\/IMG_3212-800x1067.jpg 800w, https:\/\/www.aucoeurdelamain.fr\/wp-content\/uploads\/2025\/04\/IMG_3212-1280x1707.jpg 1280w, https:\/\/www.aucoeurdelamain.fr\/wp-content\/uploads\/2025\/04\/IMG_3212-600x800.jpg 600w\" sizes=\"(max-width: 1920px) 100vw, 1920px\" \/>\t\t\t\t\t\t\t\t\t<\/div>\n\t\t\t<\/div>\n\t\t\t\t\t<div class=\"mkdf-ig-image mkdf-item-space\">\n\t\t\t\t<div class=\"mkdf-ig-image-inner\">\n\t\t\t\t\t\t\t\t\t\t\t<img loading=\"lazy\" decoding=\"async\" width=\"1920\" height=\"2560\" src=\"https:\/\/www.aucoeurdelamain.fr\/wp-content\/uploads\/2025\/04\/IMG_3207-scaled.jpg\" class=\"attachment-full size-full\" alt=\"\" srcset=\"https:\/\/www.aucoeurdelamain.fr\/wp-content\/uploads\/2025\/04\/IMG_3207-scaled.jpg 1920w, https:\/\/www.aucoeurdelamain.fr\/wp-content\/uploads\/2025\/04\/IMG_3207-225x300.jpg 225w, https:\/\/www.aucoeurdelamain.fr\/wp-content\/uploads\/2025\/04\/IMG_3207-768x1024.jpg 768w, https:\/\/www.aucoeurdelamain.fr\/wp-content\/uploads\/2025\/04\/IMG_3207-1152x1536.jpg 1152w, https:\/\/www.aucoeurdelamain.fr\/wp-content\/uploads\/2025\/04\/IMG_3207-1536x2048.jpg 1536w, https:\/\/www.aucoeurdelamain.fr\/wp-content\/uploads\/2025\/04\/IMG_3207-500x667.jpg 500w, https:\/\/www.aucoeurdelamain.fr\/wp-content\/uploads\/2025\/04\/IMG_3207-800x1067.jpg 800w, https:\/\/www.aucoeurdelamain.fr\/wp-content\/uploads\/2025\/04\/IMG_3207-1280x1707.jpg 1280w, https:\/\/www.aucoeurdelamain.fr\/wp-content\/uploads\/2025\/04\/IMG_3207-600x800.jpg 600w\" sizes=\"(max-width: 1920px) 100vw, 1920px\" \/>\t\t\t\t\t\t\t\t\t<\/div>\n\t\t\t<\/div>\n\t\t\t\t\t<div class=\"mkdf-ig-image mkdf-item-space\">\n\t\t\t\t<div class=\"mkdf-ig-image-inner\">\n\t\t\t\t\t\t\t\t\t\t\t<img loading=\"lazy\" decoding=\"async\" width=\"1920\" height=\"2560\" src=\"https:\/\/www.aucoeurdelamain.fr\/wp-content\/uploads\/2025\/04\/IMG_3217-scaled.jpg\" class=\"attachment-full size-full\" alt=\"\" srcset=\"https:\/\/www.aucoeurdelamain.fr\/wp-content\/uploads\/2025\/04\/IMG_3217-scaled.jpg 1920w, https:\/\/www.aucoeurdelamain.fr\/wp-content\/uploads\/2025\/04\/IMG_3217-225x300.jpg 225w, https:\/\/www.aucoeurdelamain.fr\/wp-content\/uploads\/2025\/04\/IMG_3217-768x1024.jpg 768w, https:\/\/www.aucoeurdelamain.fr\/wp-content\/uploads\/2025\/04\/IMG_3217-1152x1536.jpg 1152w, https:\/\/www.aucoeurdelamain.fr\/wp-content\/uploads\/2025\/04\/IMG_3217-1536x2048.jpg 1536w, https:\/\/www.aucoeurdelamain.fr\/wp-content\/uploads\/2025\/04\/IMG_3217-500x667.jpg 500w, https:\/\/www.aucoeurdelamain.fr\/wp-content\/uploads\/2025\/04\/IMG_3217-800x1067.jpg 800w, https:\/\/www.aucoeurdelamain.fr\/wp-content\/uploads\/2025\/04\/IMG_3217-1280x1707.jpg 1280w, https:\/\/www.aucoeurdelamain.fr\/wp-content\/uploads\/2025\/04\/IMG_3217-600x800.jpg 600w\" sizes=\"(max-width: 1920px) 100vw, 1920px\" \/>\t\t\t\t\t\t\t\t\t<\/div>\n\t\t\t<\/div>\n\t\t\t\t\t<div class=\"mkdf-ig-image mkdf-item-space\">\n\t\t\t\t<div class=\"mkdf-ig-image-inner\">\n\t\t\t\t\t\t\t\t\t\t\t<img loading=\"lazy\" decoding=\"async\" width=\"1920\" height=\"2560\" src=\"https:\/\/www.aucoeurdelamain.fr\/wp-content\/uploads\/2025\/04\/IMG_3220-scaled.jpg\" class=\"attachment-full size-full\" alt=\"\" srcset=\"https:\/\/www.aucoeurdelamain.fr\/wp-content\/uploads\/2025\/04\/IMG_3220-scaled.jpg 1920w, https:\/\/www.aucoeurdelamain.fr\/wp-content\/uploads\/2025\/04\/IMG_3220-225x300.jpg 225w, https:\/\/www.aucoeurdelamain.fr\/wp-content\/uploads\/2025\/04\/IMG_3220-768x1024.jpg 768w, https:\/\/www.aucoeurdelamain.fr\/wp-content\/uploads\/2025\/04\/IMG_3220-1152x1536.jpg 1152w, https:\/\/www.aucoeurdelamain.fr\/wp-content\/uploads\/2025\/04\/IMG_3220-1536x2048.jpg 1536w, https:\/\/www.aucoeurdelamain.fr\/wp-content\/uploads\/2025\/04\/IMG_3220-500x667.jpg 500w, https:\/\/www.aucoeurdelamain.fr\/wp-content\/uploads\/2025\/04\/IMG_3220-800x1067.jpg 800w, https:\/\/www.aucoeurdelamain.fr\/wp-content\/uploads\/2025\/04\/IMG_3220-1280x1707.jpg 1280w, https:\/\/www.aucoeurdelamain.fr\/wp-content\/uploads\/2025\/04\/IMG_3220-600x800.jpg 600w\" sizes=\"(max-width: 1920px) 100vw, 1920px\" \/>\t\t\t\t\t\t\t\t\t<\/div>\n\t\t\t<\/div>\n\t\t\t\t\t<div class=\"mkdf-ig-image mkdf-item-space\">\n\t\t\t\t<div class=\"mkdf-ig-image-inner\">\n\t\t\t\t\t\t\t\t\t\t\t<img loading=\"lazy\" decoding=\"async\" width=\"1920\" height=\"2560\" src=\"https:\/\/www.aucoeurdelamain.fr\/wp-content\/uploads\/2025\/04\/IMG_3221-scaled.jpg\" class=\"attachment-full size-full\" alt=\"\" srcset=\"https:\/\/www.aucoeurdelamain.fr\/wp-content\/uploads\/2025\/04\/IMG_3221-scaled.jpg 1920w, https:\/\/www.aucoeurdelamain.fr\/wp-content\/uploads\/2025\/04\/IMG_3221-225x300.jpg 225w, https:\/\/www.aucoeurdelamain.fr\/wp-content\/uploads\/2025\/04\/IMG_3221-768x1024.jpg 768w, https:\/\/www.aucoeurdelamain.fr\/wp-content\/uploads\/2025\/04\/IMG_3221-1152x1536.jpg 1152w, https:\/\/www.aucoeurdelamain.fr\/wp-content\/uploads\/2025\/04\/IMG_3221-1536x2048.jpg 1536w, https:\/\/www.aucoeurdelamain.fr\/wp-content\/uploads\/2025\/04\/IMG_3221-500x667.jpg 500w, https:\/\/www.aucoeurdelamain.fr\/wp-content\/uploads\/2025\/04\/IMG_3221-800x1067.jpg 800w, https:\/\/www.aucoeurdelamain.fr\/wp-content\/uploads\/2025\/04\/IMG_3221-1280x1707.jpg 1280w, https:\/\/www.aucoeurdelamain.fr\/wp-content\/uploads\/2025\/04\/IMG_3221-600x800.jpg 600w\" sizes=\"(max-width: 1920px) 100vw, 1920px\" \/>\t\t\t\t\t\t\t\t\t<\/div>\n\t\t\t<\/div>\n\t\t\t\t\t<div class=\"mkdf-ig-image mkdf-item-space\">\n\t\t\t\t<div class=\"mkdf-ig-image-inner\">\n\t\t\t\t\t\t\t\t\t\t\t<img loading=\"lazy\" decoding=\"async\" width=\"1920\" height=\"2560\" src=\"https:\/\/www.aucoeurdelamain.fr\/wp-content\/uploads\/2025\/04\/IMG_3229-scaled.jpg\" class=\"attachment-full size-full\" alt=\"\" srcset=\"https:\/\/www.aucoeurdelamain.fr\/wp-content\/uploads\/2025\/04\/IMG_3229-scaled.jpg 1920w, https:\/\/www.aucoeurdelamain.fr\/wp-content\/uploads\/2025\/04\/IMG_3229-225x300.jpg 225w, https:\/\/www.aucoeurdelamain.fr\/wp-content\/uploads\/2025\/04\/IMG_3229-768x1024.jpg 768w, https:\/\/www.aucoeurdelamain.fr\/wp-content\/uploads\/2025\/04\/IMG_3229-1152x1536.jpg 1152w, https:\/\/www.aucoeurdelamain.fr\/wp-content\/uploads\/2025\/04\/IMG_3229-1536x2048.jpg 1536w, https:\/\/www.aucoeurdelamain.fr\/wp-content\/uploads\/2025\/04\/IMG_3229-500x667.jpg 500w, https:\/\/www.aucoeurdelamain.fr\/wp-content\/uploads\/2025\/04\/IMG_3229-800x1067.jpg 800w, https:\/\/www.aucoeurdelamain.fr\/wp-content\/uploads\/2025\/04\/IMG_3229-1280x1707.jpg 1280w, https:\/\/www.aucoeurdelamain.fr\/wp-content\/uploads\/2025\/04\/IMG_3229-600x800.jpg 600w\" sizes=\"(max-width: 1920px) 100vw, 1920px\" \/>\t\t\t\t\t\t\t\t\t<\/div>\n\t\t\t<\/div>\n\t\t\t\t\t<div class=\"mkdf-ig-image mkdf-item-space\">\n\t\t\t\t<div class=\"mkdf-ig-image-inner\">\n\t\t\t\t\t\t\t\t\t\t\t<img loading=\"lazy\" decoding=\"async\" width=\"1920\" height=\"2560\" src=\"https:\/\/www.aucoeurdelamain.fr\/wp-content\/uploads\/2025\/04\/IMG_3240-scaled.jpg\" class=\"attachment-full size-full\" alt=\"\" srcset=\"https:\/\/www.aucoeurdelamain.fr\/wp-content\/uploads\/2025\/04\/IMG_3240-scaled.jpg 1920w, https:\/\/www.aucoeurdelamain.fr\/wp-content\/uploads\/2025\/04\/IMG_3240-225x300.jpg 225w, https:\/\/www.aucoeurdelamain.fr\/wp-content\/uploads\/2025\/04\/IMG_3240-768x1024.jpg 768w, https:\/\/www.aucoeurdelamain.fr\/wp-content\/uploads\/2025\/04\/IMG_3240-1152x1536.jpg 1152w, https:\/\/www.aucoeurdelamain.fr\/wp-content\/uploads\/2025\/04\/IMG_3240-1536x2048.jpg 1536w, https:\/\/www.aucoeurdelamain.fr\/wp-content\/uploads\/2025\/04\/IMG_3240-500x667.jpg 500w, https:\/\/www.aucoeurdelamain.fr\/wp-content\/uploads\/2025\/04\/IMG_3240-800x1067.jpg 800w, https:\/\/www.aucoeurdelamain.fr\/wp-content\/uploads\/2025\/04\/IMG_3240-1280x1707.jpg 1280w, https:\/\/www.aucoeurdelamain.fr\/wp-content\/uploads\/2025\/04\/IMG_3240-600x800.jpg 600w\" sizes=\"(max-width: 1920px) 100vw, 1920px\" \/>\t\t\t\t\t\t\t\t\t<\/div>\n\t\t\t<\/div>\n\t\t\t\t\t<div class=\"mkdf-ig-image mkdf-item-space\">\n\t\t\t\t<div class=\"mkdf-ig-image-inner\">\n\t\t\t\t\t\t\t\t\t\t\t<img loading=\"lazy\" decoding=\"async\" width=\"1972\" height=\"2560\" src=\"https:\/\/www.aucoeurdelamain.fr\/wp-content\/uploads\/2025\/04\/IMG_4464-scaled.jpg\" class=\"attachment-full size-full\" alt=\"\" srcset=\"https:\/\/www.aucoeurdelamain.fr\/wp-content\/uploads\/2025\/04\/IMG_4464-scaled.jpg 1972w, https:\/\/www.aucoeurdelamain.fr\/wp-content\/uploads\/2025\/04\/IMG_4464-231x300.jpg 231w, https:\/\/www.aucoeurdelamain.fr\/wp-content\/uploads\/2025\/04\/IMG_4464-789x1024.jpg 789w, https:\/\/www.aucoeurdelamain.fr\/wp-content\/uploads\/2025\/04\/IMG_4464-768x997.jpg 768w, https:\/\/www.aucoeurdelamain.fr\/wp-content\/uploads\/2025\/04\/IMG_4464-1183x1536.jpg 1183w, https:\/\/www.aucoeurdelamain.fr\/wp-content\/uploads\/2025\/04\/IMG_4464-1577x2048.jpg 1577w, https:\/\/www.aucoeurdelamain.fr\/wp-content\/uploads\/2025\/04\/IMG_4464-500x649.jpg 500w, https:\/\/www.aucoeurdelamain.fr\/wp-content\/uploads\/2025\/04\/IMG_4464-800x1039.jpg 800w, https:\/\/www.aucoeurdelamain.fr\/wp-content\/uploads\/2025\/04\/IMG_4464-1280x1662.jpg 1280w, https:\/\/www.aucoeurdelamain.fr\/wp-content\/uploads\/2025\/04\/IMG_4464-1920x2493.jpg 1920w, https:\/\/www.aucoeurdelamain.fr\/wp-content\/uploads\/2025\/04\/IMG_4464-600x779.jpg 600w\" sizes=\"(max-width: 1972px) 100vw, 1972px\" \/>\t\t\t\t\t\t\t\t\t<\/div>\n\t\t\t<\/div>\n\t\t\t<\/div>\n<\/div>\t\t\t\t<\/div>\n\t\t\t\t<\/div>\n\t\t\t\t\t<\/div>\n\t\t\t\t<\/div>\n\t\t\t\t<\/div>\n\t\t","protected":false},"excerpt":{"rendered":"<p>C\u2019\u00e9tait une premi\u00e8re pour le nouvel \u00e9v\u00eaque auxiliaire de Lyon, Mgr Lo\u00efc Lagadec. Ce dimanche 7 janvier, il a consacr\u00e9 le nouvel autel r\u00e9alis\u00e9 par l\u2019artiste Bruno de Maistre, \u00e0 l\u2019\u00e9glise Saint-Jacques, en pleine r\u00e9novation, situ\u00e9e dans le 8eme arrondissement de Lyon. Ils \u00e9taient tr\u00e8s nombreux, en ce dimanche de<\/p>\n","protected":false},"author":3,"featured_media":8020,"comment_status":"open","ping_status":"open","sticky":false,"template":"","format":"standard","meta":{"_jetpack_memberships_contains_paid_content":false,"footnotes":""},"categories":[107],"tags":[],"class_list":["post-8220","post","type-post","status-publish","format-standard","has-post-thumbnail","hentry","category-art-sacre"],"jetpack_featured_media_url":"https:\/\/www.aucoeurdelamain.fr\/wp-content\/uploads\/2025\/04\/IMG_3264-scaled.jpg","jetpack_sharing_enabled":true,"_links":{"self":[{"href":"https:\/\/www.aucoeurdelamain.fr\/index.php\/wp-json\/wp\/v2\/posts\/8220","targetHints":{"allow":["GET"]}}],"collection":[{"href":"https:\/\/www.aucoeurdelamain.fr\/index.php\/wp-json\/wp\/v2\/posts"}],"about":[{"href":"https:\/\/www.aucoeurdelamain.fr\/index.php\/wp-json\/wp\/v2\/types\/post"}],"author":[{"embeddable":true,"href":"https:\/\/www.aucoeurdelamain.fr\/index.php\/wp-json\/wp\/v2\/users\/3"}],"replies":[{"embeddable":true,"href":"https:\/\/www.aucoeurdelamain.fr\/index.php\/wp-json\/wp\/v2\/comments?post=8220"}],"version-history":[{"count":4,"href":"https:\/\/www.aucoeurdelamain.fr\/index.php\/wp-json\/wp\/v2\/posts\/8220\/revisions"}],"predecessor-version":[{"id":8225,"href":"https:\/\/www.aucoeurdelamain.fr\/index.php\/wp-json\/wp\/v2\/posts\/8220\/revisions\/8225"}],"wp:featuredmedia":[{"embeddable":true,"href":"https:\/\/www.aucoeurdelamain.fr\/index.php\/wp-json\/wp\/v2\/media\/8020"}],"wp:attachment":[{"href":"https:\/\/www.aucoeurdelamain.fr\/index.php\/wp-json\/wp\/v2\/media?parent=8220"}],"wp:term":[{"taxonomy":"category","embeddable":true,"href":"https:\/\/www.aucoeurdelamain.fr\/index.php\/wp-json\/wp\/v2\/categories?post=8220"},{"taxonomy":"post_tag","embeddable":true,"href":"https:\/\/www.aucoeurdelamain.fr\/index.php\/wp-json\/wp\/v2\/tags?post=8220"}],"curies":[{"name":"wp","href":"https:\/\/api.w.org\/{rel}","templated":true}]}}