{"id":8151,"date":"2023-04-18T17:27:14","date_gmt":"2023-04-18T15:27:14","guid":{"rendered":"https:\/\/www.aucoeurdelamain.fr\/?p=8151"},"modified":"2025-04-29T08:18:12","modified_gmt":"2025-04-29T06:18:12","slug":"le-mobilier-de-dieu-par-le-diocese-de-paris-mars-2023","status":"publish","type":"post","link":"https:\/\/www.aucoeurdelamain.fr\/index.php\/2023\/04\/18\/le-mobilier-de-dieu-par-le-diocese-de-paris-mars-2023\/","title":{"rendered":"&#8220;Le Mobilier de Dieu&#8221; par le Dioc\u00e8se de Paris (Mars 2023)"},"content":{"rendered":"\t\t<div data-elementor-type=\"wp-post\" data-elementor-id=\"8151\" class=\"elementor elementor-8151\">\n\t\t\t\t<div class=\"elementor-element elementor-element-ef14ec3 e-flex e-con-boxed wpr-particle-no wpr-jarallax-no wpr-parallax-no wpr-sticky-section-no wpr-equal-height-no e-con e-parent\" data-id=\"ef14ec3\" data-element_type=\"container\" data-e-type=\"container\">\n\t\t\t\t\t<div class=\"e-con-inner\">\n\t\t\t\t<div class=\"elementor-element elementor-element-c65b444 elementor-widget elementor-widget-text-editor\" data-id=\"c65b444\" data-element_type=\"widget\" data-e-type=\"widget\" data-widget_type=\"text-editor.default\">\n\t\t\t\t<div class=\"elementor-widget-container\">\n\t\t\t\t\t\t\t\t\t<p>Vivez une immersion au c\u0153ur du chantier de la r\u00e9novation de la maison Familya au travers de la cr\u00e9ation de sa chapelle par les Ateliers BdM d\u2019Arimathie. Des \u00e9bauches \u00e0 l\u2019inauguration, d\u00e9couvrez en image la renaissance de ce lieu au travers du regard de Bruno de Maistre, cr\u00e9ateurs de mobilier liturgique et Mgr Bruno Lef\u00e8vre Pontalis, cur\u00e9 de la paroisse Saint-Fran\u00e7ois-Xavier.<\/p><p><iframe title=\"Le mobilier de Dieu\" width=\"1100\" height=\"619\" src=\"https:\/\/www.youtube.com\/embed\/w6HRYdidYc4?feature=oembed\" frameborder=\"0\" allow=\"accelerometer; autoplay; clipboard-write; encrypted-media; gyroscope; picture-in-picture; web-share\" referrerpolicy=\"strict-origin-when-cross-origin\" allowfullscreen><\/iframe><\/p>\t\t\t\t\t\t\t\t<\/div>\n\t\t\t\t<\/div>\n\t\t\t\t\t<\/div>\n\t\t\t\t<\/div>\n\t\t\t\t<\/div>\n\t\t","protected":false},"excerpt":{"rendered":"<p>Vivez une immersion au c\u0153ur du chantier de la r\u00e9novation de la maison Familya au travers de la cr\u00e9ation de sa chapelle par les Ateliers BdM d\u2019Arimathie. Des \u00e9bauches \u00e0 l\u2019inauguration, d\u00e9couvrez en image la renaissance de ce lieu au travers du regard de Bruno de Maistre, cr\u00e9ateurs de mobilier<\/p>\n","protected":false},"author":3,"featured_media":7646,"comment_status":"open","ping_status":"open","sticky":false,"template":"","format":"standard","meta":{"_jetpack_memberships_contains_paid_content":false,"footnotes":""},"categories":[107],"tags":[],"class_list":["post-8151","post","type-post","status-publish","format-standard","has-post-thumbnail","hentry","category-art-sacre"],"jetpack_featured_media_url":"https:\/\/www.aucoeurdelamain.fr\/wp-content\/uploads\/2025\/04\/vitrail-colombe-1-scaled-e1745569648613.jpg","jetpack_sharing_enabled":true,"_links":{"self":[{"href":"https:\/\/www.aucoeurdelamain.fr\/index.php\/wp-json\/wp\/v2\/posts\/8151","targetHints":{"allow":["GET"]}}],"collection":[{"href":"https:\/\/www.aucoeurdelamain.fr\/index.php\/wp-json\/wp\/v2\/posts"}],"about":[{"href":"https:\/\/www.aucoeurdelamain.fr\/index.php\/wp-json\/wp\/v2\/types\/post"}],"author":[{"embeddable":true,"href":"https:\/\/www.aucoeurdelamain.fr\/index.php\/wp-json\/wp\/v2\/users\/3"}],"replies":[{"embeddable":true,"href":"https:\/\/www.aucoeurdelamain.fr\/index.php\/wp-json\/wp\/v2\/comments?post=8151"}],"version-history":[{"count":7,"href":"https:\/\/www.aucoeurdelamain.fr\/index.php\/wp-json\/wp\/v2\/posts\/8151\/revisions"}],"predecessor-version":[{"id":8206,"href":"https:\/\/www.aucoeurdelamain.fr\/index.php\/wp-json\/wp\/v2\/posts\/8151\/revisions\/8206"}],"wp:featuredmedia":[{"embeddable":true,"href":"https:\/\/www.aucoeurdelamain.fr\/index.php\/wp-json\/wp\/v2\/media\/7646"}],"wp:attachment":[{"href":"https:\/\/www.aucoeurdelamain.fr\/index.php\/wp-json\/wp\/v2\/media?parent=8151"}],"wp:term":[{"taxonomy":"category","embeddable":true,"href":"https:\/\/www.aucoeurdelamain.fr\/index.php\/wp-json\/wp\/v2\/categories?post=8151"},{"taxonomy":"post_tag","embeddable":true,"href":"https:\/\/www.aucoeurdelamain.fr\/index.php\/wp-json\/wp\/v2\/tags?post=8151"}],"curies":[{"name":"wp","href":"https:\/\/api.w.org\/{rel}","templated":true}]}}