{"id":8146,"date":"2023-04-28T17:25:00","date_gmt":"2023-04-28T15:25:00","guid":{"rendered":"https:\/\/www.aucoeurdelamain.fr\/?p=8146"},"modified":"2025-05-26T15:25:06","modified_gmt":"2025-05-26T13:25:06","slug":"le-feu-du-coeur-du-christ-et-de-lesprit-saint-nous-brulent-et-nous-envoient-en-mission-7-janvier-2024-diocese-de-lyon","status":"publish","type":"post","link":"https:\/\/www.aucoeurdelamain.fr\/index.php\/2023\/04\/28\/le-feu-du-coeur-du-christ-et-de-lesprit-saint-nous-brulent-et-nous-envoient-en-mission-7-janvier-2024-diocese-de-lyon\/","title":{"rendered":"&#8220;Le feu du c\u0153ur du Christ et de l\u2019Esprit-Saint nous br\u00fblent et nous envoient en mission&#8221; 7 janvier 2024 &#8211; Dioc\u00e8se de Lyon"},"content":{"rendered":"\t\t<div data-elementor-type=\"wp-post\" data-elementor-id=\"8146\" class=\"elementor elementor-8146\">\n\t\t\t\t<div class=\"elementor-element elementor-element-dc844ca e-flex e-con-boxed wpr-particle-no wpr-jarallax-no wpr-parallax-no wpr-sticky-section-no wpr-equal-height-no e-con e-parent\" data-id=\"dc844ca\" data-element_type=\"container\" data-e-type=\"container\">\n\t\t\t\t\t<div class=\"e-con-inner\">\n\t\t\t\t<div class=\"elementor-element elementor-element-a9c290c elementor-widget elementor-widget-text-editor\" data-id=\"a9c290c\" data-element_type=\"widget\" data-e-type=\"widget\" data-widget_type=\"text-editor.default\">\n\t\t\t\t<div class=\"elementor-widget-container\">\n\t\t\t\t\t\t\t\t\t<div dir=\"ltr\">Petit mot pr\u00e9par\u00e9 pour ce matin \u00e0 l\u2019occasion de la cons\u00e9cration du nouvel autel en cette f\u00eate de l\u2019Epiphanie.<br \/>A la Pentec\u00f4te, les travaux seront termin\u00e9s, la croix et le tabernacle de l\u2019\u00e9glise fix\u00e9s, la fresque d\u00e9voil\u00e9e.<br \/>Le mobilier de La chapelle sera \u00e9galement install\u00e9.<\/div><div dir=\"ltr\"><div id=\"m_-1678633146933323405AppleMailSignature\" dir=\"ltr\">\u2014\u2014\u2014-<\/div><div id=\"m_-1678633146933323405AppleMailSignature\" dir=\"ltr\">\u00a0<\/div><div id=\"m_-1678633146933323405AppleMailSignature\" dir=\"ltr\">Un nouveau ch\u0153ur, signe de la Pentec\u00f4te Eglise Saint-Jacques \u00e0 Lyon, \u00ab Le feu du c\u0153ur du Christ et de l\u2019Esprit-Saint nous br\u00fblent et nous envoient en mission. \u00bb<\/div><div id=\"m_-1678633146933323405AppleMailSignature\" dir=\"ltr\">\u00a0<\/div><div id=\"m_-1678633146933323405AppleMailSignature\" dir=\"ltr\">\u00ab Soudain un bruit survint du ciel comme un violent coup de vent : la maison o\u00f9 ils \u00e9taient assis en fut remplie toute enti\u00e8re.<br \/>Alors leur apparurent des langues qu\u2019on aurait dites de feu, qui se partageaient, et il s\u2019en posa une sur chacun d\u2019eux. \u00bb Actes des Ap\u00f4tres (2, 1-11)<\/div><div id=\"m_-1678633146933323405AppleMailSignature\" dir=\"ltr\">\u00a0<\/div><div id=\"m_-1678633146933323405AppleMailSignature\" dir=\"ltr\">Le vent fort des travaux et du changement a souffl\u00e9 ici et toute l\u2019\u00e9glise en est remplie ! Quelle joie de voir les fruits de ces trois ann\u00e9es de r\u00e9flexion, de discussions et d\u2019\u00e9changes si riches.<br \/>Quelle \u00e9motion de voir chacun de ces \u00e9l\u00e9ments du ch\u0153ur prendre sa place et tout son sens. C\u2019est tr\u00e8s fort de les voir passer des murs de l\u2019atelier \u00e0 ce lieu auquel ils \u00e9taient destin\u00e9s,<br \/>de les voir prendre toutes leurs dimensions en servant votre nouveau ch\u0153ur.<\/div><div id=\"m_-1678633146933323405AppleMailSignature\" dir=\"ltr\">\u00a0<\/div><div id=\"m_-1678633146933323405AppleMailSignature\" dir=\"ltr\">Merci au p\u00e8re Yves Guerpillon d\u2019avoir initi\u00e9 et conduit la conception, \u00e0 Jean-Louis Samson d\u2019avoir structur\u00e9 nos id\u00e9es, \u00e0 Bruno Desroche d\u2019avoir permis la rencontre avec votre paroisse, \u00e0 Damien Charveriat et \u00e0 Thomas Gelin d\u2019avoir mis en musique et orchestr\u00e9 toute cette aventure. Merci au Dioc\u00e8se de Lyon pour sa confiance dans ce beau chantier, en particulier \u00e0 Monseigneur Lo\u00efc Lagadec de venir consacrer cet autel en ce beau jour de l\u2019Epipahnie. Merci au p\u00e8re Xavier Bizard qui a su reprendre le projet, l&#8217;affiner et le finaliser en apportant son regard et sa sensibilit\u00e9. Et enfin merci \u00e0 chacun de vous, chers paroissiens, qui avaient \u00e9t\u00e9 ouvriers, chacun \u00e0 votre mani\u00e8re de cette \u0153uvre commune, de cette porte vers le ciel.<\/div><div id=\"m_-1678633146933323405AppleMailSignature\" dir=\"ltr\">\u00a0<\/div><div id=\"m_-1678633146933323405AppleMailSignature\" dir=\"ltr\">Lors de la conception et tout \u00e0 long de la fabrication, nous prions pour que le Seigneur nous inspire et habite notre travail. Le vent a souffl\u00e9 !<br \/>Et des langues de feu se posent sur chacun d\u2019entre nous. C\u2019est ce feu de la Pentec\u00f4te que nous avons choisi tous ensemble, pour animer le ch\u0153ur de votre \u00e9glise.<\/div><div id=\"m_-1678633146933323405AppleMailSignature\" dir=\"ltr\">\u00a0<\/div><div id=\"m_-1678633146933323405AppleMailSignature\" dir=\"ltr\">Sur l\u2019autel, le Christ inspir\u00e9 de l\u2019ic\u00f4ne du Christ Pentocrator, nous montre son c\u0153ur enflamm\u00e9, rehauss\u00e9 de feuilles d\u2019or, empli d\u2019Amour pour chacun de nous. Sur l\u2019ambon la flamme de l\u2019Esprit-saint descend sur nous. Sur le tabernacle, La croix rayonne de cet amour. Dans toute sa mati\u00e8re, les frisages en ch\u00eane rayonnent, le bois est irradi\u00e9 de l\u2019amour de Dieu et de l\u2019Esprit-Saint. La table de l\u2019autel est en pierre de Lens. Elle est pos\u00e9e sur un r\u00e9ceptacle, une coupe, qui reprend le mouvement des mains recevant le corps du Christ.<\/div><div id=\"m_-1678633146933323405AppleMailSignature\" dir=\"ltr\">\u00a0<\/div><div id=\"m_-1678633146933323405AppleMailSignature\" dir=\"ltr\">Au-dessus de la fresque qui sera d\u00e9voil\u00e9e \u00e0 la Pentec\u00f4te par l&#8217;artiste Bruno Desroche, la croix sera fix\u00e9e. Sur celle-ci, le Christ est repr\u00e9sent\u00e9e le c\u0153ur transperc\u00e9.<br \/>C\u2019est le visage du Saint Suaire qui a servi de mod\u00e8le. Montrant le Christ ayant accompli jusqu\u2019au bout la volont\u00e9 du p\u00e8re, il entre alors dans une paix surnaturelle, dans l\u2019attente de la r\u00e9surrection.<\/div><div id=\"m_-1678633146933323405AppleMailSignature\" dir=\"ltr\">\u00a0<\/div><div id=\"m_-1678633146933323405AppleMailSignature\" dir=\"ltr\">Cet ensemble rayonnant en ch\u00eane, en noyer et en feuille d\u2019or dialogue avec la fresque de Louise Cottin et toute l\u2019histoire de cette salle de th\u00e9\u00e2tre devenue \u00e9glise. Les marches arrondies en forme d\u2019aur\u00e9ole, conduisent le regard et l\u2019\u00e2me vers l\u2019autel sur lequel le Christ s\u2019offre en sacrifice. L\u2019arche blanche qui borde la fresque, vient mettre en valeur cette peinture et compl\u00e9ter le rythme entre les arches qui \u00e9taient d\u00e9j\u00e0 pr\u00e9sentes de chaque c\u00f4t\u00e9. Le mur du fond du ch\u0153ur reprend la forme arrondie d\u2019une abside comme un \u00e9cho \u00e0 l\u2019arrondi de ces marches. Ce rythme de courbes exprime la douceur de Dieu qui est toujours l\u00e0 devant notre c\u0153ur, attendant que nous lui ouvrions la porte.<\/div><div id=\"m_-1678633146933323405AppleMailSignature\" dir=\"ltr\">\u00a0<\/div><div id=\"m_-1678633146933323405AppleMailSignature\" dir=\"ltr\">Avec toute l&#8217;\u00e9quipe BdM et ma femme ici pr\u00e9sente, nous vous souhaitons de vivre de beaux moments, port\u00e9s par la pri\u00e8re, au sein de votre paroisse, renouvel\u00e9e.<br \/>Nous avons tout mis en \u0153uvre pour que la connexion soit bonne. Nous sommes certains qu&#8217;\u00e0 pr\u00e9sent munis du Haut D\u00e9bit, vous saurez porter ce Feu au Monde !<\/div><div id=\"m_-1678633146933323405AppleMailSignature\" dir=\"ltr\">\u00a0<\/div><div id=\"m_-1678633146933323405AppleMailSignature\" dir=\"ltr\">Belle f\u00eate de l \u00e9piphanie \u00e0 tous !<\/div><div id=\"m_-1678633146933323405AppleMailSignature\" dir=\"ltr\">Bruno de Maistre \u2013 7 janvier 2024<\/div><div id=\"m_-1678633146933323405AppleMailSignature\" dir=\"ltr\">Les Ateliers BdM d\u2019Arimathie<\/div><div id=\"m_-1678633146933323405AppleMailSignature\" dir=\"ltr\"><a href=\"http:\/\/www.darimathie.fr\/\" target=\"_blank\" rel=\"noopener noreferrer\" data-saferedirecturl=\"https:\/\/www.google.com\/url?q=http:\/\/www.darimathie.fr&amp;source=gmail&amp;ust=1704750063048000&amp;usg=AOvVaw3kypFycHD1s-0JvGTHNuSt\">www.darimathie.fr<\/a><\/div><\/div>\t\t\t\t\t\t\t\t<\/div>\n\t\t\t\t<\/div>\n\t\t\t\t\t<\/div>\n\t\t\t\t<\/div>\n\t\t<div class=\"elementor-element elementor-element-c8c756d e-flex e-con-boxed wpr-particle-no wpr-jarallax-no wpr-parallax-no wpr-sticky-section-no wpr-equal-height-no e-con e-parent\" data-id=\"c8c756d\" data-element_type=\"container\" data-e-type=\"container\">\n\t\t\t\t\t<div class=\"e-con-inner\">\n\t\t\t\t<div class=\"elementor-element elementor-element-1fa09f9 elementor-widget elementor-widget-mkdf_image_gallery\" data-id=\"1fa09f9\" data-element_type=\"widget\" data-e-type=\"widget\" data-widget_type=\"mkdf_image_gallery.default\">\n\t\t\t\t<div class=\"elementor-widget-container\">\n\t\t\t\t\t<div class=\"mkdf-image-gallery mkdf-grid-list mkdf-disable-bottom-space  mkdf-ig-grid-type mkdf-three-columns mkdf-normal-space  \">\n\t<div class=\"mkdf-ig-inner mkdf-outer-space\">\n\t\t\t\t\t<div class=\"mkdf-ig-image mkdf-item-space\">\n\t\t\t\t<div class=\"mkdf-ig-image-inner\">\n\t\t\t\t\t\t\t\t\t\t\t<img fetchpriority=\"high\" decoding=\"async\" width=\"1920\" height=\"2560\" src=\"https:\/\/www.aucoeurdelamain.fr\/wp-content\/uploads\/2025\/04\/IMG_3217-scaled.jpg\" class=\"attachment-full size-full\" alt=\"\" srcset=\"https:\/\/www.aucoeurdelamain.fr\/wp-content\/uploads\/2025\/04\/IMG_3217-scaled.jpg 1920w, https:\/\/www.aucoeurdelamain.fr\/wp-content\/uploads\/2025\/04\/IMG_3217-225x300.jpg 225w, https:\/\/www.aucoeurdelamain.fr\/wp-content\/uploads\/2025\/04\/IMG_3217-768x1024.jpg 768w, https:\/\/www.aucoeurdelamain.fr\/wp-content\/uploads\/2025\/04\/IMG_3217-1152x1536.jpg 1152w, https:\/\/www.aucoeurdelamain.fr\/wp-content\/uploads\/2025\/04\/IMG_3217-1536x2048.jpg 1536w, https:\/\/www.aucoeurdelamain.fr\/wp-content\/uploads\/2025\/04\/IMG_3217-500x667.jpg 500w, https:\/\/www.aucoeurdelamain.fr\/wp-content\/uploads\/2025\/04\/IMG_3217-800x1067.jpg 800w, https:\/\/www.aucoeurdelamain.fr\/wp-content\/uploads\/2025\/04\/IMG_3217-1280x1707.jpg 1280w, https:\/\/www.aucoeurdelamain.fr\/wp-content\/uploads\/2025\/04\/IMG_3217-600x800.jpg 600w\" sizes=\"(max-width: 1920px) 100vw, 1920px\" \/>\t\t\t\t\t\t\t\t\t<\/div>\n\t\t\t<\/div>\n\t\t\t\t\t<div class=\"mkdf-ig-image mkdf-item-space\">\n\t\t\t\t<div class=\"mkdf-ig-image-inner\">\n\t\t\t\t\t\t\t\t\t\t\t<img decoding=\"async\" width=\"1920\" height=\"2560\" src=\"https:\/\/www.aucoeurdelamain.fr\/wp-content\/uploads\/2025\/04\/IMG_3221-scaled.jpg\" class=\"attachment-full size-full\" alt=\"\" srcset=\"https:\/\/www.aucoeurdelamain.fr\/wp-content\/uploads\/2025\/04\/IMG_3221-scaled.jpg 1920w, https:\/\/www.aucoeurdelamain.fr\/wp-content\/uploads\/2025\/04\/IMG_3221-225x300.jpg 225w, https:\/\/www.aucoeurdelamain.fr\/wp-content\/uploads\/2025\/04\/IMG_3221-768x1024.jpg 768w, https:\/\/www.aucoeurdelamain.fr\/wp-content\/uploads\/2025\/04\/IMG_3221-1152x1536.jpg 1152w, https:\/\/www.aucoeurdelamain.fr\/wp-content\/uploads\/2025\/04\/IMG_3221-1536x2048.jpg 1536w, https:\/\/www.aucoeurdelamain.fr\/wp-content\/uploads\/2025\/04\/IMG_3221-500x667.jpg 500w, https:\/\/www.aucoeurdelamain.fr\/wp-content\/uploads\/2025\/04\/IMG_3221-800x1067.jpg 800w, https:\/\/www.aucoeurdelamain.fr\/wp-content\/uploads\/2025\/04\/IMG_3221-1280x1707.jpg 1280w, https:\/\/www.aucoeurdelamain.fr\/wp-content\/uploads\/2025\/04\/IMG_3221-600x800.jpg 600w\" sizes=\"(max-width: 1920px) 100vw, 1920px\" \/>\t\t\t\t\t\t\t\t\t<\/div>\n\t\t\t<\/div>\n\t\t\t\t\t<div class=\"mkdf-ig-image mkdf-item-space\">\n\t\t\t\t<div class=\"mkdf-ig-image-inner\">\n\t\t\t\t\t\t\t\t\t\t\t<img decoding=\"async\" width=\"1920\" height=\"2560\" src=\"https:\/\/www.aucoeurdelamain.fr\/wp-content\/uploads\/2025\/04\/IMG_3212-scaled.jpg\" class=\"attachment-full size-full\" alt=\"\" srcset=\"https:\/\/www.aucoeurdelamain.fr\/wp-content\/uploads\/2025\/04\/IMG_3212-scaled.jpg 1920w, https:\/\/www.aucoeurdelamain.fr\/wp-content\/uploads\/2025\/04\/IMG_3212-225x300.jpg 225w, https:\/\/www.aucoeurdelamain.fr\/wp-content\/uploads\/2025\/04\/IMG_3212-768x1024.jpg 768w, https:\/\/www.aucoeurdelamain.fr\/wp-content\/uploads\/2025\/04\/IMG_3212-1152x1536.jpg 1152w, https:\/\/www.aucoeurdelamain.fr\/wp-content\/uploads\/2025\/04\/IMG_3212-1536x2048.jpg 1536w, https:\/\/www.aucoeurdelamain.fr\/wp-content\/uploads\/2025\/04\/IMG_3212-500x667.jpg 500w, https:\/\/www.aucoeurdelamain.fr\/wp-content\/uploads\/2025\/04\/IMG_3212-800x1067.jpg 800w, https:\/\/www.aucoeurdelamain.fr\/wp-content\/uploads\/2025\/04\/IMG_3212-1280x1707.jpg 1280w, https:\/\/www.aucoeurdelamain.fr\/wp-content\/uploads\/2025\/04\/IMG_3212-600x800.jpg 600w\" sizes=\"(max-width: 1920px) 100vw, 1920px\" \/>\t\t\t\t\t\t\t\t\t<\/div>\n\t\t\t<\/div>\n\t\t\t\t\t<div class=\"mkdf-ig-image mkdf-item-space\">\n\t\t\t\t<div class=\"mkdf-ig-image-inner\">\n\t\t\t\t\t\t\t\t\t\t\t<img loading=\"lazy\" decoding=\"async\" width=\"1920\" height=\"2560\" src=\"https:\/\/www.aucoeurdelamain.fr\/wp-content\/uploads\/2025\/04\/IMG_3254-scaled.jpg\" class=\"attachment-full size-full\" alt=\"\" srcset=\"https:\/\/www.aucoeurdelamain.fr\/wp-content\/uploads\/2025\/04\/IMG_3254-scaled.jpg 1920w, https:\/\/www.aucoeurdelamain.fr\/wp-content\/uploads\/2025\/04\/IMG_3254-225x300.jpg 225w, https:\/\/www.aucoeurdelamain.fr\/wp-content\/uploads\/2025\/04\/IMG_3254-768x1024.jpg 768w, https:\/\/www.aucoeurdelamain.fr\/wp-content\/uploads\/2025\/04\/IMG_3254-1152x1536.jpg 1152w, https:\/\/www.aucoeurdelamain.fr\/wp-content\/uploads\/2025\/04\/IMG_3254-1536x2048.jpg 1536w, https:\/\/www.aucoeurdelamain.fr\/wp-content\/uploads\/2025\/04\/IMG_3254-500x667.jpg 500w, https:\/\/www.aucoeurdelamain.fr\/wp-content\/uploads\/2025\/04\/IMG_3254-800x1067.jpg 800w, https:\/\/www.aucoeurdelamain.fr\/wp-content\/uploads\/2025\/04\/IMG_3254-1280x1707.jpg 1280w, https:\/\/www.aucoeurdelamain.fr\/wp-content\/uploads\/2025\/04\/IMG_3254-600x800.jpg 600w\" sizes=\"(max-width: 1920px) 100vw, 1920px\" \/>\t\t\t\t\t\t\t\t\t<\/div>\n\t\t\t<\/div>\n\t\t\t\t\t<div class=\"mkdf-ig-image mkdf-item-space\">\n\t\t\t\t<div class=\"mkdf-ig-image-inner\">\n\t\t\t\t\t\t\t\t\t\t\t<img loading=\"lazy\" decoding=\"async\" width=\"1920\" height=\"2560\" src=\"https:\/\/www.aucoeurdelamain.fr\/wp-content\/uploads\/2025\/04\/72417950758__5DCD1890-24EF-4D0C-B750-C3553E68C0EA-scaled.jpg\" class=\"attachment-full size-full\" alt=\"\" srcset=\"https:\/\/www.aucoeurdelamain.fr\/wp-content\/uploads\/2025\/04\/72417950758__5DCD1890-24EF-4D0C-B750-C3553E68C0EA-scaled.jpg 1920w, https:\/\/www.aucoeurdelamain.fr\/wp-content\/uploads\/2025\/04\/72417950758__5DCD1890-24EF-4D0C-B750-C3553E68C0EA-225x300.jpg 225w, https:\/\/www.aucoeurdelamain.fr\/wp-content\/uploads\/2025\/04\/72417950758__5DCD1890-24EF-4D0C-B750-C3553E68C0EA-768x1024.jpg 768w, https:\/\/www.aucoeurdelamain.fr\/wp-content\/uploads\/2025\/04\/72417950758__5DCD1890-24EF-4D0C-B750-C3553E68C0EA-1152x1536.jpg 1152w, https:\/\/www.aucoeurdelamain.fr\/wp-content\/uploads\/2025\/04\/72417950758__5DCD1890-24EF-4D0C-B750-C3553E68C0EA-1536x2048.jpg 1536w, https:\/\/www.aucoeurdelamain.fr\/wp-content\/uploads\/2025\/04\/72417950758__5DCD1890-24EF-4D0C-B750-C3553E68C0EA-500x667.jpg 500w, https:\/\/www.aucoeurdelamain.fr\/wp-content\/uploads\/2025\/04\/72417950758__5DCD1890-24EF-4D0C-B750-C3553E68C0EA-800x1067.jpg 800w, https:\/\/www.aucoeurdelamain.fr\/wp-content\/uploads\/2025\/04\/72417950758__5DCD1890-24EF-4D0C-B750-C3553E68C0EA-1280x1707.jpg 1280w, https:\/\/www.aucoeurdelamain.fr\/wp-content\/uploads\/2025\/04\/72417950758__5DCD1890-24EF-4D0C-B750-C3553E68C0EA-600x800.jpg 600w\" sizes=\"(max-width: 1920px) 100vw, 1920px\" \/>\t\t\t\t\t\t\t\t\t<\/div>\n\t\t\t<\/div>\n\t\t\t\t\t<div class=\"mkdf-ig-image mkdf-item-space\">\n\t\t\t\t<div class=\"mkdf-ig-image-inner\">\n\t\t\t\t\t\t\t\t\t\t\t<img loading=\"lazy\" decoding=\"async\" width=\"1920\" height=\"2560\" src=\"https:\/\/www.aucoeurdelamain.fr\/wp-content\/uploads\/2025\/04\/IMG_3240-scaled.jpg\" class=\"attachment-full size-full\" alt=\"\" srcset=\"https:\/\/www.aucoeurdelamain.fr\/wp-content\/uploads\/2025\/04\/IMG_3240-scaled.jpg 1920w, https:\/\/www.aucoeurdelamain.fr\/wp-content\/uploads\/2025\/04\/IMG_3240-225x300.jpg 225w, https:\/\/www.aucoeurdelamain.fr\/wp-content\/uploads\/2025\/04\/IMG_3240-768x1024.jpg 768w, https:\/\/www.aucoeurdelamain.fr\/wp-content\/uploads\/2025\/04\/IMG_3240-1152x1536.jpg 1152w, https:\/\/www.aucoeurdelamain.fr\/wp-content\/uploads\/2025\/04\/IMG_3240-1536x2048.jpg 1536w, https:\/\/www.aucoeurdelamain.fr\/wp-content\/uploads\/2025\/04\/IMG_3240-500x667.jpg 500w, https:\/\/www.aucoeurdelamain.fr\/wp-content\/uploads\/2025\/04\/IMG_3240-800x1067.jpg 800w, https:\/\/www.aucoeurdelamain.fr\/wp-content\/uploads\/2025\/04\/IMG_3240-1280x1707.jpg 1280w, https:\/\/www.aucoeurdelamain.fr\/wp-content\/uploads\/2025\/04\/IMG_3240-600x800.jpg 600w\" sizes=\"(max-width: 1920px) 100vw, 1920px\" \/>\t\t\t\t\t\t\t\t\t<\/div>\n\t\t\t<\/div>\n\t\t\t<\/div>\n<\/div>\t\t\t\t<\/div>\n\t\t\t\t<\/div>\n\t\t\t\t\t<\/div>\n\t\t\t\t<\/div>\n\t\t\t\t<\/div>\n\t\t","protected":false},"excerpt":{"rendered":"<p>Petit mot pr\u00e9par\u00e9 pour ce matin \u00e0 l\u2019occasion de la cons\u00e9cration du nouvel autel en cette f\u00eate de l\u2019Epiphanie.A la Pentec\u00f4te, les travaux seront termin\u00e9s, la croix et le tabernacle de l\u2019\u00e9glise fix\u00e9s, la fresque d\u00e9voil\u00e9e.Le mobilier de La chapelle sera \u00e9galement install\u00e9.\u2014\u2014\u2014-\u00a0Un nouveau ch\u0153ur, signe de la Pentec\u00f4te Eglise<\/p>\n","protected":false},"author":3,"featured_media":8019,"comment_status":"open","ping_status":"open","sticky":false,"template":"","format":"standard","meta":{"_jetpack_memberships_contains_paid_content":false,"footnotes":""},"categories":[107],"tags":[],"class_list":["post-8146","post","type-post","status-publish","format-standard","has-post-thumbnail","hentry","category-art-sacre"],"jetpack_featured_media_url":"https:\/\/www.aucoeurdelamain.fr\/wp-content\/uploads\/2025\/04\/IMG_3240-scaled.jpg","jetpack_sharing_enabled":true,"_links":{"self":[{"href":"https:\/\/www.aucoeurdelamain.fr\/index.php\/wp-json\/wp\/v2\/posts\/8146","targetHints":{"allow":["GET"]}}],"collection":[{"href":"https:\/\/www.aucoeurdelamain.fr\/index.php\/wp-json\/wp\/v2\/posts"}],"about":[{"href":"https:\/\/www.aucoeurdelamain.fr\/index.php\/wp-json\/wp\/v2\/types\/post"}],"author":[{"embeddable":true,"href":"https:\/\/www.aucoeurdelamain.fr\/index.php\/wp-json\/wp\/v2\/users\/3"}],"replies":[{"embeddable":true,"href":"https:\/\/www.aucoeurdelamain.fr\/index.php\/wp-json\/wp\/v2\/comments?post=8146"}],"version-history":[{"count":7,"href":"https:\/\/www.aucoeurdelamain.fr\/index.php\/wp-json\/wp\/v2\/posts\/8146\/revisions"}],"predecessor-version":[{"id":8203,"href":"https:\/\/www.aucoeurdelamain.fr\/index.php\/wp-json\/wp\/v2\/posts\/8146\/revisions\/8203"}],"wp:featuredmedia":[{"embeddable":true,"href":"https:\/\/www.aucoeurdelamain.fr\/index.php\/wp-json\/wp\/v2\/media\/8019"}],"wp:attachment":[{"href":"https:\/\/www.aucoeurdelamain.fr\/index.php\/wp-json\/wp\/v2\/media?parent=8146"}],"wp:term":[{"taxonomy":"category","embeddable":true,"href":"https:\/\/www.aucoeurdelamain.fr\/index.php\/wp-json\/wp\/v2\/categories?post=8146"},{"taxonomy":"post_tag","embeddable":true,"href":"https:\/\/www.aucoeurdelamain.fr\/index.php\/wp-json\/wp\/v2\/tags?post=8146"}],"curies":[{"name":"wp","href":"https:\/\/api.w.org\/{rel}","templated":true}]}}