{"id":8141,"date":"2021-05-04T17:22:17","date_gmt":"2021-05-04T15:22:17","guid":{"rendered":"https:\/\/www.aucoeurdelamain.fr\/?p=8141"},"modified":"2025-05-26T15:16:33","modified_gmt":"2025-05-26T13:16:33","slug":"la-tete-et-les-mains-le-retour-en-grace-du-travail-manuel-famille-chretienne-1er-au-7-mai-2021","status":"publish","type":"post","link":"https:\/\/www.aucoeurdelamain.fr\/index.php\/2021\/05\/04\/la-tete-et-les-mains-le-retour-en-grace-du-travail-manuel-famille-chretienne-1er-au-7-mai-2021\/","title":{"rendered":"&#8220;La T\u00eate et les Mains, le retour en gr\u00e2ce du travail manuel&#8221; &#8211; Famille Chr\u00e9tienne &#8211; 1er au 7 mai 2021"},"content":{"rendered":"\t\t<div data-elementor-type=\"wp-post\" data-elementor-id=\"8141\" class=\"elementor elementor-8141\">\n\t\t\t\t<div class=\"elementor-element elementor-element-28df66f e-flex e-con-boxed wpr-particle-no wpr-jarallax-no wpr-parallax-no wpr-sticky-section-no wpr-equal-height-no e-con e-parent\" data-id=\"28df66f\" data-element_type=\"container\" data-e-type=\"container\">\n\t\t\t\t\t<div class=\"e-con-inner\">\n\t\t\t\t<div class=\"elementor-element elementor-element-5232416 elementor-widget elementor-widget-text-editor\" data-id=\"5232416\" data-element_type=\"widget\" data-e-type=\"widget\" data-widget_type=\"text-editor.default\">\n\t\t\t\t<div class=\"elementor-widget-container\">\n\t\t\t\t\t\t\t\t\t<div class=\"kvgmc6g5 cxmmr5t8 oygrvhab hcukyx3x c1et5uql ii04i59q\"><div dir=\"auto\">Merci Famille Chr\u00e9tienne pour cette belle mise en valeur des m\u00e9tiers manuels <span class=\"pq6dq46d tbxw36s4 knj5qynh kvgmc6g5 ditlmg2l oygrvhab nvdbi5me sf5mxxl7 gl3lb2sf hhz5lgdu\"><img decoding=\"async\" src=\"https:\/\/static.xx.fbcdn.net\/images\/emoji.php\/v9\/t80\/1\/16\/1f64f.png\" alt=\"\ud83d\ude4f\" width=\"16\" height=\"16\" \/><\/span><span class=\"pq6dq46d tbxw36s4 knj5qynh kvgmc6g5 ditlmg2l oygrvhab nvdbi5me sf5mxxl7 gl3lb2sf hhz5lgdu\"><img decoding=\"async\" src=\"https:\/\/static.xx.fbcdn.net\/images\/emoji.php\/v9\/t80\/1\/16\/1f64f.png\" alt=\"\ud83d\ude4f\" width=\"16\" height=\"16\" \/><\/span><span class=\"pq6dq46d tbxw36s4 knj5qynh kvgmc6g5 ditlmg2l oygrvhab nvdbi5me sf5mxxl7 gl3lb2sf hhz5lgdu\"><img decoding=\"async\" src=\"https:\/\/static.xx.fbcdn.net\/images\/emoji.php\/v9\/t80\/1\/16\/1f64f.png\" alt=\"\ud83d\ude4f\" width=\"16\" height=\"16\" \/><\/span><\/div><\/div><div dir=\"auto\">\u00a0<\/div><div dir=\"auto\"><a href=\"https:\/\/kiosk.famillechretienne.fr\/journal.php#Famille_Chretienne\/web,2021-05-01,GENERALE|FC,2021-05-01,GENERALE,1|1\">https:\/\/kiosk.famillechretienne.fr\/journal.php#Famille_Chretienne\/web,2021-05-01,GENERALE|FC,2021-05-01,GENERALE,1|1<\/a><\/div><div class=\"o9v6fnle cxmmr5t8 oygrvhab hcukyx3x c1et5uql ii04i59q\"><div dir=\"auto\">\u2014\u2014\u2014\u2014\u2014\u2014<\/div><\/div><div class=\"o9v6fnle cxmmr5t8 oygrvhab hcukyx3x c1et5uql ii04i59q\"><div dir=\"auto\">Avoir un m\u00e9tier qui ait du sens&#8230;et des sens : C&#8217;est aussi ce qui a motiv\u00e9 Bruno de MAISTRE \u00e0 changer de voie il y a quelques ann\u00e9es, en passant du monde de la communication, \u00e0 l&#8217;\u00e9b\u00e9nisterie.<br \/>Pour autant, pas de r\u00e9volution \u00e0 l&#8217;horizon. <span style=\"font-family: Roboto, sans-serif;\">&#8220;Je n&#8217;ai pas l&#8217;impression d&#8217;avoir chang\u00e9 de m\u00e9tier : je travaille toujours avec le client, je lui fais exprimer ses besoins et je construis une r\u00e9ponse avec lui &#8230;<br \/>Mais dans la publicit\u00e9, je ne travaillais qu&#8217;avec mon intellect. Or, j&#8217;ai besoin d&#8217;\u00e9changes entre l&#8217;intellect et la mati\u00e8re. Ces deux mondes se nourrissent. Etre \u00e0 l&#8217;\u00e9tabli est un besoin vital.&#8221;<\/span><\/div><\/div><div class=\"o9v6fnle cxmmr5t8 oygrvhab hcukyx3x c1et5uql ii04i59q\"><div dir=\"auto\"><p>Pour illustrer ce besoin, il s&#8217;est trouv\u00e9 une devise &#8220;Ses mains pensaient quand l&#8217;esprit travaillait&#8221;, &#8220;Cela peut-\u00eatre l&#8217;esprit humain&#8230;ou l&#8217;Esprit-Saint&#8221; pr\u00e9cise t-il.<\/p><\/div><\/div><div class=\"o9v6fnle cxmmr5t8 oygrvhab hcukyx3x c1et5uql ii04i59q\"><div dir=\"auto\">Le corps entier est mis \u00e0 contribution : &#8220;Dans mon travail \u00e0 mon \u00e9tabli, j&#8217;ai le sentiment que c&#8217;est l&#8217;intuition, les tripes qui travaillent, pas les mains. L&#8217;intellect travaille parfois en parall\u00e8le d&#8217;une autre t\u00e2che.<br \/>Je vois bien que l&#8217;intellect a des limites : quand j&#8217;imagine des meubles, et que je fatigue, je vais \u00e0 l&#8217;\u00e9tabli. L\u00e0, souvent, tout se d\u00e9bloque. Les mains sentent les choses et ouvrent de nouvelles portent au cerveau .&#8221; abonde l&#8217;\u00e9b\u00e9niste.<\/div><\/div><div class=\"o9v6fnle cxmmr5t8 oygrvhab hcukyx3x c1et5uql ii04i59q\"><div dir=\"auto\">Et de conclure &#8220;Dans l&#8217;intelligence populaire, on dit sentir les choses dans ses tripes, penser avec son coeur. R\u00e9cemment on a d\u00e9couvert qu&#8217;il y avait autant de neurones autour du coeur ou des intestins que dans le cerveau.<br \/>Il y a ainsi autant de mani\u00e8res de r\u00e9fl\u00e9chir&#8221;.<\/div><\/div><div class=\"o9v6fnle cxmmr5t8 oygrvhab hcukyx3x c1et5uql ii04i59q\"><div dir=\"auto\">@Theophane Leroux<\/div><\/div><div class=\"o9v6fnle cxmmr5t8 oygrvhab hcukyx3x c1et5uql ii04i59q\"><div dir=\"auto\">\u00a0<\/div><div dir=\"auto\"><a class=\"oajrlxb2 g5ia77u1 qu0x051f esr5mh6w e9989ue4 r7d6kgcz rq0escxv nhd2j8a9 nc684nl6 p7hjln8o kvgmc6g5 cxmmr5t8 oygrvhab hcukyx3x jb3vyjys rz4wbd8a qt6c0cv9 a8nywdso i1ao9s8h esuyzwwr f1sip0of lzcic4wl py34i1dx gpro0wi8\" tabindex=\"0\" role=\"link\" href=\"https:\/\/l.facebook.com\/l.php?u=http%3A%2F%2Fwww.darimathie.fr%2F%3Ffbclid%3DIwAR21ebg4pusudx7oCDn_8qDwIh66EqHRQVedkOjNGIjriypaLr049XfmaK4&amp;h=AT3g3LC7oPpKA-QsR2qKMPWbGBJEIM8YcSdFwbkgNiNAspnMtz8sJqf-ed0lbsMpXYK7AeD7hFSgFhbeyqEAJ_Gs4D_M9BuX7GMhZnRbDjfrhR2ZXdGzzlo5ujjlQtb_NefLPb4pO5KONNe5Wg&amp;__tn__=-UK-R&amp;c[0]=AT1mic0P27c4Y_IWCg29OLjSLpodJwArD_lpL9CKaiQJuSjNvecqBEwxmqtp0HhstwJXnO7WRtGwrfU-NOK_C5TcrBozGyolxfgcKethQ6S3V18g6iqpUhDA0eszl-XkLYjFbSLNl8FVTZHTWRXAmceXuN7asYdTedLopMkIrAi4DHdK_rFFPQuNQW4_B-JCSgv_cfbbIbSUvNRtMQ\" target=\"_blank\" rel=\"nofollow noopener noreferrer\">www.darimathie.fr<\/a> (Art Sacr\u00e9, mobilier liturgique)<\/div><div dir=\"auto\"><a class=\"oajrlxb2 g5ia77u1 qu0x051f esr5mh6w e9989ue4 r7d6kgcz rq0escxv nhd2j8a9 nc684nl6 p7hjln8o kvgmc6g5 cxmmr5t8 oygrvhab hcukyx3x jb3vyjys rz4wbd8a qt6c0cv9 a8nywdso i1ao9s8h esuyzwwr f1sip0of lzcic4wl py34i1dx gpro0wi8\" tabindex=\"0\" role=\"link\" href=\"https:\/\/l.facebook.com\/l.php?u=http%3A%2F%2Fwww.BdM.paris%2F%3Ffbclid%3DIwAR0rC0boJGAwhpytW9CDAv36N42wvDeVJU5ygUHBoizmOdXtOiy3zXCoFsg&amp;h=AT16s3iA-7WcnFXceUug2dREXp-hJevVTu-A0gzAPSARotM4s65K7XDwxJNHuMh9QinExK7qNrzefJhnEtenzjo97KKrJivTstDSJQ7Io0z5p4JY3sAeWEVc4LtyP2nBMorhMR8P-njCGjj65w&amp;__tn__=-UK-R&amp;c[0]=AT1mic0P27c4Y_IWCg29OLjSLpodJwArD_lpL9CKaiQJuSjNvecqBEwxmqtp0HhstwJXnO7WRtGwrfU-NOK_C5TcrBozGyolxfgcKethQ6S3V18g6iqpUhDA0eszl-XkLYjFbSLNl8FVTZHTWRXAmceXuN7asYdTedLopMkIrAi4DHdK_rFFPQuNQW4_B-JCSgv_cfbbIbSUvNRtMQ\" target=\"_blank\" rel=\"nofollow noopener noreferrer\">www.BdM.paris<\/a> (Mobilier d\u2019exception &amp; immersions)<\/div><\/div>\t\t\t\t\t\t\t\t<\/div>\n\t\t\t\t<\/div>\n\t\t\t\t\t<\/div>\n\t\t\t\t<\/div>\n\t\t<div class=\"elementor-element elementor-element-bc8c412 e-flex e-con-boxed wpr-particle-no wpr-jarallax-no wpr-parallax-no wpr-sticky-section-no wpr-equal-height-no e-con e-parent\" data-id=\"bc8c412\" data-element_type=\"container\" data-e-type=\"container\">\n\t\t\t\t\t<div class=\"e-con-inner\">\n\t\t\t\t<div class=\"elementor-element elementor-element-eef0f41 elementor-widget elementor-widget-mkdf_image_gallery\" data-id=\"eef0f41\" data-element_type=\"widget\" data-e-type=\"widget\" data-widget_type=\"mkdf_image_gallery.default\">\n\t\t\t\t<div class=\"elementor-widget-container\">\n\t\t\t\t\t<div class=\"mkdf-image-gallery mkdf-grid-list mkdf-disable-bottom-space  mkdf-ig-grid-type mkdf-three-columns mkdf-normal-space  \">\n\t<div class=\"mkdf-ig-inner mkdf-outer-space\">\n\t\t\t\t\t<div class=\"mkdf-ig-image mkdf-item-space\">\n\t\t\t\t<div class=\"mkdf-ig-image-inner\">\n\t\t\t\t\t\t\t\t\t\t\t<img fetchpriority=\"high\" decoding=\"async\" width=\"1170\" height=\"2532\" src=\"https:\/\/www.aucoeurdelamain.fr\/wp-content\/uploads\/2021\/05\/IMG_4856.png\" class=\"attachment-full size-full\" alt=\"\" srcset=\"https:\/\/www.aucoeurdelamain.fr\/wp-content\/uploads\/2021\/05\/IMG_4856.png 1170w, https:\/\/www.aucoeurdelamain.fr\/wp-content\/uploads\/2021\/05\/IMG_4856-139x300.png 139w, https:\/\/www.aucoeurdelamain.fr\/wp-content\/uploads\/2021\/05\/IMG_4856-473x1024.png 473w, https:\/\/www.aucoeurdelamain.fr\/wp-content\/uploads\/2021\/05\/IMG_4856-768x1662.png 768w, https:\/\/www.aucoeurdelamain.fr\/wp-content\/uploads\/2021\/05\/IMG_4856-710x1536.png 710w, https:\/\/www.aucoeurdelamain.fr\/wp-content\/uploads\/2021\/05\/IMG_4856-946x2048.png 946w, https:\/\/www.aucoeurdelamain.fr\/wp-content\/uploads\/2021\/05\/IMG_4856-500x1082.png 500w, https:\/\/www.aucoeurdelamain.fr\/wp-content\/uploads\/2021\/05\/IMG_4856-800x1731.png 800w, https:\/\/www.aucoeurdelamain.fr\/wp-content\/uploads\/2021\/05\/IMG_4856-600x1298.png 600w\" sizes=\"(max-width: 1170px) 100vw, 1170px\" \/>\t\t\t\t\t\t\t\t\t<\/div>\n\t\t\t<\/div>\n\t\t\t\t\t<div class=\"mkdf-ig-image mkdf-item-space\">\n\t\t\t\t<div class=\"mkdf-ig-image-inner\">\n\t\t\t\t\t\t\t\t\t\t\t<img decoding=\"async\" width=\"1165\" height=\"1761\" src=\"https:\/\/www.aucoeurdelamain.fr\/wp-content\/uploads\/2021\/05\/IMG_4857.jpg\" class=\"attachment-full size-full\" alt=\"\" srcset=\"https:\/\/www.aucoeurdelamain.fr\/wp-content\/uploads\/2021\/05\/IMG_4857.jpg 1165w, https:\/\/www.aucoeurdelamain.fr\/wp-content\/uploads\/2021\/05\/IMG_4857-198x300.jpg 198w, https:\/\/www.aucoeurdelamain.fr\/wp-content\/uploads\/2021\/05\/IMG_4857-677x1024.jpg 677w, https:\/\/www.aucoeurdelamain.fr\/wp-content\/uploads\/2021\/05\/IMG_4857-768x1161.jpg 768w, https:\/\/www.aucoeurdelamain.fr\/wp-content\/uploads\/2021\/05\/IMG_4857-1016x1536.jpg 1016w, https:\/\/www.aucoeurdelamain.fr\/wp-content\/uploads\/2021\/05\/IMG_4857-500x756.jpg 500w, https:\/\/www.aucoeurdelamain.fr\/wp-content\/uploads\/2021\/05\/IMG_4857-800x1209.jpg 800w, https:\/\/www.aucoeurdelamain.fr\/wp-content\/uploads\/2021\/05\/IMG_4857-600x907.jpg 600w\" sizes=\"(max-width: 1165px) 100vw, 1165px\" \/>\t\t\t\t\t\t\t\t\t<\/div>\n\t\t\t<\/div>\n\t\t\t\t\t<div class=\"mkdf-ig-image mkdf-item-space\">\n\t\t\t\t<div class=\"mkdf-ig-image-inner\">\n\t\t\t\t\t\t\t\t\t\t\t<img loading=\"lazy\" decoding=\"async\" width=\"1170\" height=\"2532\" src=\"https:\/\/www.aucoeurdelamain.fr\/wp-content\/uploads\/2021\/05\/IMG_4858.png\" class=\"attachment-full size-full\" alt=\"\" srcset=\"https:\/\/www.aucoeurdelamain.fr\/wp-content\/uploads\/2021\/05\/IMG_4858.png 1170w, https:\/\/www.aucoeurdelamain.fr\/wp-content\/uploads\/2021\/05\/IMG_4858-139x300.png 139w, https:\/\/www.aucoeurdelamain.fr\/wp-content\/uploads\/2021\/05\/IMG_4858-473x1024.png 473w, https:\/\/www.aucoeurdelamain.fr\/wp-content\/uploads\/2021\/05\/IMG_4858-768x1662.png 768w, https:\/\/www.aucoeurdelamain.fr\/wp-content\/uploads\/2021\/05\/IMG_4858-710x1536.png 710w, https:\/\/www.aucoeurdelamain.fr\/wp-content\/uploads\/2021\/05\/IMG_4858-946x2048.png 946w, https:\/\/www.aucoeurdelamain.fr\/wp-content\/uploads\/2021\/05\/IMG_4858-500x1082.png 500w, https:\/\/www.aucoeurdelamain.fr\/wp-content\/uploads\/2021\/05\/IMG_4858-800x1731.png 800w, https:\/\/www.aucoeurdelamain.fr\/wp-content\/uploads\/2021\/05\/IMG_4858-600x1298.png 600w\" sizes=\"(max-width: 1170px) 100vw, 1170px\" \/>\t\t\t\t\t\t\t\t\t<\/div>\n\t\t\t<\/div>\n\t\t\t\t\t<div class=\"mkdf-ig-image mkdf-item-space\">\n\t\t\t\t<div class=\"mkdf-ig-image-inner\">\n\t\t\t\t\t\t\t\t\t\t\t<img loading=\"lazy\" decoding=\"async\" width=\"1170\" height=\"2532\" src=\"https:\/\/www.aucoeurdelamain.fr\/wp-content\/uploads\/2021\/05\/IMG_4859.png\" class=\"attachment-full size-full\" alt=\"\" srcset=\"https:\/\/www.aucoeurdelamain.fr\/wp-content\/uploads\/2021\/05\/IMG_4859.png 1170w, https:\/\/www.aucoeurdelamain.fr\/wp-content\/uploads\/2021\/05\/IMG_4859-139x300.png 139w, https:\/\/www.aucoeurdelamain.fr\/wp-content\/uploads\/2021\/05\/IMG_4859-473x1024.png 473w, https:\/\/www.aucoeurdelamain.fr\/wp-content\/uploads\/2021\/05\/IMG_4859-768x1662.png 768w, https:\/\/www.aucoeurdelamain.fr\/wp-content\/uploads\/2021\/05\/IMG_4859-710x1536.png 710w, https:\/\/www.aucoeurdelamain.fr\/wp-content\/uploads\/2021\/05\/IMG_4859-946x2048.png 946w, https:\/\/www.aucoeurdelamain.fr\/wp-content\/uploads\/2021\/05\/IMG_4859-500x1082.png 500w, https:\/\/www.aucoeurdelamain.fr\/wp-content\/uploads\/2021\/05\/IMG_4859-800x1731.png 800w, https:\/\/www.aucoeurdelamain.fr\/wp-content\/uploads\/2021\/05\/IMG_4859-600x1298.png 600w\" sizes=\"(max-width: 1170px) 100vw, 1170px\" \/>\t\t\t\t\t\t\t\t\t<\/div>\n\t\t\t<\/div>\n\t\t\t\t\t<div class=\"mkdf-ig-image mkdf-item-space\">\n\t\t\t\t<div class=\"mkdf-ig-image-inner\">\n\t\t\t\t\t\t\t\t\t\t\t<img loading=\"lazy\" decoding=\"async\" width=\"754\" height=\"1000\" src=\"https:\/\/www.aucoeurdelamain.fr\/wp-content\/uploads\/2021\/05\/IMG_4860.jpg\" class=\"attachment-full size-full\" alt=\"\" srcset=\"https:\/\/www.aucoeurdelamain.fr\/wp-content\/uploads\/2021\/05\/IMG_4860.jpg 754w, https:\/\/www.aucoeurdelamain.fr\/wp-content\/uploads\/2021\/05\/IMG_4860-226x300.jpg 226w, https:\/\/www.aucoeurdelamain.fr\/wp-content\/uploads\/2021\/05\/IMG_4860-500x663.jpg 500w, https:\/\/www.aucoeurdelamain.fr\/wp-content\/uploads\/2021\/05\/IMG_4860-600x796.jpg 600w\" sizes=\"(max-width: 754px) 100vw, 754px\" \/>\t\t\t\t\t\t\t\t\t<\/div>\n\t\t\t<\/div>\n\t\t\t<\/div>\n<\/div>\t\t\t\t<\/div>\n\t\t\t\t<\/div>\n\t\t\t\t\t<\/div>\n\t\t\t\t<\/div>\n\t\t\t\t<\/div>\n\t\t","protected":false},"excerpt":{"rendered":"<p>Merci Famille Chr\u00e9tienne pour cette belle mise en valeur des m\u00e9tiers manuels \u00a0https:\/\/kiosk.famillechretienne.fr\/journal.php#Famille_Chretienne\/web,2021-05-01,GENERALE|FC,2021-05-01,GENERALE,1|1\u2014\u2014\u2014\u2014\u2014\u2014Avoir un m\u00e9tier qui ait du sens&#8230;et des sens : C&#8217;est aussi ce qui a motiv\u00e9 Bruno de MAISTRE \u00e0 changer de voie il y a quelques ann\u00e9es, en passant du monde de la communication, \u00e0 l&#8217;\u00e9b\u00e9nisterie.Pour autant,<\/p>\n","protected":false},"author":3,"featured_media":1702,"comment_status":"open","ping_status":"open","sticky":false,"template":"","format":"standard","meta":{"_jetpack_memberships_contains_paid_content":false,"footnotes":""},"categories":[107,95],"tags":[],"class_list":["post-8141","post","type-post","status-publish","format-standard","has-post-thumbnail","hentry","category-art-sacre","category-presse"],"jetpack_featured_media_url":"https:\/\/www.aucoeurdelamain.fr\/wp-content\/uploads\/2021\/05\/IMG_4860.jpg","jetpack_sharing_enabled":true,"_links":{"self":[{"href":"https:\/\/www.aucoeurdelamain.fr\/index.php\/wp-json\/wp\/v2\/posts\/8141","targetHints":{"allow":["GET"]}}],"collection":[{"href":"https:\/\/www.aucoeurdelamain.fr\/index.php\/wp-json\/wp\/v2\/posts"}],"about":[{"href":"https:\/\/www.aucoeurdelamain.fr\/index.php\/wp-json\/wp\/v2\/types\/post"}],"author":[{"embeddable":true,"href":"https:\/\/www.aucoeurdelamain.fr\/index.php\/wp-json\/wp\/v2\/users\/3"}],"replies":[{"embeddable":true,"href":"https:\/\/www.aucoeurdelamain.fr\/index.php\/wp-json\/wp\/v2\/comments?post=8141"}],"version-history":[{"count":7,"href":"https:\/\/www.aucoeurdelamain.fr\/index.php\/wp-json\/wp\/v2\/posts\/8141\/revisions"}],"predecessor-version":[{"id":8212,"href":"https:\/\/www.aucoeurdelamain.fr\/index.php\/wp-json\/wp\/v2\/posts\/8141\/revisions\/8212"}],"wp:featuredmedia":[{"embeddable":true,"href":"https:\/\/www.aucoeurdelamain.fr\/index.php\/wp-json\/wp\/v2\/media\/1702"}],"wp:attachment":[{"href":"https:\/\/www.aucoeurdelamain.fr\/index.php\/wp-json\/wp\/v2\/media?parent=8141"}],"wp:term":[{"taxonomy":"category","embeddable":true,"href":"https:\/\/www.aucoeurdelamain.fr\/index.php\/wp-json\/wp\/v2\/categories?post=8141"},{"taxonomy":"post_tag","embeddable":true,"href":"https:\/\/www.aucoeurdelamain.fr\/index.php\/wp-json\/wp\/v2\/tags?post=8141"}],"curies":[{"name":"wp","href":"https:\/\/api.w.org\/{rel}","templated":true}]}}