{"id":8131,"date":"2023-04-18T17:15:44","date_gmt":"2023-04-18T15:15:44","guid":{"rendered":"https:\/\/www.aucoeurdelamain.fr\/?p=8131"},"modified":"2025-05-26T15:09:59","modified_gmt":"2025-05-26T13:09:59","slug":"faire-exprimer-la-volonte-pastorale-la-croix-14-avril-2023","status":"publish","type":"post","link":"https:\/\/www.aucoeurdelamain.fr\/index.php\/2023\/04\/18\/faire-exprimer-la-volonte-pastorale-la-croix-14-avril-2023\/","title":{"rendered":"&#8220;Faire exprimer la volont\u00e9 pastorale&#8221; La Croix, 14 avril 2023"},"content":{"rendered":"\t\t<div data-elementor-type=\"wp-post\" data-elementor-id=\"8131\" class=\"elementor elementor-8131\">\n\t\t\t\t<div class=\"elementor-element elementor-element-5497d39 e-flex e-con-boxed wpr-particle-no wpr-jarallax-no wpr-parallax-no wpr-sticky-section-no wpr-equal-height-no e-con e-parent\" data-id=\"5497d39\" data-element_type=\"container\" data-e-type=\"container\">\n\t\t\t\t\t<div class=\"e-con-inner\">\n\t\t\t\t<div class=\"elementor-element elementor-element-bb9819b elementor-widget elementor-widget-text-editor\" data-id=\"bb9819b\" data-element_type=\"widget\" data-e-type=\"widget\" data-widget_type=\"text-editor.default\">\n\t\t\t\t<div class=\"elementor-widget-container\">\n\t\t\t\t\t\t\t\t\t<p><span class=\"im\">Merci La Croix pour ces t\u00e9moignages r\u00e9colt\u00e9s d\u2019artisans au service du Sacr\u00e9 \u00e0 l\u2019occasion du triste anniversaire de l\u2019incendie de Cath\u00e9drale Notre-Dame de Paris Dioc\u00e8se de Paris<br \/><\/span>Un peu de BdM mais surtout beaucoup de gratitude dans ce chemin qui nous d\u00e9passe.<\/p><p><i>\u00a0&#8220;Avec mon \u00e9quipe, nous sommes des artisans au service de la liturgie. Nous ne cherchons pas \u00e0 d\u00e9livrer une \u0153uvre. Nous cr\u00e9ons en effet des vitraux, des ensembles liturgiques en bois, en pierre ou dans d&#8217;autres mat\u00e9riaux en collaborant avec un r\u00e9seau d&#8217;artisans d\u2019art pour la fabrication. Avant de mod\u00e9liser un projet, nous rentrons dans un contexte avec les contraintes de l\u2019histoire de l\u2019\u00e9difice, de la configuration de la communaut\u00e9, de ceux qui nous sollicitent, pour cr\u00e9er avec eux un am\u00e9nagement qui leur conviendra vraiment. Cela donne des r\u00e9sultats tr\u00e8s diff\u00e9rents selon les lieux.<\/i><\/p><p>Actuellement, nous travaillons notamment pour la chapelle de l\u2019\u00e9cole et du coll\u00e8ge Soeur Marguerite \u00e0 Clichy-sous-Bois. Pour cela, nous employons un ton plus didactique dans la cr\u00e9ation du mobilier et des 6 vitraux, qu\u2019\u00e0 Paroisse Notre-Dame de Boulogne &#8211; Sanctuaire dioc\u00e9sain (Dioc\u00e8se de Nanterre), o\u00f9 nous avons pens\u00e9 le r\u00e9am\u00e9nagement du ch\u0153ur, de telle fa\u00e7on qu\u2019il soit ancr\u00e9 dans l\u2019histoire du sanctuaire avec cet autel en marbre en dialogue avec celui du ma\u00eetre-autel. \u00catre \u00e0 l\u2019\u00e9coute et faire exprimer leurs besoins aux commanditaires est au c\u0153ur de notre d\u00e9marche, de ces cr\u00e9ations faites en intelligence collective. Faire exprimer la volont\u00e9 pastorale \u00e9galement car le r\u00e9am\u00e9nagement d\u2019un ch\u0153ur n\u2019est pas que technique..<\/p><p>J\u2019ai eu la chance pendant mes \u00e9tudes de suivre une formation en art Sacr\u00e9. A cette p\u00e9riode, ma foi \u00e9tait devenue plus intellectuelle. Cr\u00e9er du mobilier liturgique, me retrouver souvent seul dans ces \u00e9glises pour m&#8217;impr\u00e9gner de leurs pass\u00e9s et y travailler de mes mains, me nourrit et me porte aujourd&#8217;hui. Il s\u2019agit l\u00e0 de moments privil\u00e9gi\u00e9s car j&#8217;ai un temp\u00e9rament assez solitaire et contemplatif. Lors de la conception, mon p\u00e8re spirituel m\u2019a d\u2019ailleurs conseill\u00e9, de me poser et de demander au Seigneur : &#8220;que veux-tu que je fasse pour toi aujourd\u2019hui&#8221; \u00e0 partir de cette feuille blanche ? Je reste toutefois un chef d\u2019entreprise, avec une \u00e9quipe de 5 personnes \u00e0 manager, des commandes \u00e0 honorer, un travail d\u2019\u00e9b\u00e9nisterie physique \u00e0 effectuer.<\/p><p>Mais mon but en concevant et en fabriquant ce mobilier liturgique, ces vitraux, est d\u2019initier ou de porter \u00e0 la pri\u00e8re. Je pense en particulier aux personnes bless\u00e9es ou loin de l\u2019\u00c9glise, mais aussi aux fid\u00e8les car nous avons tous besoin d&#8217;\u00eatre port\u00e9 par du beau. Quand je travaille sur ces ensembles, j\u2019\u00e9coute des chants de pop louange ou des po\u00e8mes de Sainte-Th\u00e9r\u00e8se \u2026 et me laisse guider par Saint-Joseph. Pendant la production, moment o\u00f9 il y a beaucoup de choix \u00e0 faire, de petits r\u00e9glages de lignes, de courbes, j&#8217;essaie de rester dans cette ambiance de p\u00e8lerinage pour qu\u2019au-del\u00e0 du travail de la main, ce mobilier touche les c\u0153urs et soit impr\u00e9gn\u00e9 de quelque chose d&#8217;autre que le simple r\u00e9sultat technique. &#8220;<\/p><p>D\u00e9couvrez dans ce num\u00e9ro sp\u00e9cial ND \u00ab L\u2019art plus grand que soi \u00bb de\u00a0 Christophe Henning.<br \/><img decoding=\"async\" class=\"an1\" src=\"https:\/\/fonts.gstatic.com\/s\/e\/notoemoji\/15.0\/1f4f8\/32.png\" alt=\"\ud83d\udcf8\" data-emoji=\"\ud83d\udcf8\" aria-label=\"\ud83d\udcf8\" \/>\u00a0Mouterde Marc Antoine<\/p><div class=\"yj6qo\">\u00a0<\/div>\t\t\t\t\t\t\t\t<\/div>\n\t\t\t\t<\/div>\n\t\t\t\t\t<\/div>\n\t\t\t\t<\/div>\n\t\t<div class=\"elementor-element elementor-element-5148b02 e-flex e-con-boxed wpr-particle-no wpr-jarallax-no wpr-parallax-no wpr-sticky-section-no wpr-equal-height-no e-con e-parent\" data-id=\"5148b02\" data-element_type=\"container\" data-e-type=\"container\">\n\t\t\t\t\t<div class=\"e-con-inner\">\n\t\t\t\t<div class=\"elementor-element elementor-element-95f5d5d elementor-widget elementor-widget-mkdf_image_gallery\" data-id=\"95f5d5d\" data-element_type=\"widget\" data-e-type=\"widget\" data-widget_type=\"mkdf_image_gallery.default\">\n\t\t\t\t<div class=\"elementor-widget-container\">\n\t\t\t\t\t<div class=\"mkdf-image-gallery mkdf-grid-list mkdf-disable-bottom-space  mkdf-ig-grid-type mkdf-three-columns mkdf-normal-space  \">\n\t<div class=\"mkdf-ig-inner mkdf-outer-space\">\n\t\t\t\t\t<div class=\"mkdf-ig-image mkdf-item-space\">\n\t\t\t\t<div class=\"mkdf-ig-image-inner\">\n\t\t\t\t\t\t\t\t\t\t\t<img fetchpriority=\"high\" decoding=\"async\" width=\"1920\" height=\"2560\" src=\"https:\/\/www.aucoeurdelamain.fr\/wp-content\/uploads\/2025\/04\/IMG_3348-scaled.jpg\" class=\"attachment-full size-full\" alt=\"\" srcset=\"https:\/\/www.aucoeurdelamain.fr\/wp-content\/uploads\/2025\/04\/IMG_3348-scaled.jpg 1920w, https:\/\/www.aucoeurdelamain.fr\/wp-content\/uploads\/2025\/04\/IMG_3348-225x300.jpg 225w, https:\/\/www.aucoeurdelamain.fr\/wp-content\/uploads\/2025\/04\/IMG_3348-768x1024.jpg 768w, https:\/\/www.aucoeurdelamain.fr\/wp-content\/uploads\/2025\/04\/IMG_3348-1152x1536.jpg 1152w, https:\/\/www.aucoeurdelamain.fr\/wp-content\/uploads\/2025\/04\/IMG_3348-1536x2048.jpg 1536w, https:\/\/www.aucoeurdelamain.fr\/wp-content\/uploads\/2025\/04\/IMG_3348-500x667.jpg 500w, https:\/\/www.aucoeurdelamain.fr\/wp-content\/uploads\/2025\/04\/IMG_3348-800x1067.jpg 800w, https:\/\/www.aucoeurdelamain.fr\/wp-content\/uploads\/2025\/04\/IMG_3348-1280x1707.jpg 1280w, https:\/\/www.aucoeurdelamain.fr\/wp-content\/uploads\/2025\/04\/IMG_3348-600x800.jpg 600w\" sizes=\"(max-width: 1920px) 100vw, 1920px\" \/>\t\t\t\t\t\t\t\t\t<\/div>\n\t\t\t<\/div>\n\t\t\t\t\t<div class=\"mkdf-ig-image mkdf-item-space\">\n\t\t\t\t<div class=\"mkdf-ig-image-inner\">\n\t\t\t\t\t\t\t\t\t\t\t<img decoding=\"async\" width=\"1920\" height=\"2560\" src=\"https:\/\/www.aucoeurdelamain.fr\/wp-content\/uploads\/2025\/04\/IMG_3349-scaled.jpg\" class=\"attachment-full size-full\" alt=\"\" srcset=\"https:\/\/www.aucoeurdelamain.fr\/wp-content\/uploads\/2025\/04\/IMG_3349-scaled.jpg 1920w, https:\/\/www.aucoeurdelamain.fr\/wp-content\/uploads\/2025\/04\/IMG_3349-225x300.jpg 225w, https:\/\/www.aucoeurdelamain.fr\/wp-content\/uploads\/2025\/04\/IMG_3349-768x1024.jpg 768w, https:\/\/www.aucoeurdelamain.fr\/wp-content\/uploads\/2025\/04\/IMG_3349-1152x1536.jpg 1152w, https:\/\/www.aucoeurdelamain.fr\/wp-content\/uploads\/2025\/04\/IMG_3349-1536x2048.jpg 1536w, https:\/\/www.aucoeurdelamain.fr\/wp-content\/uploads\/2025\/04\/IMG_3349-500x667.jpg 500w, https:\/\/www.aucoeurdelamain.fr\/wp-content\/uploads\/2025\/04\/IMG_3349-800x1067.jpg 800w, https:\/\/www.aucoeurdelamain.fr\/wp-content\/uploads\/2025\/04\/IMG_3349-1280x1707.jpg 1280w, https:\/\/www.aucoeurdelamain.fr\/wp-content\/uploads\/2025\/04\/IMG_3349-600x800.jpg 600w\" sizes=\"(max-width: 1920px) 100vw, 1920px\" \/>\t\t\t\t\t\t\t\t\t<\/div>\n\t\t\t<\/div>\n\t\t\t\t\t<div class=\"mkdf-ig-image mkdf-item-space\">\n\t\t\t\t<div class=\"mkdf-ig-image-inner\">\n\t\t\t\t\t\t\t\t\t\t\t<img decoding=\"async\" width=\"1920\" height=\"2560\" src=\"https:\/\/www.aucoeurdelamain.fr\/wp-content\/uploads\/2025\/04\/IMG_3346-scaled-2.jpg\" class=\"attachment-full size-full\" alt=\"\" srcset=\"https:\/\/www.aucoeurdelamain.fr\/wp-content\/uploads\/2025\/04\/IMG_3346-scaled-2.jpg 1920w, https:\/\/www.aucoeurdelamain.fr\/wp-content\/uploads\/2025\/04\/IMG_3346-scaled-2-225x300.jpg 225w, https:\/\/www.aucoeurdelamain.fr\/wp-content\/uploads\/2025\/04\/IMG_3346-scaled-2-768x1024.jpg 768w, https:\/\/www.aucoeurdelamain.fr\/wp-content\/uploads\/2025\/04\/IMG_3346-scaled-2-1152x1536.jpg 1152w, https:\/\/www.aucoeurdelamain.fr\/wp-content\/uploads\/2025\/04\/IMG_3346-scaled-2-1536x2048.jpg 1536w, https:\/\/www.aucoeurdelamain.fr\/wp-content\/uploads\/2025\/04\/IMG_3346-scaled-2-500x667.jpg 500w, https:\/\/www.aucoeurdelamain.fr\/wp-content\/uploads\/2025\/04\/IMG_3346-scaled-2-800x1067.jpg 800w, https:\/\/www.aucoeurdelamain.fr\/wp-content\/uploads\/2025\/04\/IMG_3346-scaled-2-1280x1707.jpg 1280w, https:\/\/www.aucoeurdelamain.fr\/wp-content\/uploads\/2025\/04\/IMG_3346-scaled-2-600x800.jpg 600w\" sizes=\"(max-width: 1920px) 100vw, 1920px\" \/>\t\t\t\t\t\t\t\t\t<\/div>\n\t\t\t<\/div>\n\t\t\t<\/div>\n<\/div>\t\t\t\t<\/div>\n\t\t\t\t<\/div>\n\t\t\t\t\t<\/div>\n\t\t\t\t<\/div>\n\t\t\t\t<\/div>\n\t\t","protected":false},"excerpt":{"rendered":"<p>Merci La Croix pour ces t\u00e9moignages r\u00e9colt\u00e9s d\u2019artisans au service du Sacr\u00e9 \u00e0 l\u2019occasion du triste anniversaire de l\u2019incendie de Cath\u00e9drale Notre-Dame de Paris Dioc\u00e8se de ParisUn peu de BdM mais surtout beaucoup de gratitude dans ce chemin qui nous d\u00e9passe. \u00a0&#8220;Avec mon \u00e9quipe, nous sommes des artisans au service<\/p>\n","protected":false},"author":3,"featured_media":8008,"comment_status":"open","ping_status":"open","sticky":false,"template":"","format":"standard","meta":{"_jetpack_memberships_contains_paid_content":false,"footnotes":""},"categories":[107,95],"tags":[],"class_list":["post-8131","post","type-post","status-publish","format-standard","has-post-thumbnail","hentry","category-art-sacre","category-presse"],"jetpack_featured_media_url":"https:\/\/www.aucoeurdelamain.fr\/wp-content\/uploads\/2025\/04\/IMG_6448-scaled.jpg","jetpack_sharing_enabled":true,"_links":{"self":[{"href":"https:\/\/www.aucoeurdelamain.fr\/index.php\/wp-json\/wp\/v2\/posts\/8131","targetHints":{"allow":["GET"]}}],"collection":[{"href":"https:\/\/www.aucoeurdelamain.fr\/index.php\/wp-json\/wp\/v2\/posts"}],"about":[{"href":"https:\/\/www.aucoeurdelamain.fr\/index.php\/wp-json\/wp\/v2\/types\/post"}],"author":[{"embeddable":true,"href":"https:\/\/www.aucoeurdelamain.fr\/index.php\/wp-json\/wp\/v2\/users\/3"}],"replies":[{"embeddable":true,"href":"https:\/\/www.aucoeurdelamain.fr\/index.php\/wp-json\/wp\/v2\/comments?post=8131"}],"version-history":[{"count":4,"href":"https:\/\/www.aucoeurdelamain.fr\/index.php\/wp-json\/wp\/v2\/posts\/8131\/revisions"}],"predecessor-version":[{"id":8140,"href":"https:\/\/www.aucoeurdelamain.fr\/index.php\/wp-json\/wp\/v2\/posts\/8131\/revisions\/8140"}],"wp:featuredmedia":[{"embeddable":true,"href":"https:\/\/www.aucoeurdelamain.fr\/index.php\/wp-json\/wp\/v2\/media\/8008"}],"wp:attachment":[{"href":"https:\/\/www.aucoeurdelamain.fr\/index.php\/wp-json\/wp\/v2\/media?parent=8131"}],"wp:term":[{"taxonomy":"category","embeddable":true,"href":"https:\/\/www.aucoeurdelamain.fr\/index.php\/wp-json\/wp\/v2\/categories?post=8131"},{"taxonomy":"post_tag","embeddable":true,"href":"https:\/\/www.aucoeurdelamain.fr\/index.php\/wp-json\/wp\/v2\/tags?post=8131"}],"curies":[{"name":"wp","href":"https:\/\/api.w.org\/{rel}","templated":true}]}}