{"id":8126,"date":"2021-04-23T17:11:21","date_gmt":"2021-04-23T15:11:21","guid":{"rendered":"https:\/\/www.aucoeurdelamain.fr\/?p=8126"},"modified":"2025-05-26T15:16:41","modified_gmt":"2025-05-26T13:16:41","slug":"evangeliser-par-le-bois-et-la-pierre-radio-notre-dame-14-avril-2021","status":"publish","type":"post","link":"https:\/\/www.aucoeurdelamain.fr\/index.php\/2021\/04\/23\/evangeliser-par-le-bois-et-la-pierre-radio-notre-dame-14-avril-2021\/","title":{"rendered":"&#8220;Evang\u00e9liser par le bois\u2026 et la pierre &#8221; Radio Notre-Dame (14 avril 2021)"},"content":{"rendered":"\t\t<div data-elementor-type=\"wp-post\" data-elementor-id=\"8126\" class=\"elementor elementor-8126\">\n\t\t\t\t<div class=\"elementor-element elementor-element-eb9a50d e-flex e-con-boxed wpr-particle-no wpr-jarallax-no wpr-parallax-no wpr-sticky-section-no wpr-equal-height-no e-con e-parent\" data-id=\"eb9a50d\" data-element_type=\"container\" data-e-type=\"container\">\n\t\t\t\t\t<div class=\"e-con-inner\">\n\t\t\t\t<div class=\"elementor-element elementor-element-ca9b403 elementor-widget elementor-widget-text-editor\" data-id=\"ca9b403\" data-element_type=\"widget\" data-e-type=\"widget\" data-widget_type=\"text-editor.default\">\n\t\t\t\t<div class=\"elementor-widget-container\">\n\t\t\t\t\t\t\t\t\t<div class=\"kvgmc6g5 cxmmr5t8 oygrvhab hcukyx3x c1et5uql ii04i59q\"><div dir=\"auto\">\u00c9vang\u00e9liser avec le travail du bois&#8230; ou de la pierre<\/div><div dir=\"auto\">\u00a0<\/div><div dir=\"auto\"><span style=\"font-family: Roboto, sans-serif;\">Rencontre disponible via le lien ci-dessous<\/span><\/div><\/div><div dir=\"auto\"><div dir=\"auto\"><a class=\"oajrlxb2 g5ia77u1 qu0x051f esr5mh6w e9989ue4 r7d6kgcz rq0escxv nhd2j8a9 nc684nl6 p7hjln8o kvgmc6g5 cxmmr5t8 oygrvhab hcukyx3x jb3vyjys rz4wbd8a qt6c0cv9 a8nywdso i1ao9s8h esuyzwwr f1sip0of lzcic4wl py34i1dx gpro0wi8\" tabindex=\"0\" role=\"link\" href=\"https:\/\/l.facebook.com\/l.php?u=https%3A%2F%2Fradionotredame.net%2Femissions%2Frencontre%2F14-04-2021%2F%3Ffbclid%3DIwAR2eQ_QhfEh7jbiPFRUZxE0Rowj9JeV8bytR27q9HlVZ_pq9BT7W_naHK2I&amp;h=AT0gKZq-Z7NQzpV13KftoXkab1GmDe_BikgcgIYdIQuAVpsMXk2XeJZPlLL0Axapp5jbPZ9LlcchBhjw27k3CZYVHxOaE7XmcnwJGvbhPC4qiB_4m4QRUrCsk8MNllZuweqX3SudR16QnJXt4A&amp;__tn__=-UK-R&amp;c[0]=AT2Td0--Ec0Uxlo3YdpzSuauS1JKiqd0Ra2gFy4gNFsMT6utWbK54LkTV_l8K9TY8TDqvTga8D3C2OwM7qdn_Vyh3OBBe2EUJb6oO0F3u4xe-A2ThGjtM-cldD7B37C-5eMjil5AXxMkSqpoOQQ9o11Aulekg2YGjLHz8NtyPwA1M64t\" target=\"_blank\" rel=\"nofollow noopener noreferrer\">https:\/\/radionotredame.net\/emissions\/rencontre\/14-04-2021\/<\/a><\/div><div dir=\"auto\">\u00a0<\/div><div dir=\"auto\">\u00a0<\/div><div dir=\"auto\"><span style=\"font-family: Roboto, sans-serif;\">\u00ab Ce matin sur Radio Notre Dame <\/span><span style=\"font-family: Roboto, sans-serif;\">100.7, <\/span><span style=\"font-family: Roboto, sans-serif;\">Bruno de Maistre <\/span><span style=\"font-family: Roboto, sans-serif;\">est l&#8217;invit\u00e9 de l&#8217;\u00e9mission Rencontre \u00e0 partir de 10h.<\/span><\/div><\/div><div class=\"o9v6fnle cxmmr5t8 oygrvhab hcukyx3x c1et5uql ii04i59q\"><div dir=\"auto\"><p><span style=\"font-family: Roboto, sans-serif;\">C&#8217;est le moment de prendre le temps de l&#8217;\u00e9couter parler de son m\u00e9tier et des cr\u00e9ations r\u00e9alis\u00e9es pour de nombreuses \u00e9glises partout en France.<\/span><\/p><\/div><\/div><div class=\"o9v6fnle cxmmr5t8 oygrvhab hcukyx3x c1et5uql ii04i59q\"><div dir=\"auto\">Ebeniste d\u2019art, il a fond\u00e9 les Ateliers d\u2019Arimathie (Art Sacr\u00e9) et les Ateliers BdM (Meubles d\u2019exception) et est bas\u00e9 en Vall\u00e9e de Chevreuse. Il est l\u2019auteur de plusieurs cr\u00e9ations de mobiliers liturgiques pour des \u00e9glises en France et \u00e0 gagn\u00e9 le prix de la cr\u00e9ation <span style=\"font-family: Roboto, sans-serif;\">Chantiers du Cardinal <\/span>\u2013 Grand prix <span style=\"font-family: Roboto, sans-serif;\">Le P\u00e8lerin <\/span>du patrimoine en 2016.<\/div><div dir=\"auto\">\u00a0<\/div><\/div><div class=\"o9v6fnle cxmmr5t8 oygrvhab hcukyx3x c1et5uql ii04i59q\"><div dir=\"auto\">Les Ateliers BdM proposent aussi des journ\u00e9es d\u2019immersion ! Au \u00ab C\u0153ur de la main \u00bb, une initiation au travail du bois au c\u00f4t\u00e9 d\u2019artisans qualifi\u00e9s.<br \/>En \u00e9quipe ou en tant que particulier, un cadeau \u00e0 offrir \u00e0 tous ceux qui veulent s\u2019\u00e9vader le temps d\u2019une journ\u00e9e.\u00bb<\/div><div dir=\"auto\">\u00a0<\/div><\/div><div class=\"o9v6fnle cxmmr5t8 oygrvhab hcukyx3x c1et5uql ii04i59q\"><div dir=\"auto\"><a class=\"oajrlxb2 g5ia77u1 qu0x051f esr5mh6w e9989ue4 r7d6kgcz rq0escxv nhd2j8a9 nc684nl6 p7hjln8o kvgmc6g5 cxmmr5t8 oygrvhab hcukyx3x jb3vyjys rz4wbd8a qt6c0cv9 a8nywdso i1ao9s8h esuyzwwr f1sip0of lzcic4wl py34i1dx gpro0wi8\" tabindex=\"0\" role=\"link\" href=\"https:\/\/l.facebook.com\/l.php?u=http%3A%2F%2Fwww.darimathie.fr%2F%3Ffbclid%3DIwAR0x7mQA6Wahdw2fxFWn-Kb6xQqdNQgd8rnz7ACD-l8w6xhgD58TvS0bIdA&amp;h=AT3AeHzCUBj6UUxA0x3vchCcqvOdbcSdeB9Sn9mmUI4dW4Wx0-7xA1wBLOoW5PxB8CYMF9mpViw-noHCYslcPnhyWAToMTvpRypO7bKqsae5nxU_fuiUyfUeOJ7Evdwt7EN5WQooNKh-H1kZfg&amp;__tn__=-UK-R&amp;c[0]=AT2Td0--Ec0Uxlo3YdpzSuauS1JKiqd0Ra2gFy4gNFsMT6utWbK54LkTV_l8K9TY8TDqvTga8D3C2OwM7qdn_Vyh3OBBe2EUJb6oO0F3u4xe-A2ThGjtM-cldD7B37C-5eMjil5AXxMkSqpoOQQ9o11Aulekg2YGjLHz8NtyPwA1M64t\" target=\"_blank\" rel=\"nofollow noopener noreferrer\">www.darimathie.fr<\/a> (Art Sacr\u00e9, mobilier liturgique)<\/div><div dir=\"auto\"><a class=\"oajrlxb2 g5ia77u1 qu0x051f esr5mh6w e9989ue4 r7d6kgcz rq0escxv nhd2j8a9 nc684nl6 p7hjln8o kvgmc6g5 cxmmr5t8 oygrvhab hcukyx3x jb3vyjys rz4wbd8a qt6c0cv9 a8nywdso i1ao9s8h esuyzwwr f1sip0of lzcic4wl py34i1dx gpro0wi8\" tabindex=\"0\" role=\"link\" href=\"https:\/\/l.facebook.com\/l.php?u=http%3A%2F%2Fwww.BdM.paris%2F%3Ffbclid%3DIwAR22V4p6jvb2CnYKzwHXLgmWU0MbYQt0gG4vh16H5BJwfhkH5wnSsiPSh0w&amp;h=AT1GRE7_pZ3qLVda-v_lfTYmmhqZ3P6MbRskbsuvzzcVS4G4sf4Y09PsYsjT0Fdx2QBVyaV1Kw_oZTJLHILBrt2efYq2pVL0o4tVMwk8w4W2lqCctYf8LD450fFNuX61ld2cxKgTz7Tvy4c_tw&amp;__tn__=-UK-R&amp;c[0]=AT2Td0--Ec0Uxlo3YdpzSuauS1JKiqd0Ra2gFy4gNFsMT6utWbK54LkTV_l8K9TY8TDqvTga8D3C2OwM7qdn_Vyh3OBBe2EUJb6oO0F3u4xe-A2ThGjtM-cldD7B37C-5eMjil5AXxMkSqpoOQQ9o11Aulekg2YGjLHz8NtyPwA1M64t\" target=\"_blank\" rel=\"nofollow noopener noreferrer\">www.BdM.paris<\/a> (Mobilier d\u2019exception &amp; immersions)<\/div><\/div><div class=\"o9v6fnle cxmmr5t8 oygrvhab hcukyx3x c1et5uql ii04i59q\"><div dir=\"auto\">\u00a0<\/div><\/div>\t\t\t\t\t\t\t\t<\/div>\n\t\t\t\t<\/div>\n\t\t\t\t\t<\/div>\n\t\t\t\t<\/div>\n\t\t<div class=\"elementor-element elementor-element-73f6ff3 e-flex e-con-boxed wpr-particle-no wpr-jarallax-no wpr-parallax-no wpr-sticky-section-no wpr-equal-height-no e-con e-parent\" data-id=\"73f6ff3\" data-element_type=\"container\" data-e-type=\"container\">\n\t\t\t\t\t<div class=\"e-con-inner\">\n\t\t\t\t<div class=\"elementor-element elementor-element-44d35a6 elementor-widget elementor-widget-mkdf_image_gallery\" data-id=\"44d35a6\" data-element_type=\"widget\" data-e-type=\"widget\" data-widget_type=\"mkdf_image_gallery.default\">\n\t\t\t\t<div class=\"elementor-widget-container\">\n\t\t\t\t\t<div class=\"mkdf-image-gallery mkdf-grid-list mkdf-disable-bottom-space  mkdf-ig-grid-type mkdf-three-columns mkdf-normal-space  \">\n\t<div class=\"mkdf-ig-inner mkdf-outer-space\">\n\t\t\t\t\t<div class=\"mkdf-ig-image mkdf-item-space\">\n\t\t\t\t<div class=\"mkdf-ig-image-inner\">\n\t\t\t\t\t\t\t\t\t\t\t<img fetchpriority=\"high\" decoding=\"async\" width=\"1920\" height=\"2560\" src=\"https:\/\/www.aucoeurdelamain.fr\/wp-content\/uploads\/2025\/04\/vitrail-colombe-scaled.jpg\" class=\"attachment-full size-full\" alt=\"\" srcset=\"https:\/\/www.aucoeurdelamain.fr\/wp-content\/uploads\/2025\/04\/vitrail-colombe-scaled.jpg 1920w, https:\/\/www.aucoeurdelamain.fr\/wp-content\/uploads\/2025\/04\/vitrail-colombe-225x300.jpg 225w, https:\/\/www.aucoeurdelamain.fr\/wp-content\/uploads\/2025\/04\/vitrail-colombe-768x1024.jpg 768w, https:\/\/www.aucoeurdelamain.fr\/wp-content\/uploads\/2025\/04\/vitrail-colombe-1152x1536.jpg 1152w, https:\/\/www.aucoeurdelamain.fr\/wp-content\/uploads\/2025\/04\/vitrail-colombe-1536x2048.jpg 1536w, https:\/\/www.aucoeurdelamain.fr\/wp-content\/uploads\/2025\/04\/vitrail-colombe-600x800.jpg 600w\" sizes=\"(max-width: 1920px) 100vw, 1920px\" \/>\t\t\t\t\t\t\t\t\t<\/div>\n\t\t\t<\/div>\n\t\t\t\t\t<div class=\"mkdf-ig-image mkdf-item-space\">\n\t\t\t\t<div class=\"mkdf-ig-image-inner\">\n\t\t\t\t\t\t\t\t\t\t\t<img decoding=\"async\" width=\"1536\" height=\"2048\" src=\"https:\/\/www.aucoeurdelamain.fr\/wp-content\/uploads\/2025\/04\/VITRAUX-CHOIX.jpg\" class=\"attachment-full size-full\" alt=\"\" srcset=\"https:\/\/www.aucoeurdelamain.fr\/wp-content\/uploads\/2025\/04\/VITRAUX-CHOIX.jpg 1536w, https:\/\/www.aucoeurdelamain.fr\/wp-content\/uploads\/2025\/04\/VITRAUX-CHOIX-225x300.jpg 225w, https:\/\/www.aucoeurdelamain.fr\/wp-content\/uploads\/2025\/04\/VITRAUX-CHOIX-768x1024.jpg 768w, https:\/\/www.aucoeurdelamain.fr\/wp-content\/uploads\/2025\/04\/VITRAUX-CHOIX-1152x1536.jpg 1152w, https:\/\/www.aucoeurdelamain.fr\/wp-content\/uploads\/2025\/04\/VITRAUX-CHOIX-600x800.jpg 600w\" sizes=\"(max-width: 1536px) 100vw, 1536px\" \/>\t\t\t\t\t\t\t\t\t<\/div>\n\t\t\t<\/div>\n\t\t\t\t\t<div class=\"mkdf-ig-image mkdf-item-space\">\n\t\t\t\t<div class=\"mkdf-ig-image-inner\">\n\t\t\t\t\t\t\t\t\t\t\t<img decoding=\"async\" width=\"1920\" height=\"2560\" src=\"https:\/\/www.aucoeurdelamain.fr\/wp-content\/uploads\/2025\/04\/lyon-saint-jacques-2-scaled.jpg\" class=\"attachment-full size-full\" alt=\"\" srcset=\"https:\/\/www.aucoeurdelamain.fr\/wp-content\/uploads\/2025\/04\/lyon-saint-jacques-2-scaled.jpg 1920w, https:\/\/www.aucoeurdelamain.fr\/wp-content\/uploads\/2025\/04\/lyon-saint-jacques-2-225x300.jpg 225w, https:\/\/www.aucoeurdelamain.fr\/wp-content\/uploads\/2025\/04\/lyon-saint-jacques-2-768x1024.jpg 768w, https:\/\/www.aucoeurdelamain.fr\/wp-content\/uploads\/2025\/04\/lyon-saint-jacques-2-1152x1536.jpg 1152w, https:\/\/www.aucoeurdelamain.fr\/wp-content\/uploads\/2025\/04\/lyon-saint-jacques-2-1536x2048.jpg 1536w, https:\/\/www.aucoeurdelamain.fr\/wp-content\/uploads\/2025\/04\/lyon-saint-jacques-2-600x800.jpg 600w\" sizes=\"(max-width: 1920px) 100vw, 1920px\" \/>\t\t\t\t\t\t\t\t\t<\/div>\n\t\t\t<\/div>\n\t\t\t\t\t<div class=\"mkdf-ig-image mkdf-item-space\">\n\t\t\t\t<div class=\"mkdf-ig-image-inner\">\n\t\t\t\t\t\t\t\t\t\t\t<img loading=\"lazy\" decoding=\"async\" width=\"1920\" height=\"2560\" src=\"https:\/\/www.aucoeurdelamain.fr\/wp-content\/uploads\/2025\/04\/lyon-saint-jacques-4-scaled.jpg\" class=\"attachment-full size-full\" alt=\"\" srcset=\"https:\/\/www.aucoeurdelamain.fr\/wp-content\/uploads\/2025\/04\/lyon-saint-jacques-4-scaled.jpg 1920w, https:\/\/www.aucoeurdelamain.fr\/wp-content\/uploads\/2025\/04\/lyon-saint-jacques-4-225x300.jpg 225w, https:\/\/www.aucoeurdelamain.fr\/wp-content\/uploads\/2025\/04\/lyon-saint-jacques-4-768x1024.jpg 768w, https:\/\/www.aucoeurdelamain.fr\/wp-content\/uploads\/2025\/04\/lyon-saint-jacques-4-1152x1536.jpg 1152w, https:\/\/www.aucoeurdelamain.fr\/wp-content\/uploads\/2025\/04\/lyon-saint-jacques-4-1536x2048.jpg 1536w, https:\/\/www.aucoeurdelamain.fr\/wp-content\/uploads\/2025\/04\/lyon-saint-jacques-4-600x800.jpg 600w\" sizes=\"(max-width: 1920px) 100vw, 1920px\" \/>\t\t\t\t\t\t\t\t\t<\/div>\n\t\t\t<\/div>\n\t\t\t\t\t<div class=\"mkdf-ig-image mkdf-item-space\">\n\t\t\t\t<div class=\"mkdf-ig-image-inner\">\n\t\t\t\t\t\t\t\t\t\t\t<img loading=\"lazy\" decoding=\"async\" width=\"1900\" height=\"1268\" src=\"https:\/\/www.aucoeurdelamain.fr\/wp-content\/uploads\/2025\/04\/301019.BDM-23-sur-26.jpg\" class=\"attachment-full size-full\" alt=\"\" srcset=\"https:\/\/www.aucoeurdelamain.fr\/wp-content\/uploads\/2025\/04\/301019.BDM-23-sur-26.jpg 1900w, https:\/\/www.aucoeurdelamain.fr\/wp-content\/uploads\/2025\/04\/301019.BDM-23-sur-26-300x200.jpg 300w, https:\/\/www.aucoeurdelamain.fr\/wp-content\/uploads\/2025\/04\/301019.BDM-23-sur-26-1024x683.jpg 1024w, https:\/\/www.aucoeurdelamain.fr\/wp-content\/uploads\/2025\/04\/301019.BDM-23-sur-26-768x513.jpg 768w, https:\/\/www.aucoeurdelamain.fr\/wp-content\/uploads\/2025\/04\/301019.BDM-23-sur-26-1536x1025.jpg 1536w, https:\/\/www.aucoeurdelamain.fr\/wp-content\/uploads\/2025\/04\/301019.BDM-23-sur-26-600x400.jpg 600w\" sizes=\"(max-width: 1900px) 100vw, 1900px\" \/>\t\t\t\t\t\t\t\t\t<\/div>\n\t\t\t<\/div>\n\t\t\t\t\t<div class=\"mkdf-ig-image mkdf-item-space\">\n\t\t\t\t<div class=\"mkdf-ig-image-inner\">\n\t\t\t\t\t\t\t\t\t\t\t<img loading=\"lazy\" decoding=\"async\" width=\"2560\" height=\"1709\" src=\"https:\/\/www.aucoeurdelamain.fr\/wp-content\/uploads\/2025\/04\/boulogne-michel-richard-1-scaled-e1744290890351.jpg\" class=\"attachment-full size-full\" alt=\"\" srcset=\"https:\/\/www.aucoeurdelamain.fr\/wp-content\/uploads\/2025\/04\/boulogne-michel-richard-1-scaled-e1744290890351.jpg 2560w, https:\/\/www.aucoeurdelamain.fr\/wp-content\/uploads\/2025\/04\/boulogne-michel-richard-1-scaled-e1744290890351-300x200.jpg 300w, https:\/\/www.aucoeurdelamain.fr\/wp-content\/uploads\/2025\/04\/boulogne-michel-richard-1-scaled-e1744290890351-1024x684.jpg 1024w, https:\/\/www.aucoeurdelamain.fr\/wp-content\/uploads\/2025\/04\/boulogne-michel-richard-1-scaled-e1744290890351-768x513.jpg 768w, https:\/\/www.aucoeurdelamain.fr\/wp-content\/uploads\/2025\/04\/boulogne-michel-richard-1-scaled-e1744290890351-1536x1025.jpg 1536w, https:\/\/www.aucoeurdelamain.fr\/wp-content\/uploads\/2025\/04\/boulogne-michel-richard-1-scaled-e1744290890351-600x401.jpg 600w\" sizes=\"(max-width: 2560px) 100vw, 2560px\" \/>\t\t\t\t\t\t\t\t\t<\/div>\n\t\t\t<\/div>\n\t\t\t<\/div>\n<\/div>\t\t\t\t<\/div>\n\t\t\t\t<\/div>\n\t\t\t\t\t<\/div>\n\t\t\t\t<\/div>\n\t\t\t\t<\/div>\n\t\t","protected":false},"excerpt":{"rendered":"<p>\u00c9vang\u00e9liser avec le travail du bois&#8230; ou de la pierre\u00a0Rencontre disponible via le lien ci-dessoushttps:\/\/radionotredame.net\/emissions\/rencontre\/14-04-2021\/\u00a0\u00a0\u00ab Ce matin sur Radio Notre Dame 100.7, Bruno de Maistre est l&#8217;invit\u00e9 de l&#8217;\u00e9mission Rencontre \u00e0 partir de 10h. C&#8217;est le moment de prendre le temps de l&#8217;\u00e9couter parler de son m\u00e9tier et des cr\u00e9ations<\/p>\n","protected":false},"author":3,"featured_media":6322,"comment_status":"open","ping_status":"open","sticky":false,"template":"","format":"standard","meta":{"_jetpack_memberships_contains_paid_content":false,"footnotes":""},"categories":[107,95],"tags":[],"class_list":["post-8126","post","type-post","status-publish","format-standard","has-post-thumbnail","hentry","category-art-sacre","category-presse"],"jetpack_featured_media_url":"https:\/\/www.aucoeurdelamain.fr\/wp-content\/uploads\/2025\/04\/1A-DECOUPE-AUTEL.jpg","jetpack_sharing_enabled":true,"_links":{"self":[{"href":"https:\/\/www.aucoeurdelamain.fr\/index.php\/wp-json\/wp\/v2\/posts\/8126","targetHints":{"allow":["GET"]}}],"collection":[{"href":"https:\/\/www.aucoeurdelamain.fr\/index.php\/wp-json\/wp\/v2\/posts"}],"about":[{"href":"https:\/\/www.aucoeurdelamain.fr\/index.php\/wp-json\/wp\/v2\/types\/post"}],"author":[{"embeddable":true,"href":"https:\/\/www.aucoeurdelamain.fr\/index.php\/wp-json\/wp\/v2\/users\/3"}],"replies":[{"embeddable":true,"href":"https:\/\/www.aucoeurdelamain.fr\/index.php\/wp-json\/wp\/v2\/comments?post=8126"}],"version-history":[{"count":7,"href":"https:\/\/www.aucoeurdelamain.fr\/index.php\/wp-json\/wp\/v2\/posts\/8126\/revisions"}],"predecessor-version":[{"id":8215,"href":"https:\/\/www.aucoeurdelamain.fr\/index.php\/wp-json\/wp\/v2\/posts\/8126\/revisions\/8215"}],"wp:featuredmedia":[{"embeddable":true,"href":"https:\/\/www.aucoeurdelamain.fr\/index.php\/wp-json\/wp\/v2\/media\/6322"}],"wp:attachment":[{"href":"https:\/\/www.aucoeurdelamain.fr\/index.php\/wp-json\/wp\/v2\/media?parent=8126"}],"wp:term":[{"taxonomy":"category","embeddable":true,"href":"https:\/\/www.aucoeurdelamain.fr\/index.php\/wp-json\/wp\/v2\/categories?post=8126"},{"taxonomy":"post_tag","embeddable":true,"href":"https:\/\/www.aucoeurdelamain.fr\/index.php\/wp-json\/wp\/v2\/tags?post=8126"}],"curies":[{"name":"wp","href":"https:\/\/api.w.org\/{rel}","templated":true}]}}