{"id":8117,"date":"2022-11-05T17:02:26","date_gmt":"2022-11-05T16:02:26","guid":{"rendered":"https:\/\/www.aucoeurdelamain.fr\/?p=8117"},"modified":"2025-05-26T15:11:44","modified_gmt":"2025-05-26T13:11:44","slug":"bruno-de-maistre-un-ebeniste-au-service-du-sacre-aleteia-4-novembre-2022","status":"publish","type":"post","link":"https:\/\/www.aucoeurdelamain.fr\/index.php\/2022\/11\/05\/bruno-de-maistre-un-ebeniste-au-service-du-sacre-aleteia-4-novembre-2022\/","title":{"rendered":"&#8220;Bruno de Maistre, un \u00e9b\u00e9niste au service du sacr\u00e9&#8221; &#8211; ALETEIA &#8211; 4 novembre 2022"},"content":{"rendered":"\t\t<div data-elementor-type=\"wp-post\" data-elementor-id=\"8117\" class=\"elementor elementor-8117\">\n\t\t\t\t<div class=\"elementor-element elementor-element-e746f8a e-flex e-con-boxed wpr-particle-no wpr-jarallax-no wpr-parallax-no wpr-sticky-section-no wpr-equal-height-no e-con e-parent\" data-id=\"e746f8a\" data-element_type=\"container\" data-e-type=\"container\">\n\t\t\t\t\t<div class=\"e-con-inner\">\n\t\t\t\t<div class=\"elementor-element elementor-element-e5b0c12 elementor-widget elementor-widget-text-editor\" data-id=\"e5b0c12\" data-element_type=\"widget\" data-e-type=\"widget\" data-widget_type=\"text-editor.default\">\n\t\t\t\t<div class=\"elementor-widget-container\">\n\t\t\t\t\t\t\t\t\t<h3 class=\"css-jpidgt efftk62\">Bruno de Maistre, un \u00e9b\u00e9niste au service du Sacr\u00e9<br \/><a class=\"css-tadcwa\" href=\"https:\/\/fr.aleteia.org\/author\/caroline-becker\/\" target=\"_self\" rel=\"noopener noreferrer\">Caroline Becker<\/a>\u00a0&#8211;\u00a0<span class=\"css-1xovt06 efftk63\">publi\u00e9 le 04\/11\/22<\/span><\/h3><h2 class=\"subtitle\">\u00c9beniste de talent, Bruno de Maistre a fond\u00e9 il y a dix ans les Ateliers d\u2019Arimathie et consacre, aujourd\u2019hui, une grande partie de son activit\u00e9 \u00e0 la r\u00e9alisation de mobiliers liturgiques. Il confie \u00e0 Aleteia son parcours atypique, qui l\u2019a men\u00e9 d\u2019une agence de publicit\u00e9 \u00e0 la cr\u00e9ation de son atelier d\u2019\u00e9benisterie.<\/h2><p><span class=\"css-1q1joro\">\u00ab\u00a0Tout est parti d\u2019une remise en question de ma vie\u00a0\u00bb, commence Bruno de Maistre, alors qu\u2019il raconte les d\u00e9buts des\u00a0<a href=\"https:\/\/www.bdm.paris\/\" target=\"_blank\" rel=\"noopener noreferrer\">Ateliers d\u2019Arimathie<\/a>\u00a0qu\u2019il a fond\u00e9 en 2011. Depuis, les commandes sont nombreuses et le succ\u00e8s de ce jeune \u00e9b\u00e9niste ne se d\u00e9ment pas comme en t\u00e9moignent ces derni\u00e8res grandes cr\u00e9ations pour la chapelle Sainte-Clotilde \u00e0 Versailles ou l\u2019\u00e9glise Notre-Dame de Boulogne. Il a d\u2019ailleurs \u00e9t\u00e9, d\u00e8s 2016, laur\u00e9at<\/span>\u00a0du Prix P\u00e8lerin de la cr\u00e9ation contemporaine pour les Chantiers du Cardinal avec un ensemble cr\u00e9\u00e9 pour la Maison Paroissiale Saint-Jean-Paul II \u00e0 Colombes (dioc\u00e8se de Nanterre). \u00ab\u00a0J\u2019ai travaill\u00e9 cette cr\u00e9ation avec cette phrase qui me touche particuli\u00e8rement de Jean Paul II : \u201cSi vous \u00eates ce que vous devez \u00eatre, vous mettrez le feu au monde.\u201d\u00a0\u00bb<\/p><div class=\"wp-block-aleteia-heading3\"><h3>De la publicit\u00e9 \u00e0 l\u2019\u00e9b\u00e9nisterie<\/h3><\/div><p><span class=\"css-1q1joro\">Form\u00e9 \u00e0 Penninghen, une \u00e9cole d\u2019art, puis en agence de communication, Bruno de Maistre d\u00e9marre sa vie professionnelle dans la publicit\u00e9. Une voie quasi toute trac\u00e9e pour ce jeune actif qui appr\u00e9cie son travail. Mais un jour la corde casse. Victime d\u2019un burn-out, Bruno de Maistre trouve l\u00e0 l\u2019occasion de se poser de vraies questions sur son m\u00e9tier, son avenir, ses envies. \u00ab\u00a0Il me manquait une dimension\u00a0\u00bb, confie-t-il. Apr\u00e8s un temps de repos, il d\u00e9cide de chercher \u00e0 nouveau du travail \u00e0 Londres dans la communication. L\u00e0-bas, il trouve un petit boulot en tant que technicien dans un h\u00f4tel. Une r\u00e9v\u00e9lation pour le jeune homme qui d\u00e9couvre le plaisir simple de travailler avec ses mains. \u00ab\u00a0Je changeais des ampoules, faisait de la plomberie\u2026 j\u2019ai ador\u00e9 ! Le c\u00f4t\u00e9 manuel m\u2019a beaucoup plu, c\u2019\u00e9tait comme un jeu. Je ne r\u00e9fl\u00e9chissais pas seulement avec mon intellect mais aussi avec mes mains.\u00a0\u00bb\u00a0<\/span><\/p><p><span class=\"css-1q1joro\">L\u2019\u00e9b\u00e9nisterie devient alors une \u00e9vidence. \u00c0 partir de l\u00e0 tout s\u2019encha\u00eene. Bruno de Maistre s\u2019inscrit \u00e0 l\u2019\u00e9cole Boulle en 2009 et suit une formation de deux ans. Il y apprend les techniques et les gestes. Son d\u00e9sir de s\u2019orienter vers le mobilier liturgique n\u2019a pas encore \u00e9clos et pourtant, une formation qu\u2019il a suivie en parall\u00e8le de ses ann\u00e9es en agence de communication en dit long. \u00ab\u00a0Lorsque j\u2019\u00e9tais salari\u00e9, j\u2019ai suivi une licence d\u2019Art sacr\u00e9 \u00e0 l\u2019Institut catholique de Paris. Je ne sais pas vraiment pourquoi. Je suis tomb\u00e9 dessus par hasard et je l\u2019ai fait, j\u2019en avais besoin. C\u2019\u00e9tait sans doute la Providence\u2026\u00a0\u00bb, analyse-t-il avec le recul.\u00a0<\/span><\/p><blockquote class=\"custom-first\"><p>Quand je r\u00e9alise des t\u00e2ches simples qui ne n\u00e9cessitent pas une forte concentration, je me mets \u00e0 prier. Pour le client ou pour toutes les personnes qui vont \u00eatre en pr\u00e9sence du mobilier.<\/p><\/blockquote><p><span class=\"css-1q1joro\">Vient alors sa premi\u00e8re exp\u00e9rience avec l\u2019Art sacr\u00e9. Un peu par hasard. Foyer d\u2019accueil avec son \u00e9pouse dans le dioc\u00e8se de Nanterre, et r\u00e9sidant au presbyt\u00e8re pour effectuer sa mission b\u00e9n\u00e9vole, Bruno de Maistre conna\u00eet bien le pr\u00eatre de la paroisse. Ce dernier lui demande de dessiner un ambon. Au fil du temps les projets prennent de l\u2019ampleur. De l\u2019ambon, Bruno passe \u00e0 l\u2019am\u00e9nagement int\u00e9gral. Son premier chantier sera pour l\u2019\u00e9glise Saint-Denys de Vaucresson o\u00f9 il r\u00e9alisera l\u2019autel, les pupitres, les si\u00e8ges, l\u2019estrade et la croix sur le th\u00e8me de la p\u00eache miraculeuse. \u00ab\u00a0Quand j\u2019ai accept\u00e9 ce projet, j\u2019ai vu un pr\u00e9cipice\u00a0\u00bb, se rappelle-t-il avec \u00e9motion. Aimant prendre des risques, Bruno dessine un mobilier complexe o\u00f9 des filets de bois incrust\u00e9s rayonnent vers la croix. \u00ab\u00a0Je me croyais incapable de r\u00e9aliser ce que j\u2019avais dessin\u00e9 ! Heureusement saint Joseph est venu \u00e0 la rescousse.\u00a0\u00bb\u00a0<\/span><\/p><div class=\"wp-block-aleteia-heading3\"><h3>\u00ab\u00a0Saint Joseph, c\u2019est un coll\u00e8gue de travail\u00a0\u00bb<\/h3><\/div><p><span class=\"css-1q1joro\">Patron des artisans, saint Joseph tient une place particuli\u00e8re dans le c\u0153ur de Bruno. \u00ab\u00a0C\u2019est un coll\u00e8gue de travail\u00a0\u00bb, dit-il en rigolant. \u00ab\u00a0Il est toujours \u00e0 l\u2019atelier pour me donner un coup de main\u00a0\u00bb. Croyant depuis toujours, Bruno se laisse guider par la foi. Elle est omnipr\u00e9sente dans son travail. \u00ab\u00a0Quand je r\u00e9alise des t\u00e2ches simples qui ne n\u00e9cessitent pas une forte concentration, je me mets \u00e0 prier. Pour le client ou pour toutes les personnes qui vont \u00eatre en pr\u00e9sence du mobilier.\u00a0\u00bb Aux pri\u00e8res adress\u00e9es \u00e0 saint Joseph et \u00e0 la Vierge Marie se m\u00ealent aussi parfois des chants. \u00ab\u00a0Je formule des pri\u00e8res personnelles, je r\u00e9cite des\u00a0<\/span><i><span class=\"css-1q1joro\">Je vous Salue Marie<\/span><\/i><span class=\"css-1q1joro\">, des\u00a0<\/span><i><span class=\"css-1q1joro\">Notre P\u00e8re<\/span><\/i><span class=\"css-1q1joro\">\u2026 parfois je chante \u00e0 voix haute sans m\u2019en apercevoir !\u00a0\u00bb Quand il a besoin de calme, Bruno met de la musique ou \u00e9coute des po\u00e8mes de sainte Th\u00e9r\u00e8se de Lisieux dont il appr\u00e9cie la fra\u00eecheur et la simplicit\u00e9. \u00ab\u00a0Th\u00e9r\u00e8se teinte mes \u0153uvres de douceur et de f\u00e9minit\u00e9\u00a0\u00bb, dit-il.\u00a0<\/span><\/p><p><span class=\"css-1q1joro\">Partageant son temps entre des commandes non religieuses et l\u2019art sacr\u00e9, Bruno admet ne pas \u00e9prouver la m\u00eame chose lorsqu\u2019il r\u00e9alise des \u0153uvres destin\u00e9es \u00e0 la gloire de Dieu. \u00ab\u00a0Quand je travaille un objet liturgique, je suis dans la recherche de la perfection. Je vais fignoler des d\u00e9tails totalement invisibles voire inutiles. Mais Dieu voit tout. Mon client, c\u2019est le Seigneur ! C\u2019est un effort que je fais dans le secret. C\u2019est ma pri\u00e8re \u00e0 moi.\u00a0\u00bb\u00a0<\/span><\/p><p>Puisant son inspiration directement dans les \u00e9glises, confrontant ses id\u00e9es aupr\u00e8s des cur\u00e9s, des \u00e9quipes paroissiales et des fid\u00e8les, Bruno de Maistre aime travailler en \u00e9troite collaboration avec tous ceux qui seront amen\u00e9s \u00e0 utiliser et voir le mobilier. \u00ab\u00a0Quand je cr\u00e9e des meubles liturgiques, je cherche \u00e0 toucher ceux qui vont \u00e0 l\u2019\u00e9glise. Je veux les inviter \u00e0 se poser devant le Saint-Sacrement, qu\u2019ils soient port\u00e9s par Dieu, que leur c\u0153ur dise \u201cSeigneur, me voici\u201d. Ce travail collectif est une source d\u2019inspiration in\u00e9puisable pour cet artiste qui ne s\u2019imagine pas voguer en solitaire. \u00ab\u00a0Je suis un artisan, je me mets au service de Dieu, du pr\u00eatre, de tous. Je ne fais pas une \u0153uvre pour moi mais pour la communaut\u00e9.\u00a0\u00bb Se poser dans l\u2019\u00e9glise, participer aux c\u00e9l\u00e9brations, absorber l\u2019histoire du lieu, interroger les \u00e9quipes font partie de ces petits rituels qui \u00ab\u00a0nourrissent la marmite cr\u00e9ative\u201d, comme il dit.<\/p><p>Parmi les \u0153uvres dont il est le plus fier, il y a le ch\u0153ur de Notre-Dame de Boulogne inaugur\u00e9 en novembre 2019. Un projet qui a dur\u00e9 deux ans. Dans une volont\u00e9 de respecter l\u2019histoire de Notre-Dame, Bruno de Maistre s\u2019est appuy\u00e9 sur les \u00e9l\u00e9ments existants. Le ch\u00eane, utilis\u00e9 pour l\u2019estrade, se marie ainsi parfaitement avec la chaire et les stalles tandis que l\u2019autel, en marbre blanc de Carrare, reprend des \u00e9l\u00e9ments n\u00e9ogothiques faisant \u00e9cho au style de l\u2019\u00e9glise. \u00c0 l\u2019int\u00e9rieur de l\u2019autel se trouve une pierre dont la surface est travaill\u00e9e \u00e0 la main pour lui donner un c\u00f4t\u00e9 brut qui symbolise la pierre du sacrifice d\u2019Isaac fait par Abraham. Sur cette pierre est sculpt\u00e9e la figure du Bon Pasteur. \u00ab J\u00e9sus est le vrai berger qui appelle chacune de ses brebis par son nom, capable de partir \u00e0 la recherche de celle qui s\u2019est perdue mais \u00e9galement de donner sa vie pour elle. \u00bb<\/p><p><strong>Portant un regard plein d\u2019esp\u00e9rance sur la cr\u00e9ation liturgique, Bruno de Maistre y per\u00e7oit un v\u00e9ritable renouveau. \u00ab\u00a0On sort d\u2019une p\u00e9riode o\u00f9 l\u2019am\u00e9nagement liturgique \u00e9tait secondaire.\u00a0\u00bb Fini donc l\u2019\u00e9poque du temporaire et des mat\u00e9riaux pauvres. \u00ab\u00a0Aujourd\u2019hui les pr\u00eatres ont conscience que le mobilier est l\u00e0 pour servir la liturgie, il se doit d\u2019\u00eatre beau, \u00e0 la hauteur de ce que l\u2019on c\u00e9l\u00e8bre durant la messe.\u00a0\u00bb<\/strong><\/p>\t\t\t\t\t\t\t\t<\/div>\n\t\t\t\t<\/div>\n\t\t\t\t\t<\/div>\n\t\t\t\t<\/div>\n\t\t<div class=\"elementor-element elementor-element-c1f6112 e-flex e-con-boxed wpr-particle-no wpr-jarallax-no wpr-parallax-no wpr-sticky-section-no wpr-equal-height-no e-con e-parent\" data-id=\"c1f6112\" data-element_type=\"container\" data-e-type=\"container\">\n\t\t\t\t\t<div class=\"e-con-inner\">\n\t\t\t\t<div class=\"elementor-element elementor-element-7207cc1 elementor-widget elementor-widget-mkdf_image_gallery\" data-id=\"7207cc1\" data-element_type=\"widget\" data-e-type=\"widget\" data-widget_type=\"mkdf_image_gallery.default\">\n\t\t\t\t<div class=\"elementor-widget-container\">\n\t\t\t\t\t<div class=\"mkdf-image-gallery mkdf-grid-list mkdf-disable-bottom-space  mkdf-ig-grid-type mkdf-three-columns mkdf-normal-space  \">\n\t<div class=\"mkdf-ig-inner mkdf-outer-space\">\n\t\t\t\t\t<div class=\"mkdf-ig-image mkdf-item-space\">\n\t\t\t\t<div class=\"mkdf-ig-image-inner\">\n\t\t\t\t\t\t\t\t\t\t\t<img fetchpriority=\"high\" decoding=\"async\" width=\"1920\" height=\"2560\" src=\"https:\/\/www.aucoeurdelamain.fr\/wp-content\/uploads\/2025\/04\/IMG_7155-1-scaled.jpg\" class=\"attachment-full size-full\" alt=\"\" srcset=\"https:\/\/www.aucoeurdelamain.fr\/wp-content\/uploads\/2025\/04\/IMG_7155-1-scaled.jpg 1920w, https:\/\/www.aucoeurdelamain.fr\/wp-content\/uploads\/2025\/04\/IMG_7155-1-225x300.jpg 225w, https:\/\/www.aucoeurdelamain.fr\/wp-content\/uploads\/2025\/04\/IMG_7155-1-768x1024.jpg 768w, https:\/\/www.aucoeurdelamain.fr\/wp-content\/uploads\/2025\/04\/IMG_7155-1-1152x1536.jpg 1152w, https:\/\/www.aucoeurdelamain.fr\/wp-content\/uploads\/2025\/04\/IMG_7155-1-1536x2048.jpg 1536w, https:\/\/www.aucoeurdelamain.fr\/wp-content\/uploads\/2025\/04\/IMG_7155-1-500x667.jpg 500w, https:\/\/www.aucoeurdelamain.fr\/wp-content\/uploads\/2025\/04\/IMG_7155-1-800x1067.jpg 800w, https:\/\/www.aucoeurdelamain.fr\/wp-content\/uploads\/2025\/04\/IMG_7155-1-1280x1707.jpg 1280w, https:\/\/www.aucoeurdelamain.fr\/wp-content\/uploads\/2025\/04\/IMG_7155-1-600x800.jpg 600w\" sizes=\"(max-width: 1920px) 100vw, 1920px\" \/>\t\t\t\t\t\t\t\t\t<\/div>\n\t\t\t<\/div>\n\t\t\t\t\t<div class=\"mkdf-ig-image mkdf-item-space\">\n\t\t\t\t<div class=\"mkdf-ig-image-inner\">\n\t\t\t\t\t\t\t\t\t\t\t<img decoding=\"async\" width=\"1920\" height=\"2560\" src=\"https:\/\/www.aucoeurdelamain.fr\/wp-content\/uploads\/2025\/04\/IMG_6477-scaled.jpg\" class=\"attachment-full size-full\" alt=\"\" srcset=\"https:\/\/www.aucoeurdelamain.fr\/wp-content\/uploads\/2025\/04\/IMG_6477-scaled.jpg 1920w, https:\/\/www.aucoeurdelamain.fr\/wp-content\/uploads\/2025\/04\/IMG_6477-225x300.jpg 225w, https:\/\/www.aucoeurdelamain.fr\/wp-content\/uploads\/2025\/04\/IMG_6477-768x1024.jpg 768w, https:\/\/www.aucoeurdelamain.fr\/wp-content\/uploads\/2025\/04\/IMG_6477-1152x1536.jpg 1152w, https:\/\/www.aucoeurdelamain.fr\/wp-content\/uploads\/2025\/04\/IMG_6477-1536x2048.jpg 1536w, https:\/\/www.aucoeurdelamain.fr\/wp-content\/uploads\/2025\/04\/IMG_6477-500x667.jpg 500w, https:\/\/www.aucoeurdelamain.fr\/wp-content\/uploads\/2025\/04\/IMG_6477-800x1067.jpg 800w, https:\/\/www.aucoeurdelamain.fr\/wp-content\/uploads\/2025\/04\/IMG_6477-1280x1707.jpg 1280w, https:\/\/www.aucoeurdelamain.fr\/wp-content\/uploads\/2025\/04\/IMG_6477-600x800.jpg 600w\" sizes=\"(max-width: 1920px) 100vw, 1920px\" \/>\t\t\t\t\t\t\t\t\t<\/div>\n\t\t\t<\/div>\n\t\t\t\t\t<div class=\"mkdf-ig-image mkdf-item-space\">\n\t\t\t\t<div class=\"mkdf-ig-image-inner\">\n\t\t\t\t\t\t\t\t\t\t\t<img decoding=\"async\" width=\"1920\" height=\"2560\" src=\"https:\/\/www.aucoeurdelamain.fr\/wp-content\/uploads\/2025\/04\/IMG_3687-1-scaled.jpg\" class=\"attachment-full size-full\" alt=\"\" srcset=\"https:\/\/www.aucoeurdelamain.fr\/wp-content\/uploads\/2025\/04\/IMG_3687-1-scaled.jpg 1920w, https:\/\/www.aucoeurdelamain.fr\/wp-content\/uploads\/2025\/04\/IMG_3687-1-225x300.jpg 225w, https:\/\/www.aucoeurdelamain.fr\/wp-content\/uploads\/2025\/04\/IMG_3687-1-768x1024.jpg 768w, https:\/\/www.aucoeurdelamain.fr\/wp-content\/uploads\/2025\/04\/IMG_3687-1-1152x1536.jpg 1152w, https:\/\/www.aucoeurdelamain.fr\/wp-content\/uploads\/2025\/04\/IMG_3687-1-1536x2048.jpg 1536w, https:\/\/www.aucoeurdelamain.fr\/wp-content\/uploads\/2025\/04\/IMG_3687-1-500x667.jpg 500w, https:\/\/www.aucoeurdelamain.fr\/wp-content\/uploads\/2025\/04\/IMG_3687-1-800x1067.jpg 800w, https:\/\/www.aucoeurdelamain.fr\/wp-content\/uploads\/2025\/04\/IMG_3687-1-1280x1707.jpg 1280w, https:\/\/www.aucoeurdelamain.fr\/wp-content\/uploads\/2025\/04\/IMG_3687-1-600x800.jpg 600w\" sizes=\"(max-width: 1920px) 100vw, 1920px\" \/>\t\t\t\t\t\t\t\t\t<\/div>\n\t\t\t<\/div>\n\t\t\t\t\t<div class=\"mkdf-ig-image mkdf-item-space\">\n\t\t\t\t<div class=\"mkdf-ig-image-inner\">\n\t\t\t\t\t\t\t\t\t\t\t<img loading=\"lazy\" decoding=\"async\" width=\"1920\" height=\"2560\" src=\"https:\/\/www.aucoeurdelamain.fr\/wp-content\/uploads\/2025\/04\/IMG_1498-1-Copie-scaled.jpg\" class=\"attachment-full size-full\" alt=\"\" srcset=\"https:\/\/www.aucoeurdelamain.fr\/wp-content\/uploads\/2025\/04\/IMG_1498-1-Copie-scaled.jpg 1920w, https:\/\/www.aucoeurdelamain.fr\/wp-content\/uploads\/2025\/04\/IMG_1498-1-Copie-225x300.jpg 225w, https:\/\/www.aucoeurdelamain.fr\/wp-content\/uploads\/2025\/04\/IMG_1498-1-Copie-768x1024.jpg 768w, https:\/\/www.aucoeurdelamain.fr\/wp-content\/uploads\/2025\/04\/IMG_1498-1-Copie-1152x1536.jpg 1152w, https:\/\/www.aucoeurdelamain.fr\/wp-content\/uploads\/2025\/04\/IMG_1498-1-Copie-1536x2048.jpg 1536w, https:\/\/www.aucoeurdelamain.fr\/wp-content\/uploads\/2025\/04\/IMG_1498-1-Copie-500x667.jpg 500w, https:\/\/www.aucoeurdelamain.fr\/wp-content\/uploads\/2025\/04\/IMG_1498-1-Copie-800x1067.jpg 800w, https:\/\/www.aucoeurdelamain.fr\/wp-content\/uploads\/2025\/04\/IMG_1498-1-Copie-1280x1707.jpg 1280w, https:\/\/www.aucoeurdelamain.fr\/wp-content\/uploads\/2025\/04\/IMG_1498-1-Copie-600x800.jpg 600w\" sizes=\"(max-width: 1920px) 100vw, 1920px\" \/>\t\t\t\t\t\t\t\t\t<\/div>\n\t\t\t<\/div>\n\t\t\t\t\t<div class=\"mkdf-ig-image mkdf-item-space\">\n\t\t\t\t<div class=\"mkdf-ig-image-inner\">\n\t\t\t\t\t\t\t\t\t\t\t<img loading=\"lazy\" decoding=\"async\" width=\"1900\" height=\"1900\" src=\"https:\/\/www.aucoeurdelamain.fr\/wp-content\/uploads\/2025\/04\/vitrail-colombe-1-scaled-e1745569648613.jpg\" class=\"attachment-full size-full\" alt=\"\" srcset=\"https:\/\/www.aucoeurdelamain.fr\/wp-content\/uploads\/2025\/04\/vitrail-colombe-1-scaled-e1745569648613.jpg 1900w, https:\/\/www.aucoeurdelamain.fr\/wp-content\/uploads\/2025\/04\/vitrail-colombe-1-scaled-e1745569648613-300x300.jpg 300w, https:\/\/www.aucoeurdelamain.fr\/wp-content\/uploads\/2025\/04\/vitrail-colombe-1-scaled-e1745569648613-1024x1024.jpg 1024w, https:\/\/www.aucoeurdelamain.fr\/wp-content\/uploads\/2025\/04\/vitrail-colombe-1-scaled-e1745569648613-150x150.jpg 150w, https:\/\/www.aucoeurdelamain.fr\/wp-content\/uploads\/2025\/04\/vitrail-colombe-1-scaled-e1745569648613-768x768.jpg 768w, https:\/\/www.aucoeurdelamain.fr\/wp-content\/uploads\/2025\/04\/vitrail-colombe-1-scaled-e1745569648613-1536x1536.jpg 1536w, https:\/\/www.aucoeurdelamain.fr\/wp-content\/uploads\/2025\/04\/vitrail-colombe-1-scaled-e1745569648613-500x500.jpg 500w, https:\/\/www.aucoeurdelamain.fr\/wp-content\/uploads\/2025\/04\/vitrail-colombe-1-scaled-e1745569648613-800x800.jpg 800w, https:\/\/www.aucoeurdelamain.fr\/wp-content\/uploads\/2025\/04\/vitrail-colombe-1-scaled-e1745569648613-1280x1280.jpg 1280w, https:\/\/www.aucoeurdelamain.fr\/wp-content\/uploads\/2025\/04\/vitrail-colombe-1-scaled-e1745569648613-650x650.jpg 650w, https:\/\/www.aucoeurdelamain.fr\/wp-content\/uploads\/2025\/04\/vitrail-colombe-1-scaled-e1745569648613-450x450.jpg 450w, https:\/\/www.aucoeurdelamain.fr\/wp-content\/uploads\/2025\/04\/vitrail-colombe-1-scaled-e1745569648613-1300x1300.jpg 1300w, https:\/\/www.aucoeurdelamain.fr\/wp-content\/uploads\/2025\/04\/vitrail-colombe-1-scaled-e1745569648613-600x600.jpg 600w, https:\/\/www.aucoeurdelamain.fr\/wp-content\/uploads\/2025\/04\/vitrail-colombe-1-scaled-e1745569648613-100x100.jpg 100w\" sizes=\"(max-width: 1900px) 100vw, 1900px\" \/>\t\t\t\t\t\t\t\t\t<\/div>\n\t\t\t<\/div>\n\t\t\t\t\t<div class=\"mkdf-ig-image mkdf-item-space\">\n\t\t\t\t<div class=\"mkdf-ig-image-inner\">\n\t\t\t\t\t\t\t\t\t\t\t<img loading=\"lazy\" decoding=\"async\" width=\"2016\" height=\"1512\" src=\"https:\/\/www.aucoeurdelamain.fr\/wp-content\/uploads\/2025\/04\/IMG_7030-rotated.jpg\" class=\"attachment-full size-full\" alt=\"\" srcset=\"https:\/\/www.aucoeurdelamain.fr\/wp-content\/uploads\/2025\/04\/IMG_7030-rotated.jpg 2016w, https:\/\/www.aucoeurdelamain.fr\/wp-content\/uploads\/2025\/04\/IMG_7030-300x225.jpg 300w, https:\/\/www.aucoeurdelamain.fr\/wp-content\/uploads\/2025\/04\/IMG_7030-1024x768.jpg 1024w, https:\/\/www.aucoeurdelamain.fr\/wp-content\/uploads\/2025\/04\/IMG_7030-768x576.jpg 768w, https:\/\/www.aucoeurdelamain.fr\/wp-content\/uploads\/2025\/04\/IMG_7030-1536x1152.jpg 1536w, https:\/\/www.aucoeurdelamain.fr\/wp-content\/uploads\/2025\/04\/IMG_7030-500x375.jpg 500w, https:\/\/www.aucoeurdelamain.fr\/wp-content\/uploads\/2025\/04\/IMG_7030-800x600.jpg 800w, https:\/\/www.aucoeurdelamain.fr\/wp-content\/uploads\/2025\/04\/IMG_7030-1280x960.jpg 1280w, https:\/\/www.aucoeurdelamain.fr\/wp-content\/uploads\/2025\/04\/IMG_7030-1920x1440.jpg 1920w, https:\/\/www.aucoeurdelamain.fr\/wp-content\/uploads\/2025\/04\/IMG_7030-600x450.jpg 600w\" sizes=\"(max-width: 2016px) 100vw, 2016px\" \/>\t\t\t\t\t\t\t\t\t<\/div>\n\t\t\t<\/div>\n\t\t\t<\/div>\n<\/div>\t\t\t\t<\/div>\n\t\t\t\t<\/div>\n\t\t\t\t\t<\/div>\n\t\t\t\t<\/div>\n\t\t\t\t<\/div>\n\t\t","protected":false},"excerpt":{"rendered":"<p>Bruno de Maistre, un \u00e9b\u00e9niste au service du Sacr\u00e9Caroline Becker\u00a0&#8211;\u00a0publi\u00e9 le 04\/11\/22 \u00c9beniste de talent, Bruno de Maistre a fond\u00e9 il y a dix ans les Ateliers d\u2019Arimathie et consacre, aujourd\u2019hui, une grande partie de son activit\u00e9 \u00e0 la r\u00e9alisation de mobiliers liturgiques. Il confie \u00e0 Aleteia son parcours atypique,<\/p>\n","protected":false},"author":3,"featured_media":7195,"comment_status":"open","ping_status":"open","sticky":false,"template":"","format":"standard","meta":{"_jetpack_memberships_contains_paid_content":false,"footnotes":""},"categories":[107,95],"tags":[],"class_list":["post-8117","post","type-post","status-publish","format-standard","has-post-thumbnail","hentry","category-art-sacre","category-presse"],"jetpack_featured_media_url":"https:\/\/www.aucoeurdelamain.fr\/wp-content\/uploads\/2025\/04\/IMG_6049-scaled.jpg","jetpack_sharing_enabled":true,"_links":{"self":[{"href":"https:\/\/www.aucoeurdelamain.fr\/index.php\/wp-json\/wp\/v2\/posts\/8117","targetHints":{"allow":["GET"]}}],"collection":[{"href":"https:\/\/www.aucoeurdelamain.fr\/index.php\/wp-json\/wp\/v2\/posts"}],"about":[{"href":"https:\/\/www.aucoeurdelamain.fr\/index.php\/wp-json\/wp\/v2\/types\/post"}],"author":[{"embeddable":true,"href":"https:\/\/www.aucoeurdelamain.fr\/index.php\/wp-json\/wp\/v2\/users\/3"}],"replies":[{"embeddable":true,"href":"https:\/\/www.aucoeurdelamain.fr\/index.php\/wp-json\/wp\/v2\/comments?post=8117"}],"version-history":[{"count":13,"href":"https:\/\/www.aucoeurdelamain.fr\/index.php\/wp-json\/wp\/v2\/posts\/8117\/revisions"}],"predecessor-version":[{"id":8200,"href":"https:\/\/www.aucoeurdelamain.fr\/index.php\/wp-json\/wp\/v2\/posts\/8117\/revisions\/8200"}],"wp:featuredmedia":[{"embeddable":true,"href":"https:\/\/www.aucoeurdelamain.fr\/index.php\/wp-json\/wp\/v2\/media\/7195"}],"wp:attachment":[{"href":"https:\/\/www.aucoeurdelamain.fr\/index.php\/wp-json\/wp\/v2\/media?parent=8117"}],"wp:term":[{"taxonomy":"category","embeddable":true,"href":"https:\/\/www.aucoeurdelamain.fr\/index.php\/wp-json\/wp\/v2\/categories?post=8117"},{"taxonomy":"post_tag","embeddable":true,"href":"https:\/\/www.aucoeurdelamain.fr\/index.php\/wp-json\/wp\/v2\/tags?post=8117"}],"curies":[{"name":"wp","href":"https:\/\/api.w.org\/{rel}","templated":true}]}}