{"id":8095,"date":"2022-04-01T16:42:33","date_gmt":"2022-04-01T14:42:33","guid":{"rendered":"https:\/\/www.aucoeurdelamain.fr\/?p=8095"},"modified":"2025-05-26T15:13:34","modified_gmt":"2025-05-26T13:13:34","slug":"bruno-de-maistre-grand-prix-pelerin-patrimoine-et-createur-design-au-mobilier-national-chantiers-du-cardinal-mars-2022","status":"publish","type":"post","link":"https:\/\/www.aucoeurdelamain.fr\/index.php\/2022\/04\/01\/bruno-de-maistre-grand-prix-pelerin-patrimoine-et-createur-design-au-mobilier-national-chantiers-du-cardinal-mars-2022\/","title":{"rendered":"&#8220;Bruno de Maistre, Grand Prix P\u00e8lerin Patrimoine et Cr\u00e9ateur Design au Mobilier National &#8221; Chantiers du Cardinal, Mars 2022"},"content":{"rendered":"\t\t<div data-elementor-type=\"wp-post\" data-elementor-id=\"8095\" class=\"elementor elementor-8095\">\n\t\t\t\t<div class=\"elementor-element elementor-element-b4674fd e-flex e-con-boxed wpr-particle-no wpr-jarallax-no wpr-parallax-no wpr-sticky-section-no wpr-equal-height-no e-con e-parent\" data-id=\"b4674fd\" data-element_type=\"container\" data-e-type=\"container\">\n\t\t\t\t\t<div class=\"e-con-inner\">\n\t\t\t\t<div class=\"elementor-element elementor-element-f7789c4 elementor-widget elementor-widget-text-editor\" data-id=\"f7789c4\" data-element_type=\"widget\" data-e-type=\"widget\" data-widget_type=\"text-editor.default\">\n\t\t\t\t<div class=\"elementor-widget-container\">\n\t\t\t\t\t\t\t\t\t<p>Merci aux Chantiers du Cardinal pour ce portrait retra\u00e7ant quelques cr\u00e9ations r\u00e9alis\u00e9es pour les Ateliers BdM (pi\u00e8ces uniques, mobilier d\u2019exception) mais aussi celles des Ateliers BdM-d\u2019Arimathie (vitraux, mobiliers liturgiques).<br \/>Tr\u00e8s touch\u00e9 par vos mots. C\u2019est le bois qui dessine son \u0153uvre, nos mains sont simplement l\u00e0 pour le servir et le r\u00e9v\u00e9ler.<br \/><em style=\"color: #202a34; font-family: Oswald, 'sans-serif'; font-size: 16px;\"><br \/>&#8220;BRUNO DE MAISTRE CR\u00c9E UN BUREAU POUR LE MOBILIER NATIONAL<br \/><\/em><em style=\"color: #202a34; font-family: Oswald, 'sans-serif'; font-size: 16px;\">Il trouvera peut-\u00eatre sa place dans le bureau d\u2019un conseiller d\u2019ambassade ou de fonctionnaire de la R\u00e9publique. Le bureau Lyrique, r\u00e9alis\u00e9 par l\u2019artisan d\u2019art\u00a0<a href=\"https:\/\/www.chantiersducardinal.fr\/actualites-des-projets\/bruno-de-maistre-au-service-de-lart-et-de-leglise.html\" target=\"_blank\" rel=\"noopener noreferrer\">Bruno de Maistre<\/a>, entre au Mobilier National. Une cr\u00e9ation que le grand public peut actuellement admirer \u00e0 la Galerie Guillaume, \u00e0 Paris.&#8221;<\/em><\/p><p><a href=\"https:\/\/www.chantiersducardinal.fr\/evenements-partenariat\/culture\/bruno-de-maistre-mobilier-national.html\" target=\"_blank\" rel=\"noopener noreferrer\" data-saferedirecturl=\"https:\/\/www.google.com\/url?q=https:\/\/www.chantiersducardinal.fr\/evenements-partenariat\/culture\/bruno-de-maistre-mobilier-national.html&amp;source=gmail&amp;ust=1648898092946000&amp;usg=AOvVaw1xtUXtpFKa33ZU89H0YrPq\">https:\/\/www.chantiersducardina<wbr \/>l.fr\/evenements-partenariat\/cu<wbr \/>lture\/bruno-de-maistre-mobilie<wbr \/>r-national.html<\/a><\/p><p>Article \u00e0 d\u00e9couvrir dans la derni\u00e8re newsletter des Chantiers du Cardinal \u00e0 l\u2019occasion de l\u2019entr\u00e9e du bureau lyrique dans la r\u00e9serve Perret au Mobilier national. Vous pouvez \u00e9galement aller voir le premier r\u00e9alis\u00e9 en charme et tissus Pierre Frey, les lampes Envol et des modules Papillon et Hexagones \u00e0 la Galerie Guillaume en ce moment. L\u2019occasion d\u2019une belle sortie rue de Penthievre \u00a0o\u00f9 vous serez merveilleusement bien accueillis par Guillaume Sebastien\u00a0\u00a0et d\u00e9couvrirez les expositions du moment !<\/p><p>Quelques images ci-dessous de cr\u00e9ations r\u00e9alis\u00e9es ces derniers mois. Merci encore \u00e0 tous pour vos mots, votre soutien pr\u00e9cieux\u00a0et de nous confier vos projets uniques ou chantiers au service des paroisses, des \u00e9coles qui vous sont ch\u00e8res. Bonne lecture !<\/p><p>\u2014\u2014-<\/p><p>www.BdM.paris &#8211; Creation de pi\u00e8ces d\u2019exception &amp; immersions \u00ab Au c\u0153ur de la Main \u00bb pour d\u00e9couvrir l\u2019\u00e9b\u00e9nisterie d\u2019art en \u00e9quipe ou en tant que particuliers<br \/><a href=\"http:\/\/www.darimathie.fr\/\" target=\"_blank\" rel=\"noopener noreferrer\" data-saferedirecturl=\"https:\/\/www.google.com\/url?q=http:\/\/www.darimathie.fr&amp;source=gmail&amp;ust=1648898092946000&amp;usg=AOvVaw2g0FeDboKVOcFzuJjouF9o\">www.darimathie.fr<\/a>\u00a0&#8211; Creation de mobiliers liturgiques &amp; de vitraux, des artisans au service du Sacr\u00e9<br \/><a href=\"http:\/\/www.daphneboutique.fr\/\" target=\"_blank\" rel=\"noopener noreferrer\" data-saferedirecturl=\"https:\/\/www.google.com\/url?q=http:\/\/www.daphneboutique.fr&amp;source=gmail&amp;ust=1648898092946000&amp;usg=AOvVaw2gDfIz9GxPmTt9aufT5CF4\">www.daphneboutique.fr<\/a>\u00a0&#8211; La boutique aux mille essences, Daphn\u00e9 by BdM<\/p>\t\t\t\t\t\t\t\t<\/div>\n\t\t\t\t<\/div>\n\t\t\t\t\t<\/div>\n\t\t\t\t<\/div>\n\t\t<div class=\"elementor-element elementor-element-871aee2 e-flex e-con-boxed wpr-particle-no wpr-jarallax-no wpr-parallax-no wpr-sticky-section-no wpr-equal-height-no e-con e-parent\" data-id=\"871aee2\" data-element_type=\"container\" data-e-type=\"container\">\n\t\t\t\t\t<div class=\"e-con-inner\">\n\t\t\t\t<div class=\"elementor-element elementor-element-6856ad0 elementor-widget elementor-widget-mkdf_image_gallery\" data-id=\"6856ad0\" data-element_type=\"widget\" data-e-type=\"widget\" data-widget_type=\"mkdf_image_gallery.default\">\n\t\t\t\t<div class=\"elementor-widget-container\">\n\t\t\t\t\t<div class=\"mkdf-image-gallery mkdf-grid-list mkdf-disable-bottom-space  mkdf-ig-grid-type mkdf-three-columns mkdf-normal-space  \">\n\t<div class=\"mkdf-ig-inner mkdf-outer-space\">\n\t\t\t\t\t<div class=\"mkdf-ig-image mkdf-item-space\">\n\t\t\t\t<div class=\"mkdf-ig-image-inner\">\n\t\t\t\t\t\t\t\t\t\t\t<img fetchpriority=\"high\" decoding=\"async\" width=\"1628\" height=\"1221\" src=\"https:\/\/www.aucoeurdelamain.fr\/wp-content\/uploads\/2021\/09\/IMG_0242.jpg\" class=\"attachment-full size-full\" alt=\"\" srcset=\"https:\/\/www.aucoeurdelamain.fr\/wp-content\/uploads\/2021\/09\/IMG_0242.jpg 1628w, https:\/\/www.aucoeurdelamain.fr\/wp-content\/uploads\/2021\/09\/IMG_0242-300x225.jpg 300w, https:\/\/www.aucoeurdelamain.fr\/wp-content\/uploads\/2021\/09\/IMG_0242-1024x768.jpg 1024w, https:\/\/www.aucoeurdelamain.fr\/wp-content\/uploads\/2021\/09\/IMG_0242-768x576.jpg 768w, https:\/\/www.aucoeurdelamain.fr\/wp-content\/uploads\/2021\/09\/IMG_0242-1536x1152.jpg 1536w, https:\/\/www.aucoeurdelamain.fr\/wp-content\/uploads\/2021\/09\/IMG_0242-500x375.jpg 500w, https:\/\/www.aucoeurdelamain.fr\/wp-content\/uploads\/2021\/09\/IMG_0242-800x600.jpg 800w, https:\/\/www.aucoeurdelamain.fr\/wp-content\/uploads\/2021\/09\/IMG_0242-1280x960.jpg 1280w, https:\/\/www.aucoeurdelamain.fr\/wp-content\/uploads\/2021\/09\/IMG_0242-600x450.jpg 600w\" sizes=\"(max-width: 1628px) 100vw, 1628px\" \/>\t\t\t\t\t\t\t\t\t<\/div>\n\t\t\t<\/div>\n\t\t\t\t\t<div class=\"mkdf-ig-image mkdf-item-space\">\n\t\t\t\t<div class=\"mkdf-ig-image-inner\">\n\t\t\t\t\t\t\t\t\t\t\t<img decoding=\"async\" width=\"960\" height=\"720\" src=\"https:\/\/www.aucoeurdelamain.fr\/wp-content\/uploads\/2021\/02\/IMG_2346.jpg\" class=\"attachment-full size-full\" alt=\"\" srcset=\"https:\/\/www.aucoeurdelamain.fr\/wp-content\/uploads\/2021\/02\/IMG_2346.jpg 960w, https:\/\/www.aucoeurdelamain.fr\/wp-content\/uploads\/2021\/02\/IMG_2346-300x225.jpg 300w, https:\/\/www.aucoeurdelamain.fr\/wp-content\/uploads\/2021\/02\/IMG_2346-768x576.jpg 768w, https:\/\/www.aucoeurdelamain.fr\/wp-content\/uploads\/2021\/02\/IMG_2346-500x375.jpg 500w, https:\/\/www.aucoeurdelamain.fr\/wp-content\/uploads\/2021\/02\/IMG_2346-800x600.jpg 800w, https:\/\/www.aucoeurdelamain.fr\/wp-content\/uploads\/2021\/02\/IMG_2346-600x450.jpg 600w\" sizes=\"(max-width: 960px) 100vw, 960px\" \/>\t\t\t\t\t\t\t\t\t<\/div>\n\t\t\t<\/div>\n\t\t\t\t\t<div class=\"mkdf-ig-image mkdf-item-space\">\n\t\t\t\t<div class=\"mkdf-ig-image-inner\">\n\t\t\t\t\t\t\t\t\t\t\t<img decoding=\"async\" width=\"2560\" height=\"1920\" src=\"https:\/\/www.aucoeurdelamain.fr\/wp-content\/uploads\/2021\/02\/IMG_1673-scaled-1.jpg\" class=\"attachment-full size-full\" alt=\"\" srcset=\"https:\/\/www.aucoeurdelamain.fr\/wp-content\/uploads\/2021\/02\/IMG_1673-scaled-1.jpg 2560w, https:\/\/www.aucoeurdelamain.fr\/wp-content\/uploads\/2021\/02\/IMG_1673-scaled-1-300x225.jpg 300w, https:\/\/www.aucoeurdelamain.fr\/wp-content\/uploads\/2021\/02\/IMG_1673-scaled-1-1024x768.jpg 1024w, https:\/\/www.aucoeurdelamain.fr\/wp-content\/uploads\/2021\/02\/IMG_1673-scaled-1-768x576.jpg 768w, https:\/\/www.aucoeurdelamain.fr\/wp-content\/uploads\/2021\/02\/IMG_1673-scaled-1-1536x1152.jpg 1536w, https:\/\/www.aucoeurdelamain.fr\/wp-content\/uploads\/2021\/02\/IMG_1673-scaled-1-500x375.jpg 500w, https:\/\/www.aucoeurdelamain.fr\/wp-content\/uploads\/2021\/02\/IMG_1673-scaled-1-800x600.jpg 800w, https:\/\/www.aucoeurdelamain.fr\/wp-content\/uploads\/2021\/02\/IMG_1673-scaled-1-1280x960.jpg 1280w, https:\/\/www.aucoeurdelamain.fr\/wp-content\/uploads\/2021\/02\/IMG_1673-scaled-1-1920x1440.jpg 1920w, https:\/\/www.aucoeurdelamain.fr\/wp-content\/uploads\/2021\/02\/IMG_1673-scaled-1-600x450.jpg 600w\" sizes=\"(max-width: 2560px) 100vw, 2560px\" \/>\t\t\t\t\t\t\t\t\t<\/div>\n\t\t\t<\/div>\n\t\t\t\t\t<div class=\"mkdf-ig-image mkdf-item-space\">\n\t\t\t\t<div class=\"mkdf-ig-image-inner\">\n\t\t\t\t\t\t\t\t\t\t\t<img loading=\"lazy\" decoding=\"async\" width=\"1920\" height=\"2560\" src=\"https:\/\/www.aucoeurdelamain.fr\/wp-content\/uploads\/2021\/04\/IMG_3409-scaled-1.jpg\" class=\"attachment-full size-full\" alt=\"\" srcset=\"https:\/\/www.aucoeurdelamain.fr\/wp-content\/uploads\/2021\/04\/IMG_3409-scaled-1.jpg 1920w, https:\/\/www.aucoeurdelamain.fr\/wp-content\/uploads\/2021\/04\/IMG_3409-scaled-1-225x300.jpg 225w, https:\/\/www.aucoeurdelamain.fr\/wp-content\/uploads\/2021\/04\/IMG_3409-scaled-1-768x1024.jpg 768w, https:\/\/www.aucoeurdelamain.fr\/wp-content\/uploads\/2021\/04\/IMG_3409-scaled-1-1152x1536.jpg 1152w, https:\/\/www.aucoeurdelamain.fr\/wp-content\/uploads\/2021\/04\/IMG_3409-scaled-1-1536x2048.jpg 1536w, https:\/\/www.aucoeurdelamain.fr\/wp-content\/uploads\/2021\/04\/IMG_3409-scaled-1-500x667.jpg 500w, https:\/\/www.aucoeurdelamain.fr\/wp-content\/uploads\/2021\/04\/IMG_3409-scaled-1-800x1067.jpg 800w, https:\/\/www.aucoeurdelamain.fr\/wp-content\/uploads\/2021\/04\/IMG_3409-scaled-1-1280x1707.jpg 1280w, https:\/\/www.aucoeurdelamain.fr\/wp-content\/uploads\/2021\/04\/IMG_3409-scaled-1-600x800.jpg 600w\" sizes=\"(max-width: 1920px) 100vw, 1920px\" \/>\t\t\t\t\t\t\t\t\t<\/div>\n\t\t\t<\/div>\n\t\t\t\t\t<div class=\"mkdf-ig-image mkdf-item-space\">\n\t\t\t\t<div class=\"mkdf-ig-image-inner\">\n\t\t\t\t\t\t\t\t\t\t\t<img loading=\"lazy\" decoding=\"async\" width=\"1921\" height=\"2560\" src=\"https:\/\/www.aucoeurdelamain.fr\/wp-content\/uploads\/2022\/04\/1-Bruno-de-Maistre-scaled-1.jpg\" class=\"attachment-full size-full\" alt=\"\" srcset=\"https:\/\/www.aucoeurdelamain.fr\/wp-content\/uploads\/2022\/04\/1-Bruno-de-Maistre-scaled-1.jpg 1921w, https:\/\/www.aucoeurdelamain.fr\/wp-content\/uploads\/2022\/04\/1-Bruno-de-Maistre-scaled-1-225x300.jpg 225w, https:\/\/www.aucoeurdelamain.fr\/wp-content\/uploads\/2022\/04\/1-Bruno-de-Maistre-scaled-1-768x1023.jpg 768w, https:\/\/www.aucoeurdelamain.fr\/wp-content\/uploads\/2022\/04\/1-Bruno-de-Maistre-scaled-1-1153x1536.jpg 1153w, https:\/\/www.aucoeurdelamain.fr\/wp-content\/uploads\/2022\/04\/1-Bruno-de-Maistre-scaled-1-1537x2048.jpg 1537w, https:\/\/www.aucoeurdelamain.fr\/wp-content\/uploads\/2022\/04\/1-Bruno-de-Maistre-scaled-1-500x666.jpg 500w, https:\/\/www.aucoeurdelamain.fr\/wp-content\/uploads\/2022\/04\/1-Bruno-de-Maistre-scaled-1-800x1066.jpg 800w, https:\/\/www.aucoeurdelamain.fr\/wp-content\/uploads\/2022\/04\/1-Bruno-de-Maistre-scaled-1-1280x1706.jpg 1280w, https:\/\/www.aucoeurdelamain.fr\/wp-content\/uploads\/2022\/04\/1-Bruno-de-Maistre-scaled-1-600x800.jpg 600w\" sizes=\"(max-width: 1921px) 100vw, 1921px\" \/>\t\t\t\t\t\t\t\t\t<\/div>\n\t\t\t<\/div>\n\t\t\t\t\t<div class=\"mkdf-ig-image mkdf-item-space\">\n\t\t\t\t<div class=\"mkdf-ig-image-inner\">\n\t\t\t\t\t\t\t\t\t\t\t<img loading=\"lazy\" decoding=\"async\" width=\"1920\" height=\"2560\" src=\"https:\/\/www.aucoeurdelamain.fr\/wp-content\/uploads\/2021\/09\/IMG_0608-scaled-1.jpg\" class=\"attachment-full size-full\" alt=\"\" srcset=\"https:\/\/www.aucoeurdelamain.fr\/wp-content\/uploads\/2021\/09\/IMG_0608-scaled-1.jpg 1920w, https:\/\/www.aucoeurdelamain.fr\/wp-content\/uploads\/2021\/09\/IMG_0608-scaled-1-225x300.jpg 225w, https:\/\/www.aucoeurdelamain.fr\/wp-content\/uploads\/2021\/09\/IMG_0608-scaled-1-768x1024.jpg 768w, https:\/\/www.aucoeurdelamain.fr\/wp-content\/uploads\/2021\/09\/IMG_0608-scaled-1-1152x1536.jpg 1152w, https:\/\/www.aucoeurdelamain.fr\/wp-content\/uploads\/2021\/09\/IMG_0608-scaled-1-1536x2048.jpg 1536w, https:\/\/www.aucoeurdelamain.fr\/wp-content\/uploads\/2021\/09\/IMG_0608-scaled-1-500x667.jpg 500w, https:\/\/www.aucoeurdelamain.fr\/wp-content\/uploads\/2021\/09\/IMG_0608-scaled-1-800x1067.jpg 800w, https:\/\/www.aucoeurdelamain.fr\/wp-content\/uploads\/2021\/09\/IMG_0608-scaled-1-1280x1707.jpg 1280w, https:\/\/www.aucoeurdelamain.fr\/wp-content\/uploads\/2021\/09\/IMG_0608-scaled-1-600x800.jpg 600w\" sizes=\"(max-width: 1920px) 100vw, 1920px\" \/>\t\t\t\t\t\t\t\t\t<\/div>\n\t\t\t<\/div>\n\t\t\t\t\t<div class=\"mkdf-ig-image mkdf-item-space\">\n\t\t\t\t<div class=\"mkdf-ig-image-inner\">\n\t\t\t\t\t\t\t\t\t\t\t<img loading=\"lazy\" decoding=\"async\" width=\"2016\" height=\"1512\" src=\"https:\/\/www.aucoeurdelamain.fr\/wp-content\/uploads\/2021\/01\/IMG_4036-1.jpg\" class=\"attachment-full size-full\" alt=\"\" srcset=\"https:\/\/www.aucoeurdelamain.fr\/wp-content\/uploads\/2021\/01\/IMG_4036-1.jpg 2016w, https:\/\/www.aucoeurdelamain.fr\/wp-content\/uploads\/2021\/01\/IMG_4036-1-300x225.jpg 300w, https:\/\/www.aucoeurdelamain.fr\/wp-content\/uploads\/2021\/01\/IMG_4036-1-1024x768.jpg 1024w, https:\/\/www.aucoeurdelamain.fr\/wp-content\/uploads\/2021\/01\/IMG_4036-1-768x576.jpg 768w, https:\/\/www.aucoeurdelamain.fr\/wp-content\/uploads\/2021\/01\/IMG_4036-1-1536x1152.jpg 1536w, https:\/\/www.aucoeurdelamain.fr\/wp-content\/uploads\/2021\/01\/IMG_4036-1-500x375.jpg 500w, https:\/\/www.aucoeurdelamain.fr\/wp-content\/uploads\/2021\/01\/IMG_4036-1-800x600.jpg 800w, https:\/\/www.aucoeurdelamain.fr\/wp-content\/uploads\/2021\/01\/IMG_4036-1-1280x960.jpg 1280w, https:\/\/www.aucoeurdelamain.fr\/wp-content\/uploads\/2021\/01\/IMG_4036-1-1920x1440.jpg 1920w, https:\/\/www.aucoeurdelamain.fr\/wp-content\/uploads\/2021\/01\/IMG_4036-1-600x450.jpg 600w\" sizes=\"(max-width: 2016px) 100vw, 2016px\" \/>\t\t\t\t\t\t\t\t\t<\/div>\n\t\t\t<\/div>\n\t\t\t\t\t<div class=\"mkdf-ig-image mkdf-item-space\">\n\t\t\t\t<div class=\"mkdf-ig-image-inner\">\n\t\t\t\t\t\t\t\t\t\t\t<img loading=\"lazy\" decoding=\"async\" width=\"2560\" height=\"1908\" src=\"https:\/\/www.aucoeurdelamain.fr\/wp-content\/uploads\/2025\/04\/Copie-de-Voeux2022-2-scaled-e1744290788912.jpg\" class=\"attachment-full size-full\" alt=\"\" srcset=\"https:\/\/www.aucoeurdelamain.fr\/wp-content\/uploads\/2025\/04\/Copie-de-Voeux2022-2-scaled-e1744290788912.jpg 2560w, https:\/\/www.aucoeurdelamain.fr\/wp-content\/uploads\/2025\/04\/Copie-de-Voeux2022-2-scaled-e1744290788912-300x224.jpg 300w, https:\/\/www.aucoeurdelamain.fr\/wp-content\/uploads\/2025\/04\/Copie-de-Voeux2022-2-scaled-e1744290788912-1024x763.jpg 1024w, https:\/\/www.aucoeurdelamain.fr\/wp-content\/uploads\/2025\/04\/Copie-de-Voeux2022-2-scaled-e1744290788912-768x572.jpg 768w, https:\/\/www.aucoeurdelamain.fr\/wp-content\/uploads\/2025\/04\/Copie-de-Voeux2022-2-scaled-e1744290788912-1536x1145.jpg 1536w, https:\/\/www.aucoeurdelamain.fr\/wp-content\/uploads\/2025\/04\/Copie-de-Voeux2022-2-scaled-e1744290788912-600x447.jpg 600w\" sizes=\"(max-width: 2560px) 100vw, 2560px\" \/>\t\t\t\t\t\t\t\t\t<\/div>\n\t\t\t<\/div>\n\t\t\t\t\t<div class=\"mkdf-ig-image mkdf-item-space\">\n\t\t\t\t<div class=\"mkdf-ig-image-inner\">\n\t\t\t\t\t\t\t\t\t\t\t<img loading=\"lazy\" decoding=\"async\" width=\"1125\" height=\"983\" src=\"https:\/\/www.aucoeurdelamain.fr\/wp-content\/uploads\/2018\/02\/atelier-d-ariathie.png\" class=\"attachment-full size-full\" alt=\"\" srcset=\"https:\/\/www.aucoeurdelamain.fr\/wp-content\/uploads\/2018\/02\/atelier-d-ariathie.png 1125w, https:\/\/www.aucoeurdelamain.fr\/wp-content\/uploads\/2018\/02\/atelier-d-ariathie-300x262.png 300w, https:\/\/www.aucoeurdelamain.fr\/wp-content\/uploads\/2018\/02\/atelier-d-ariathie-1024x895.png 1024w, https:\/\/www.aucoeurdelamain.fr\/wp-content\/uploads\/2018\/02\/atelier-d-ariathie-768x671.png 768w, https:\/\/www.aucoeurdelamain.fr\/wp-content\/uploads\/2018\/02\/atelier-d-ariathie-500x437.png 500w, https:\/\/www.aucoeurdelamain.fr\/wp-content\/uploads\/2018\/02\/atelier-d-ariathie-800x699.png 800w, https:\/\/www.aucoeurdelamain.fr\/wp-content\/uploads\/2018\/02\/atelier-d-ariathie-600x524.png 600w\" sizes=\"(max-width: 1125px) 100vw, 1125px\" \/>\t\t\t\t\t\t\t\t\t<\/div>\n\t\t\t<\/div>\n\t\t\t\t\t<div class=\"mkdf-ig-image mkdf-item-space\">\n\t\t\t\t<div class=\"mkdf-ig-image-inner\">\n\t\t\t\t\t\t\t\t\t\t\t<img loading=\"lazy\" decoding=\"async\" width=\"2048\" height=\"1362\" src=\"https:\/\/www.aucoeurdelamain.fr\/wp-content\/uploads\/2021\/04\/14976744_10154055450014033_8212774119178806940_o.jpg\" class=\"attachment-full size-full\" alt=\"\" srcset=\"https:\/\/www.aucoeurdelamain.fr\/wp-content\/uploads\/2021\/04\/14976744_10154055450014033_8212774119178806940_o.jpg 2048w, https:\/\/www.aucoeurdelamain.fr\/wp-content\/uploads\/2021\/04\/14976744_10154055450014033_8212774119178806940_o-300x200.jpg 300w, https:\/\/www.aucoeurdelamain.fr\/wp-content\/uploads\/2021\/04\/14976744_10154055450014033_8212774119178806940_o-1024x681.jpg 1024w, https:\/\/www.aucoeurdelamain.fr\/wp-content\/uploads\/2021\/04\/14976744_10154055450014033_8212774119178806940_o-768x511.jpg 768w, https:\/\/www.aucoeurdelamain.fr\/wp-content\/uploads\/2021\/04\/14976744_10154055450014033_8212774119178806940_o-1536x1022.jpg 1536w, https:\/\/www.aucoeurdelamain.fr\/wp-content\/uploads\/2021\/04\/14976744_10154055450014033_8212774119178806940_o-500x333.jpg 500w, https:\/\/www.aucoeurdelamain.fr\/wp-content\/uploads\/2021\/04\/14976744_10154055450014033_8212774119178806940_o-800x532.jpg 800w, https:\/\/www.aucoeurdelamain.fr\/wp-content\/uploads\/2021\/04\/14976744_10154055450014033_8212774119178806940_o-1280x851.jpg 1280w, https:\/\/www.aucoeurdelamain.fr\/wp-content\/uploads\/2021\/04\/14976744_10154055450014033_8212774119178806940_o-1920x1277.jpg 1920w, https:\/\/www.aucoeurdelamain.fr\/wp-content\/uploads\/2021\/04\/14976744_10154055450014033_8212774119178806940_o-600x399.jpg 600w\" sizes=\"(max-width: 2048px) 100vw, 2048px\" \/>\t\t\t\t\t\t\t\t\t<\/div>\n\t\t\t<\/div>\n\t\t\t\t\t<div class=\"mkdf-ig-image mkdf-item-space\">\n\t\t\t\t<div class=\"mkdf-ig-image-inner\">\n\t\t\t\t\t\t\t\t\t\t\t<img loading=\"lazy\" decoding=\"async\" width=\"2048\" height=\"1050\" src=\"https:\/\/www.aucoeurdelamain.fr\/wp-content\/uploads\/2021\/04\/14917307_10154055450979033_4046458507054393974_o.jpg\" class=\"attachment-full size-full\" alt=\"\" srcset=\"https:\/\/www.aucoeurdelamain.fr\/wp-content\/uploads\/2021\/04\/14917307_10154055450979033_4046458507054393974_o.jpg 2048w, https:\/\/www.aucoeurdelamain.fr\/wp-content\/uploads\/2021\/04\/14917307_10154055450979033_4046458507054393974_o-300x154.jpg 300w, https:\/\/www.aucoeurdelamain.fr\/wp-content\/uploads\/2021\/04\/14917307_10154055450979033_4046458507054393974_o-1024x525.jpg 1024w, https:\/\/www.aucoeurdelamain.fr\/wp-content\/uploads\/2021\/04\/14917307_10154055450979033_4046458507054393974_o-768x394.jpg 768w, https:\/\/www.aucoeurdelamain.fr\/wp-content\/uploads\/2021\/04\/14917307_10154055450979033_4046458507054393974_o-1536x788.jpg 1536w, https:\/\/www.aucoeurdelamain.fr\/wp-content\/uploads\/2021\/04\/14917307_10154055450979033_4046458507054393974_o-500x256.jpg 500w, https:\/\/www.aucoeurdelamain.fr\/wp-content\/uploads\/2021\/04\/14917307_10154055450979033_4046458507054393974_o-800x410.jpg 800w, https:\/\/www.aucoeurdelamain.fr\/wp-content\/uploads\/2021\/04\/14917307_10154055450979033_4046458507054393974_o-1280x656.jpg 1280w, https:\/\/www.aucoeurdelamain.fr\/wp-content\/uploads\/2021\/04\/14917307_10154055450979033_4046458507054393974_o-1920x984.jpg 1920w, https:\/\/www.aucoeurdelamain.fr\/wp-content\/uploads\/2021\/04\/14917307_10154055450979033_4046458507054393974_o-600x308.jpg 600w\" sizes=\"(max-width: 2048px) 100vw, 2048px\" \/>\t\t\t\t\t\t\t\t\t<\/div>\n\t\t\t<\/div>\n\t\t\t<\/div>\n<\/div>\t\t\t\t<\/div>\n\t\t\t\t<\/div>\n\t\t\t\t\t<\/div>\n\t\t\t\t<\/div>\n\t\t<div class=\"elementor-element elementor-element-5ed3395 e-flex e-con-boxed wpr-particle-no wpr-jarallax-no wpr-parallax-no wpr-sticky-section-no wpr-equal-height-no e-con e-parent\" data-id=\"5ed3395\" data-element_type=\"container\" data-e-type=\"container\">\n\t\t\t\t\t<div class=\"e-con-inner\">\n\t\t\t\t<div class=\"elementor-element elementor-element-19c9b0c elementor-widget elementor-widget-video\" data-id=\"19c9b0c\" data-element_type=\"widget\" data-e-type=\"widget\" data-settings=\"{&quot;youtube_url&quot;:&quot;https:\\\/\\\/www.youtube.com\\\/watch?v=_ncRP8rHhs8&quot;,&quot;video_type&quot;:&quot;youtube&quot;,&quot;controls&quot;:&quot;yes&quot;}\" data-widget_type=\"video.default\">\n\t\t\t\t<div class=\"elementor-widget-container\">\n\t\t\t\t\t\t\t<div class=\"elementor-wrapper elementor-open-inline\">\n\t\t\t<div class=\"elementor-video\"><\/div>\t\t<\/div>\n\t\t\t\t\t\t<\/div>\n\t\t\t\t<\/div>\n\t\t\t\t\t<\/div>\n\t\t\t\t<\/div>\n\t\t\t\t<\/div>\n\t\t","protected":false},"excerpt":{"rendered":"<p>Merci aux Chantiers du Cardinal pour ce portrait retra\u00e7ant quelques cr\u00e9ations r\u00e9alis\u00e9es pour les Ateliers BdM (pi\u00e8ces uniques, mobilier d\u2019exception) mais aussi celles des Ateliers BdM-d\u2019Arimathie (vitraux, mobiliers liturgiques).Tr\u00e8s touch\u00e9 par vos mots. C\u2019est le bois qui dessine son \u0153uvre, nos mains sont simplement l\u00e0 pour le servir et le<\/p>\n","protected":false},"author":3,"featured_media":6702,"comment_status":"open","ping_status":"open","sticky":false,"template":"","format":"standard","meta":{"_jetpack_memberships_contains_paid_content":false,"footnotes":""},"categories":[107,95],"tags":[],"class_list":["post-8095","post","type-post","status-publish","format-standard","has-post-thumbnail","hentry","category-art-sacre","category-presse"],"jetpack_featured_media_url":"https:\/\/www.aucoeurdelamain.fr\/wp-content\/uploads\/2025\/04\/Copie-de-RemisePrixCC031116-8-1-1-scaled.jpg","jetpack_sharing_enabled":true,"_links":{"self":[{"href":"https:\/\/www.aucoeurdelamain.fr\/index.php\/wp-json\/wp\/v2\/posts\/8095","targetHints":{"allow":["GET"]}}],"collection":[{"href":"https:\/\/www.aucoeurdelamain.fr\/index.php\/wp-json\/wp\/v2\/posts"}],"about":[{"href":"https:\/\/www.aucoeurdelamain.fr\/index.php\/wp-json\/wp\/v2\/types\/post"}],"author":[{"embeddable":true,"href":"https:\/\/www.aucoeurdelamain.fr\/index.php\/wp-json\/wp\/v2\/users\/3"}],"replies":[{"embeddable":true,"href":"https:\/\/www.aucoeurdelamain.fr\/index.php\/wp-json\/wp\/v2\/comments?post=8095"}],"version-history":[{"count":13,"href":"https:\/\/www.aucoeurdelamain.fr\/index.php\/wp-json\/wp\/v2\/posts\/8095\/revisions"}],"predecessor-version":[{"id":8209,"href":"https:\/\/www.aucoeurdelamain.fr\/index.php\/wp-json\/wp\/v2\/posts\/8095\/revisions\/8209"}],"wp:featuredmedia":[{"embeddable":true,"href":"https:\/\/www.aucoeurdelamain.fr\/index.php\/wp-json\/wp\/v2\/media\/6702"}],"wp:attachment":[{"href":"https:\/\/www.aucoeurdelamain.fr\/index.php\/wp-json\/wp\/v2\/media?parent=8095"}],"wp:term":[{"taxonomy":"category","embeddable":true,"href":"https:\/\/www.aucoeurdelamain.fr\/index.php\/wp-json\/wp\/v2\/categories?post=8095"},{"taxonomy":"post_tag","embeddable":true,"href":"https:\/\/www.aucoeurdelamain.fr\/index.php\/wp-json\/wp\/v2\/tags?post=8095"}],"curies":[{"name":"wp","href":"https:\/\/api.w.org\/{rel}","templated":true}]}}