{"id":4743,"date":"2024-11-13T22:35:03","date_gmt":"2024-11-13T21:35:03","guid":{"rendered":"https:\/\/www.bdm.paris\/?p=4743"},"modified":"2025-05-26T15:09:29","modified_gmt":"2025-05-26T13:09:29","slug":"allier-tradition-et-modernite-france-et-forets-nov-dec-2024","status":"publish","type":"post","link":"https:\/\/www.aucoeurdelamain.fr\/index.php\/2024\/11\/13\/allier-tradition-et-modernite-france-et-forets-nov-dec-2024\/","title":{"rendered":"&#8220;Allier tradition et modernit\u00e9&#8221; France et For\u00eats (Nov-d\u00e9c 2024)"},"content":{"rendered":"\t\t<div data-elementor-type=\"wp-post\" data-elementor-id=\"4743\" class=\"elementor elementor-4743\">\n\t\t\t\t<div class=\"elementor-element elementor-element-112f723a e-flex e-con-boxed wpr-particle-no wpr-jarallax-no wpr-parallax-no wpr-sticky-section-no wpr-equal-height-no e-con e-parent\" data-id=\"112f723a\" data-element_type=\"container\" data-e-type=\"container\">\n\t\t\t\t\t<div class=\"e-con-inner\">\n\t\t\t\t<div class=\"elementor-element elementor-element-5f1cbc7b elementor-widget elementor-widget-text-editor\" data-id=\"5f1cbc7b\" data-element_type=\"widget\" data-e-type=\"widget\" data-widget_type=\"text-editor.default\">\n\t\t\t\t<div class=\"elementor-widget-container\">\n\t\t\t\t\t\t\t\t\t<p>Merci pour ce bel article France et Forets &#8211; nov \/ dec 2024.<\/p><p>Allier tradition et modernit\u00e9 reste en effet un bel enjeu afin que l&#8217;un et l&#8217;autre se servent mutuellement !<br \/>Dossier \u00e0 d\u00e9couvrir ci-dessous[\/vc_column_text][vc_column_text]<\/p><p><a href=\"http:\/\/www.aucoeurdelamain.fr\/wp-content\/uploads\/2025\/01\/FF-679_Decembre-2024-extrait-dossier-1.pdf\">FF-679_D\u00e9cembre 2024 &#8211; extrait dossier<\/a><\/p>\t\t\t\t\t\t\t\t<\/div>\n\t\t\t\t<\/div>\n\t\t\t\t\t<\/div>\n\t\t\t\t<\/div>\n\t\t\t\t<\/div>\n\t\t","protected":false},"excerpt":{"rendered":"<p>Merci pour ce bel article France et Forets &#8211; nov \/ dec 2024. Allier tradition et modernit\u00e9 reste en effet un bel enjeu afin que l&#8217;un et l&#8217;autre se servent mutuellement !Dossier \u00e0 d\u00e9couvrir ci-dessous[\/vc_column_text][vc_column_text] FF-679_D\u00e9cembre 2024 &#8211; extrait dossier<\/p>\n","protected":false},"author":3,"featured_media":4744,"comment_status":"closed","ping_status":"closed","sticky":false,"template":"","format":"gallery","meta":{"_jetpack_memberships_contains_paid_content":false,"footnotes":""},"categories":[94,95],"tags":[],"class_list":["post-4743","post","type-post","status-publish","format-gallery","has-post-thumbnail","hentry","category-dernieres-news-des-evenements-a-venir","category-presse","post_format-post-format-gallery"],"jetpack_featured_media_url":"https:\/\/www.aucoeurdelamain.fr\/wp-content\/uploads\/2025\/01\/FF-679_Decembre-2024-extrait-dossier-pdf.jpg","jetpack_sharing_enabled":true,"_links":{"self":[{"href":"https:\/\/www.aucoeurdelamain.fr\/index.php\/wp-json\/wp\/v2\/posts\/4743","targetHints":{"allow":["GET"]}}],"collection":[{"href":"https:\/\/www.aucoeurdelamain.fr\/index.php\/wp-json\/wp\/v2\/posts"}],"about":[{"href":"https:\/\/www.aucoeurdelamain.fr\/index.php\/wp-json\/wp\/v2\/types\/post"}],"author":[{"embeddable":true,"href":"https:\/\/www.aucoeurdelamain.fr\/index.php\/wp-json\/wp\/v2\/users\/3"}],"replies":[{"embeddable":true,"href":"https:\/\/www.aucoeurdelamain.fr\/index.php\/wp-json\/wp\/v2\/comments?post=4743"}],"version-history":[{"count":3,"href":"https:\/\/www.aucoeurdelamain.fr\/index.php\/wp-json\/wp\/v2\/posts\/4743\/revisions"}],"predecessor-version":[{"id":7012,"href":"https:\/\/www.aucoeurdelamain.fr\/index.php\/wp-json\/wp\/v2\/posts\/4743\/revisions\/7012"}],"wp:featuredmedia":[{"embeddable":true,"href":"https:\/\/www.aucoeurdelamain.fr\/index.php\/wp-json\/wp\/v2\/media\/4744"}],"wp:attachment":[{"href":"https:\/\/www.aucoeurdelamain.fr\/index.php\/wp-json\/wp\/v2\/media?parent=4743"}],"wp:term":[{"taxonomy":"category","embeddable":true,"href":"https:\/\/www.aucoeurdelamain.fr\/index.php\/wp-json\/wp\/v2\/categories?post=4743"},{"taxonomy":"post_tag","embeddable":true,"href":"https:\/\/www.aucoeurdelamain.fr\/index.php\/wp-json\/wp\/v2\/tags?post=4743"}],"curies":[{"name":"wp","href":"https:\/\/api.w.org\/{rel}","templated":true}]}}