{"id":4740,"date":"2025-01-13T22:27:30","date_gmt":"2025-01-13T21:27:30","guid":{"rendered":"https:\/\/www.bdm.paris\/?p=4740"},"modified":"2025-04-28T17:52:22","modified_gmt":"2025-04-28T15:52:22","slug":"entrees-dans-les-collections-du-mobilier-national-des-modules-hexagones-papillon-dec-2024","status":"publish","type":"post","link":"https:\/\/www.aucoeurdelamain.fr\/index.php\/2025\/01\/13\/entrees-dans-les-collections-du-mobilier-national-des-modules-hexagones-papillon-dec-2024\/","title":{"rendered":"Entr\u00e9es dans les Collections du Mobilier National des Modules Hexagones &#038; Papillon (d\u00e9c 2024)"},"content":{"rendered":"\t\t<div data-elementor-type=\"wp-post\" data-elementor-id=\"4740\" class=\"elementor elementor-4740\">\n\t\t\t\t<div class=\"elementor-element elementor-element-13366001 e-flex e-con-boxed wpr-particle-no wpr-jarallax-no wpr-parallax-no wpr-sticky-section-no wpr-equal-height-no e-con e-parent\" data-id=\"13366001\" data-element_type=\"container\" data-e-type=\"container\">\n\t\t\t\t\t<div class=\"e-con-inner\">\n\t\t\t\t<div class=\"elementor-element elementor-element-344f9215 elementor-widget elementor-widget-text-editor\" data-id=\"344f9215\" data-element_type=\"widget\" data-e-type=\"widget\" data-widget_type=\"text-editor.default\">\n\t\t\t\t<div class=\"elementor-widget-container\">\n\t\t\t\t\t\t\t\t\t<p>Livraison en d\u00e9cembre dernier sous la neige, de ces 6 modules num\u00e9rot\u00e9s Papillon et Hexagone &#8211; BdM \u00c9dition. Un beau partenariat pour le dessin de ces pi\u00e8ces avec Benoit de Mal\u00e9zieux . A la suite des 2 bureaux lyriques et de la desserte, ces modules rentrent eux aussi dans les collections du Mobilier National.<\/p>\n<p>Une \u00e9quipe toujours aussi chaleureuse que nous retrouvons avec joie \u00e0 chaque fois. L\u2019occasion de profiter des tr\u00e9sors des r\u00e9serves de ce lieu, de ces chefs d\u2019\u0153uvre, de ces lignes, de ces mati\u00e8res qui nous inspirent, de ces ma\u00eetres artisans pr\u00e9sents depuis des si\u00e8cles qui guident notre travail. Tr\u00e8s honor\u00e9s, tr\u00e8s petits aussi au milieu de toutes ces pi\u00e8ces qui retracent notre histoire<\/p>\n<p>Module Papillon sycomore &amp; acajou<br>Modules Hexagones ch\u00eane &amp; acajou<\/p>\t\t\t\t\t\t\t\t<\/div>\n\t\t\t\t<\/div>\n\t\t\t\t\t<\/div>\n\t\t\t\t<\/div>\n\t\t\t\t<\/div>\n\t\t","protected":false},"excerpt":{"rendered":"<p>Comme c\u2019est si justement sculpt\u00e9 sur cette m\u00e9daille, c\u2019est \u00e0 plusieurs que l\u2019on peut viser l\u2019excellence et gravir pas \u00e0 pas des montagnes ! Merci \u00e0 tous ceux qui tout au long de mon chemin m\u2019ont tendu la main, port\u00e9, tir\u00e9 , pouss\u00e9, soutenu, encourag\u00e9. Cette m\u00e9daille de l\u2019excellence artisanale remise hier soir, est aussi la v\u00f4tre.<\/p>\n<p>Je remercie en particulier ma Laure qui m\u2019a suivi d\u00e8s le d\u00e9but de cette nouvelle orientation vers ce m\u00e9tier d&#8217;\u00e9b\u00e9nisterie d\u2019art, contre vents et mar\u00e9es, toujours \u00e0 mes c\u00f4t\u00e9s. Sans elle, je n\u2019en serai pas l\u00e0 aujourd\u2019hui, c\u2019est certain.<\/p>\n<p>Merci ch\u00e8res familles, chers amis, chers \u00e9quipiers que j\u2019ai eu depuis pr\u00e8s de 15 ans de travail acharn\u00e9.<\/p>\n<p>Ne pas compter ses heures, recommencer sans h\u00e9siter, se d\u00e9passer. Audace, Harmonie et Excellence sont les valeurs qui guident les Ateliers BdM. J\u2019aurai envie de rajouter \u00e9galement, transmission. Nos m\u00e9tiers d\u2019art ne perdureront en effet que si nous savons donner aux nouvelles g\u00e9n\u00e9rations, avec passion, ce sens de l\u2019effort et de l\u2019\u00e9chec. Car comme nous aimons le dire lorsque nous vous accueillons \u00e0 l\u2019atelier : la r\u00e9ussite n\u2019est que le fruit de plusieurs \u00e9checs.<\/p>\n<p>Merci CMA IDF &#8211; Paris Evelyne Cazautets Francis Bussiere Ronan KERAUDREN pour cette belle soir\u00e9e familiale hier et de mettre ainsi en valeur l\u2019artisanat fran\u00e7ais et ceux qui tentent de transmettre avec humilit\u00e9 et respect, ces gestes appris de chers sages tout aussi fous et passionn\u00e9s !<\/p>\n<p>#passion #precision #audace #harmonie #excellence #atelierbdm #valleedechevreuse<\/p>\n","protected":false},"author":3,"featured_media":4734,"comment_status":"closed","ping_status":"closed","sticky":false,"template":"","format":"gallery","meta":{"_jetpack_memberships_contains_paid_content":false,"footnotes":""},"categories":[94],"tags":[],"class_list":["post-4740","post","type-post","status-publish","format-gallery","has-post-thumbnail","hentry","category-dernieres-news-des-evenements-a-venir","post_format-post-format-gallery"],"jetpack_featured_media_url":"https:\/\/www.aucoeurdelamain.fr\/wp-content\/uploads\/2022\/03\/IMG_2915.jpg","jetpack_sharing_enabled":true,"_links":{"self":[{"href":"https:\/\/www.aucoeurdelamain.fr\/index.php\/wp-json\/wp\/v2\/posts\/4740","targetHints":{"allow":["GET"]}}],"collection":[{"href":"https:\/\/www.aucoeurdelamain.fr\/index.php\/wp-json\/wp\/v2\/posts"}],"about":[{"href":"https:\/\/www.aucoeurdelamain.fr\/index.php\/wp-json\/wp\/v2\/types\/post"}],"author":[{"embeddable":true,"href":"https:\/\/www.aucoeurdelamain.fr\/index.php\/wp-json\/wp\/v2\/users\/3"}],"replies":[{"embeddable":true,"href":"https:\/\/www.aucoeurdelamain.fr\/index.php\/wp-json\/wp\/v2\/comments?post=4740"}],"version-history":[{"count":6,"href":"https:\/\/www.aucoeurdelamain.fr\/index.php\/wp-json\/wp\/v2\/posts\/4740\/revisions"}],"predecessor-version":[{"id":7009,"href":"https:\/\/www.aucoeurdelamain.fr\/index.php\/wp-json\/wp\/v2\/posts\/4740\/revisions\/7009"}],"wp:featuredmedia":[{"embeddable":true,"href":"https:\/\/www.aucoeurdelamain.fr\/index.php\/wp-json\/wp\/v2\/media\/4734"}],"wp:attachment":[{"href":"https:\/\/www.aucoeurdelamain.fr\/index.php\/wp-json\/wp\/v2\/media?parent=4740"}],"wp:term":[{"taxonomy":"category","embeddable":true,"href":"https:\/\/www.aucoeurdelamain.fr\/index.php\/wp-json\/wp\/v2\/categories?post=4740"},{"taxonomy":"post_tag","embeddable":true,"href":"https:\/\/www.aucoeurdelamain.fr\/index.php\/wp-json\/wp\/v2\/tags?post=4740"}],"curies":[{"name":"wp","href":"https:\/\/api.w.org\/{rel}","templated":true}]}}