{"id":4608,"date":"2023-04-18T09:08:10","date_gmt":"2023-04-18T07:08:10","guid":{"rendered":"https:\/\/www.bdm.paris\/?p=4608"},"modified":"2025-05-26T15:10:19","modified_gmt":"2025-05-26T13:10:19","slug":"chasses-internationales-les-ateliers-bdm-fevrier-2022","status":"publish","type":"post","link":"https:\/\/www.aucoeurdelamain.fr\/index.php\/2023\/04\/18\/chasses-internationales-les-ateliers-bdm-fevrier-2022\/","title":{"rendered":"Chasses Internationales, Les Ateliers BdM (f\u00e9vrier 2023)"},"content":{"rendered":"\t\t<div data-elementor-type=\"wp-post\" data-elementor-id=\"4608\" class=\"elementor elementor-4608\">\n\t\t\t\t<div class=\"elementor-element elementor-element-576926ea e-flex e-con-boxed wpr-particle-no wpr-jarallax-no wpr-parallax-no wpr-sticky-section-no wpr-equal-height-no e-con e-parent\" data-id=\"576926ea\" data-element_type=\"container\" data-e-type=\"container\">\n\t\t\t\t\t<div class=\"e-con-inner\">\n\t\t\t\t<div class=\"elementor-element elementor-element-6c5cd52 elementor-widget elementor-widget-text-editor\" data-id=\"6c5cd52\" data-element_type=\"widget\" data-e-type=\"widget\" data-widget_type=\"text-editor.default\">\n\t\t\t\t<div class=\"elementor-widget-container\">\n\t\t\t\t\t\t\t\t\t<p>Chasses Internationales, Les Ateliers BdM, au nom du bois et de la Foi<br \/>Janv, fev, mars 2023<\/p><p>For\u00eat domaniale de Rambouillet, Auffargis dans les Yvelines. Le temps est \u00e0 la pluie d\u2019octobre. Un pinson des arbres donne un r\u00e9cital en lisi\u00e8re de for\u00eat. Je p\u00e9n\u00e8tre dans Les Ateliers BdM. Un nuancier d\u2019essences de bois m\u2019embrasse, sans m\u2019\u00e9treindre. La porte se ferme, Bruno de Maistre m\u2019attend tout \u00e0 c\u00f4t\u00e9 de son Bureau lyrique, un d\u00e9fi esth\u00e9tique et technique, en charme et en ch\u00eane, habill\u00e9 d\u2019un tissu Pierre Frey, pr\u00e9sent\u00e9 au Salon R\u00e9v\u00e9lations \u00e0 Paris en 2017. Un caf\u00e9 et nous nous isolons dans la seconde partie de l\u2019atelier pr\u00e8s du po\u00eale qui vibre d\u00e9j\u00e0 \u00e0 cette \u00e9poque de l\u2019ann\u00e9e. Il faut faire barrage aux effets de l\u2019humidit\u00e9 sur les colles et les vernis. Le fondateur des Ateliers, cheveux ayant livr\u00e9 bataille, fort en \u00e9paules, basket au pied et pantalon jean, aisance sportive inn\u00e9e r\u00e9pond sans ambigu\u00eft\u00e9, avec beaucoup de disponibilit\u00e9 et d\u2019honn\u00eatet\u00e9 vis-\u00e0-vis de lui-m\u00eame. D\u2019une famille de chasseurs proche de l\u2019\u00e9quipage de Champ-chevrier et \u00e0 tir, non pratiquant lui-m\u00eame mais tr\u00e8s clair sur le sujet, il compare les attaques qui touchent la chasse aux tombereaux d\u2019insultes qu\u2019essuient les b\u00fbcherons quand ils proc\u00e8dent \u00e0 une coupe en for\u00eat.<\/p><p>Id\u00e9ologie contre connaissance. Lui a commenc\u00e9 par une \u00e9cole d\u2019art, de dessin, Penninghen. Il y a appris la communication visuelle et \u00e0 pro- mouvoir les valeurs d\u2019une marque. Un engagement dans l\u2019\u00e9quipe de communication d\u2019un candidat \u00e0 l\u2019\u00e9lection pr\u00e9sidentielle de 2007 puis il prend la voie du num\u00e9rique toujours dans la publicit\u00e9. D\u00e9j\u00e0 : \u00ab Je percevais que quelque chose me manquait. Je me perdais en chemin, j\u2019\u00e9tais loin de mes valeurs. \u00bb N\u00e9anmoins il poursuit brillamment dans le groupe Publicis. Ao\u00fbt 2008, black out, rien ne va plus, il arr\u00eate tout, sans savoir pourquoi. Il doit stopper.<\/p><p>Il part \u00e0 Londres, accepte un job de technicien dans un h\u00f4tel et se soumet \u00e0 un bilan psy et professionnel afin de comprendre les raisons du rejet. C\u2019est la reconstruction. \u00ab Je voyais la City prendre la direction de ses bureaux dans le m\u00e9tro sur un air pas tr\u00e8s joyeux et, de mon c\u00f4t\u00e9, j\u2019allais vers mon terrain de jeu. J\u2019ai compris alors que mes capacit\u00e9s intellectuelles \u0153uvraient \u00e0 plein r\u00e9gime quand je travaillais avec mes mains. \u00bb Le retour \u00e0 Paris est plus enjou\u00e9 mais, mari\u00e9, papa, il doit aviver le nouveau souffle venu de Londres. En f\u00e9vrier 2009, il entre \u00e0 l\u2019\u00c9cole Boulle et se sp\u00e9cialise dans le bois, de nature complexe, vivante et \u00e9labor\u00e9e. Premier jour, premi\u00e8res sensations, tout fonctionne: le go\u00fbt, l\u2019envie, l\u2019intellect, la main et tout \u00e0 l\u2019unisson. Au bout de deux ann\u00e9es de formation, de stages dans de belles maisons, c\u2019est l\u2019heure du grand bain. \u00ab En cherchant, j\u2019ai trouv\u00e9 plus de clients qu\u2019un patron. Au d\u00e9but, j\u2019ai r\u00e9alis\u00e9 des choses simples, cuisines, placards&#8230; Tr\u00e8s rapidement, j\u2019ai travaill\u00e9 sur le mobilier d\u2019une \u00e9glise. J\u2019ai remport\u00e9 le prix de la cr\u00e9ation du Rotary Club. Puis une seconde paroisse m\u2019a sollicit\u00e9. La reconnaissance est arriv\u00e9e tr\u00e8s rapidement. Le bouche-\u00e0-oreille a suivi. Les projets \u00e9taient de plus en plus int\u00e9ressants. \u00bb Les Ateliers BdM prennent leur envol en 2011, il retrouve ses sensations d\u2019entrepreneur mais il n\u2019oubliera pas que tout se construit avec l\u2019autre, avec les autres. Son \u00e9pouse Laure l\u2019a rejoint, la maison a fait des petits: d\u2019Arimathie, d\u00e9volu au mobilier liturgique; Immersion au c\u0153ur de la main, destin\u00e9 aux particuliers et aux entreprises; et Daphn\u00e9, d\u00e9di\u00e9e aux objets r\u00e9alis\u00e9s \u00e0 partir de chutes de bois.<\/p><p>Nous reprenons notre entretien pas tr\u00e8s loin d\u2019ici, \u00e0 la Faisanderie du ch\u00e2teau de Rambouillet dans un environnement r\u00e9nover aux murs habill\u00e9s de bois. \u00ab C\u00e9cile de Saint Venant de Chambord m\u2019a propos\u00e9 en 2021 de mettre nos savoirs au service de Guillaume Trouv\u00e9, directeur des b\u00e2timents et des jardins et architecte du patrimoine au Domaine et Maxime Castello, responsable du patrimoine b\u00e2ti. Nous avons r\u00e9am\u00e9nag\u00e9 le salon de chasse et le d\u00e9bott\u00e9 de la Faisanderie avec eux. \u00bb Bureau, malle, table de r\u00e9union, de jeux, de chevet, \u00e9critoire, am\u00e9nagement, parquet, mobilier et sculpture liturgique, cr\u00e9ations sublimes (la lampe Envol, le module Papillon, le bureau Lyrique&#8230;)&#8230;<\/p><p>Bruno de Maistre se d\u00e9finit plus architecte mobilier qu\u2019\u00e9b\u00e9niste, la t\u00eate et les mains. Nous poursuivons notre discussion sur l\u2019intelligence collective, la s\u00e9rendipit\u00e9 \u2013 qui se nourrit de tous les incidents rencontr\u00e9s au cours d\u2019un projet \u2013, la relation primordiale avec ses clients, sa foi profonde. \u00ab Je me sens aujourd\u2019hui extr\u00eamement libre \u00bb, me sourit-il. Laure et Bruno, entour\u00e9 de leur \u00e9quipe, ne conceptualisent pas la vie, non, il la dessine dans et pour l\u2019unit\u00e9.&#8221;<\/p>\t\t\t\t\t\t\t\t<\/div>\n\t\t\t\t<\/div>\n\t\t\t\t\t<\/div>\n\t\t\t\t<\/div>\n\t\t\t\t<\/div>\n\t\t","protected":false},"excerpt":{"rendered":"<p>Chasses Internationales, janv-fev-mars 2023<br \/>\nLes Ateliers BdM, au nom du bois et de la Foi<br \/>\nPar Eric Lerouge<\/p>\n","protected":false},"author":3,"featured_media":4609,"comment_status":"closed","ping_status":"closed","sticky":false,"template":"","format":"gallery","meta":{"_jetpack_memberships_contains_paid_content":false,"footnotes":""},"categories":[94,95],"tags":[],"class_list":["post-4608","post","type-post","status-publish","format-gallery","has-post-thumbnail","hentry","category-dernieres-news-des-evenements-a-venir","category-presse","post_format-post-format-gallery"],"jetpack_featured_media_url":"https:\/\/www.aucoeurdelamain.fr\/wp-content\/uploads\/2023\/04\/001_CI28-scaled-1.jpg","jetpack_sharing_enabled":true,"_links":{"self":[{"href":"https:\/\/www.aucoeurdelamain.fr\/index.php\/wp-json\/wp\/v2\/posts\/4608","targetHints":{"allow":["GET"]}}],"collection":[{"href":"https:\/\/www.aucoeurdelamain.fr\/index.php\/wp-json\/wp\/v2\/posts"}],"about":[{"href":"https:\/\/www.aucoeurdelamain.fr\/index.php\/wp-json\/wp\/v2\/types\/post"}],"author":[{"embeddable":true,"href":"https:\/\/www.aucoeurdelamain.fr\/index.php\/wp-json\/wp\/v2\/users\/3"}],"replies":[{"embeddable":true,"href":"https:\/\/www.aucoeurdelamain.fr\/index.php\/wp-json\/wp\/v2\/comments?post=4608"}],"version-history":[{"count":3,"href":"https:\/\/www.aucoeurdelamain.fr\/index.php\/wp-json\/wp\/v2\/posts\/4608\/revisions"}],"predecessor-version":[{"id":7021,"href":"https:\/\/www.aucoeurdelamain.fr\/index.php\/wp-json\/wp\/v2\/posts\/4608\/revisions\/7021"}],"wp:featuredmedia":[{"embeddable":true,"href":"https:\/\/www.aucoeurdelamain.fr\/index.php\/wp-json\/wp\/v2\/media\/4609"}],"wp:attachment":[{"href":"https:\/\/www.aucoeurdelamain.fr\/index.php\/wp-json\/wp\/v2\/media?parent=4608"}],"wp:term":[{"taxonomy":"category","embeddable":true,"href":"https:\/\/www.aucoeurdelamain.fr\/index.php\/wp-json\/wp\/v2\/categories?post=4608"},{"taxonomy":"post_tag","embeddable":true,"href":"https:\/\/www.aucoeurdelamain.fr\/index.php\/wp-json\/wp\/v2\/tags?post=4608"}],"curies":[{"name":"wp","href":"https:\/\/api.w.org\/{rel}","templated":true}]}}