{"id":4578,"date":"2023-03-29T18:21:40","date_gmt":"2023-03-29T16:21:40","guid":{"rendered":"https:\/\/www.bdm.paris\/?p=4578"},"modified":"2025-05-26T15:26:03","modified_gmt":"2025-05-26T13:26:03","slug":"jema-2023-sublimer-le-quotidien","status":"publish","type":"post","link":"https:\/\/www.aucoeurdelamain.fr\/index.php\/2023\/03\/29\/jema-2023-sublimer-le-quotidien\/","title":{"rendered":"JEMA 2023 : Sublimer le quotidien (avril 2023)"},"content":{"rendered":"\t\t<div data-elementor-type=\"wp-post\" data-elementor-id=\"4578\" class=\"elementor elementor-4578\">\n\t\t\t\t<div class=\"elementor-element elementor-element-bb88546 e-flex e-con-boxed wpr-particle-no wpr-jarallax-no wpr-parallax-no wpr-sticky-section-no wpr-equal-height-no e-con e-parent\" data-id=\"bb88546\" data-element_type=\"container\" data-e-type=\"container\">\n\t\t\t\t\t<div class=\"e-con-inner\">\n\t\t\t\t<div class=\"elementor-element elementor-element-c3b0bac elementor-widget elementor-widget-text-editor\" data-id=\"c3b0bac\" data-element_type=\"widget\" data-e-type=\"widget\" data-widget_type=\"text-editor.default\">\n\t\t\t\t<div class=\"elementor-widget-container\">\n\t\t\t\t\t\t\t\t\t<p>\u00a0<\/p><div class=\"adn ads\" data-message-id=\"#msg-f:1761718978868144867\" data-legacy-message-id=\"1872e213c97feae3\"><div class=\"gs\"><div class=\"\"><div id=\":2gj\" class=\"ii gt\"><div id=\":1x8\" class=\"a3s aiL \"><p>C\u2019est le we de l\u2019ann\u00e9e o\u00f9 les visites sont possibles, nous serons ravis de vous retrouver.<\/p><p>Journ\u00e9es Europ\u00e9ennes des M\u00e9tiers d&#8217;Art 2023 : Sublimer le quotidien.<\/p><p>Nous aurons encore la joie cette ann\u00e9e d\u2019ouvrir nos portes dans le cadre des JEMA pour vous accueillir au sein des Ateliers BdM (78), vous pourrez \u00e9galement rencontrer de nombreux autres artisans d\u2019art dans la Vall\u00e9e de Chevreuse.<\/p><p>Venez d\u00e9couvrir notre univers, le m\u00e9tier d&#8217;\u00e9b\u00e9nisterie d&#8217;art au milieu de nos feuilles de placages de bois pr\u00e9cieux, notre mani\u00e8re de travailler, notre joie de collaborer en co-cr\u00e9ant avec d&#8217;autres artisans d&#8217;art pour permettre aux mati\u00e8res de se r\u00e9v\u00e9ler, combien la transmission de ce m\u00e9tier de passion &amp; la reconnexion \u00e0 soi-m\u00eame nous animent lors des immersions &#8220;Au coeur de la Main&#8221; que nous proposons aux entreprises et aux particuliers, notre philosophie de la s\u00e9rendipit\u00e9 : se laisser guider par les \u00e9v\u00e8nements, par les rencontres pour sublimer les cr\u00e9ations.<\/p><p>Nous vous pr\u00e9senterons aussi ce bureau lyrique en noyer de 2m accompagn\u00e9 de sa desserte lyrique juste avant qu\u2019ils ne rentrent dans les collections du Mobilier national. Merci Les Nouvelles pour ce bel article cette semaine qui revient sur ces moments de collaboration cr\u00e9ative au @Salon R\u00e9v\u00e9lations en juin dernier, autour des alliances de mati\u00e8res que nous pourrions imaginer pour cette pi\u00e8ce signature de la maison.<\/p><p>Ces JEMA sont la plus grande manifestation internationale d\u00e9di\u00e9e aux m\u00e9tiers d\u2019art et invitent les artisans en France et en Europe \u00e0 faire d\u00e9couvrir leurs m\u00e9tiers d\u2019art et du patrimoine vivant. Rendez-vous du 27 mars au 2 avril 2023 pour cette 17\u00e8me \u00e9dition ! Merci encore Institut National des M\u00e9tiers d&#8217;Art pour l\u2019organisation de celles-ci. A tr\u00e8s bient\u00f4t pour \u00ab Sublimer le quotidien \u00bb<\/p><p>www.BdM.paris, prototype et cr\u00e9ation de pi\u00e8ces uniques<br \/><a href=\"http:\/\/www.darimathie.fr\/\" target=\"_blank\" rel=\"noopener noreferrer\" data-saferedirecturl=\"https:\/\/www.google.com\/url?q=http:\/\/www.darimathie.fr&amp;source=gmail&amp;ust=1680192544147000&amp;usg=AOvVaw2Nt95w-PsSbskvwB7exOd9\">www.darimathie.fr<\/a>, cr\u00e9ation de vitraux, de mobilier liturgique, am\u00e9nagements d\u2019espaces au service du Sacr\u00e9,<br \/><a href=\"http:\/\/www.daphneboutique.fr\/\" target=\"_blank\" rel=\"noopener noreferrer\" data-saferedirecturl=\"https:\/\/www.google.com\/url?q=http:\/\/www.daphneboutique.fr&amp;source=gmail&amp;ust=1680192544147000&amp;usg=AOvVaw1TNF8xlzk3k2sNiBYc7LWX\">www.daphneboutique.fr<\/a>, immersions BdM &amp; boutique en ligne aux mille essences<\/p><p>Retrouvez toutes les informations pratiques<br \/><a href=\"https:\/\/openagenda.com\/journees-europeennes-des-metiers-dart-ile-de-france\/events\/decouverte-dun-atelier-debenisterie-dart-78\" target=\"_blank\" rel=\"noopener noreferrer\" data-saferedirecturl=\"https:\/\/www.google.com\/url?q=https:\/\/openagenda.com\/journees-europeennes-des-metiers-dart-ile-de-france\/events\/decouverte-dun-atelier-debenisterie-dart-78&amp;source=gmail&amp;ust=1680192544147000&amp;usg=AOvVaw0uBULWsG771WumdOlnHWXX\">https:\/\/openagenda.com\/journee<wbr \/>s-europeennes-des-metiers-<wbr \/>dart-ile-de-france\/events\/<wbr \/>decouverte-dun-atelier-debenis<wbr \/>terie-dart-78<\/a><\/p><p>Ateliers BdM &#8211; 51 rue des vaux de Cernay<br \/>78 610 Auffargis<br \/>Samedi 1er avril : 10h &#8211; 17h<br \/>Dimanche 2 avril : 11h &#8211; 17h<\/p><p>#creation #mobilier #exception #courbes #harmonie #audace #excellence #ebenisterie #metiersdart #metiersrares #artisanatfrancais #mobiliernational #inma #sublimerlequotidien<\/p><\/div><div class=\"yj6qo\">\u00a0<\/div><div class=\"yj6qo\">\u00a0<\/div><\/div><div class=\"hi\">\u00a0<\/div><\/div><\/div><div class=\"ajx\">\u00a0<\/div><\/div>\t\t\t\t\t\t\t\t<\/div>\n\t\t\t\t<\/div>\n\t\t\t\t\t<\/div>\n\t\t\t\t<\/div>\n\t\t\t\t<\/div>\n\t\t","protected":false},"excerpt":{"rendered":"<p>C\u2019est le we de l\u2019ann\u00e9e o\u00f9 les visites sont possibles, nous serons ravis de vous retrouver.<\/p>\n<p>Journ\u00e9es Europ\u00e9ennes des M\u00e9tiers d&#8217;Art 2023 : Sublimer le quotidien.<\/p>\n<p>Nous aurons encore la joie cette ann\u00e9e d\u2019ouvrir nos portes dans le cadre des JEMA pour vous accueillir au sein des Ateliers BdM (78), vous pourrez \u00e9galement rencontrer de nombreux autres artisans d\u2019art dans la Vall\u00e9e de Chevreuse.<\/p>\n<p>Venez d\u00e9couvrir notre univers, le m\u00e9tier d&#8217;\u00e9b\u00e9nisterie d&#8217;art au milieu de nos feuilles de placages de bois pr\u00e9cieux, notre mani\u00e8re de travailler, notre joie de collaborer en co-cr\u00e9ant avec d&#8217;autres artisans d&#8217;art pour permettre aux mati\u00e8res de se r\u00e9v\u00e9ler, combien la transmission de ce m\u00e9tier de passion &#038; la reconnexion \u00e0 soi-m\u00eame nous animent lors des immersions &#8220;Au coeur de la Main&#8221; que nous proposons aux entreprises et aux particuliers, notre philosophie de la s\u00e9rendipit\u00e9 : se laisser guider par les \u00e9v\u00e8nements, par les rencontres pour sublimer les cr\u00e9ations.<\/p>\n<p>Nous vous pr\u00e9senterons aussi ce bureau lyrique en noyer de 2m accompagn\u00e9 de sa desserte lyrique juste avant qu\u2019ils ne rentrent dans les collections du Mobilier national. Merci Les Nouvelles pour ce bel article cette semaine qui revient sur ces moments de collaboration cr\u00e9ative au @Salon R\u00e9v\u00e9lations en juin dernier, autour des alliances de mati\u00e8res que nous pourrions imaginer pour cette pi\u00e8ce signature de la maison.<\/p>\n<p>Ces JEMA sont la plus grande manifestation internationale d\u00e9di\u00e9e aux m\u00e9tiers d\u2019art et invitent les artisans en France et en Europe \u00e0 faire d\u00e9couvrir leurs m\u00e9tiers d\u2019art et du patrimoine vivant. Rendez-vous du 27 mars au 2 avril 2023 pour cette 17\u00e8me \u00e9dition ! Merci encore Institut National des M\u00e9tiers d&#8217;Art pour l\u2019organisation de celles-ci. A tr\u00e8s bient\u00f4t pour \u00ab Sublimer le quotidien \u00bb<\/p>\n<p>www.BdM.paris, prototype et cr\u00e9ation de pi\u00e8ces uniques<br \/>\nwww.darimathie.fr, cr\u00e9ation de vitraux, de mobilier liturgique, am\u00e9nagements d\u2019espaces au service du Sacr\u00e9,<br \/>\nwww.daphneboutique.fr, immersions BdM &#038; boutique en ligne aux mille essences<\/p>\n<p>Retrouvez toutes les informations pratiques<br \/>\nhttps:\/\/openagenda.com\/journees-europeennes-des-metiers-dart-ile-de-france\/events\/decouverte-dun-atelier-debenisterie-dart-78<\/p>\n<p>Ateliers BdM &#8211; 51 rue des vaux de Cernay<br \/>\n78 610 Auffargis<br \/>\nSamedi 1er avril : 10h &#8211; 17h<br \/>\nDimanche 2 avril : 11h &#8211; 17h<\/p>\n<p>#creation #mobilier #exception #courbes #harmonie #audace #excellence #ebenisterie #metiersdart #metiersrares #artisanatfrancais #mobiliernational #inma #sublimerlequotidien<\/p>\n","protected":false},"author":3,"featured_media":4580,"comment_status":"closed","ping_status":"closed","sticky":false,"template":"","format":"gallery","meta":{"_jetpack_memberships_contains_paid_content":false,"footnotes":""},"categories":[94],"tags":[],"class_list":["post-4578","post","type-post","status-publish","format-gallery","has-post-thumbnail","hentry","category-dernieres-news-des-evenements-a-venir","post_format-post-format-gallery"],"jetpack_featured_media_url":"https:\/\/www.aucoeurdelamain.fr\/wp-content\/uploads\/2023\/03\/D313CC76-455D-40E0-AAEB-5D92CF9F79CE-1.jpg","jetpack_sharing_enabled":true,"_links":{"self":[{"href":"https:\/\/www.aucoeurdelamain.fr\/index.php\/wp-json\/wp\/v2\/posts\/4578","targetHints":{"allow":["GET"]}}],"collection":[{"href":"https:\/\/www.aucoeurdelamain.fr\/index.php\/wp-json\/wp\/v2\/posts"}],"about":[{"href":"https:\/\/www.aucoeurdelamain.fr\/index.php\/wp-json\/wp\/v2\/types\/post"}],"author":[{"embeddable":true,"href":"https:\/\/www.aucoeurdelamain.fr\/index.php\/wp-json\/wp\/v2\/users\/3"}],"replies":[{"embeddable":true,"href":"https:\/\/www.aucoeurdelamain.fr\/index.php\/wp-json\/wp\/v2\/comments?post=4578"}],"version-history":[{"count":3,"href":"https:\/\/www.aucoeurdelamain.fr\/index.php\/wp-json\/wp\/v2\/posts\/4578\/revisions"}],"predecessor-version":[{"id":7030,"href":"https:\/\/www.aucoeurdelamain.fr\/index.php\/wp-json\/wp\/v2\/posts\/4578\/revisions\/7030"}],"wp:featuredmedia":[{"embeddable":true,"href":"https:\/\/www.aucoeurdelamain.fr\/index.php\/wp-json\/wp\/v2\/media\/4580"}],"wp:attachment":[{"href":"https:\/\/www.aucoeurdelamain.fr\/index.php\/wp-json\/wp\/v2\/media?parent=4578"}],"wp:term":[{"taxonomy":"category","embeddable":true,"href":"https:\/\/www.aucoeurdelamain.fr\/index.php\/wp-json\/wp\/v2\/categories?post=4578"},{"taxonomy":"post_tag","embeddable":true,"href":"https:\/\/www.aucoeurdelamain.fr\/index.php\/wp-json\/wp\/v2\/tags?post=4578"}],"curies":[{"name":"wp","href":"https:\/\/api.w.org\/{rel}","templated":true}]}}