{"id":4510,"date":"2023-01-30T17:43:49","date_gmt":"2023-01-30T16:43:49","guid":{"rendered":"https:\/\/www.bdm.paris\/?p=4510"},"modified":"2025-04-16T16:18:29","modified_gmt":"2025-04-16T14:18:29","slug":"galerie-feau-accueille-jusquau-10-fevrier-2023-le-partenariat-the-invisible-collection-mobilier-national-le-bureau-lyrique-des-ateliers-bdm-mis-en-lumiere-fevrier-2023","status":"publish","type":"post","link":"https:\/\/www.aucoeurdelamain.fr\/index.php\/2023\/01\/30\/galerie-feau-accueille-jusquau-10-fevrier-2023-le-partenariat-the-invisible-collection-mobilier-national-le-bureau-lyrique-des-ateliers-bdm-mis-en-lumiere-fevrier-2023\/","title":{"rendered":"Galerie F\u00e9au accueille jusqu&#8217;au 10 f\u00e9vrier 2023 le partenariat The Invisible Collection &#038; Mobilier National, le bureau lyrique des Ateliers BdM mis en lumi\u00e8re &#8211; F\u00e9vrier 2023"},"content":{"rendered":"\t\t<div data-elementor-type=\"wp-post\" data-elementor-id=\"4510\" class=\"elementor elementor-4510\">\n\t\t\t\t<div class=\"elementor-element elementor-element-1d1a49f5 e-flex e-con-boxed wpr-particle-no wpr-jarallax-no wpr-parallax-no wpr-sticky-section-no wpr-equal-height-no e-con e-parent\" data-id=\"1d1a49f5\" data-element_type=\"container\" data-e-type=\"container\">\n\t\t\t\t\t<div class=\"e-con-inner\">\n\t\t\t\t<div class=\"elementor-element elementor-element-675e136a elementor-widget elementor-widget-text-editor\" data-id=\"675e136a\" data-element_type=\"widget\" data-e-type=\"widget\" data-widget_type=\"text-editor.default\">\n\t\t\t\t<div class=\"elementor-widget-container\">\n\t\t\t\t\t\t\t\t\t<p>Mobilier national et The Invisible Collection s&#8217;associent pour la premi\u00e8re fois pour mettre \u00e0 l&#8217;honneur le travail de designers contemporains dont les pi\u00e8ces sont entr\u00e9es dans les collections nationales.<\/p><p>Quelques images de cette belle soir\u00e9e mercredi dernier avec cet \u00e9v\u00e9nement pr\u00e9sent\u00e9 chez F\u00e9au Boiseries. Un lieu hors du temps\u2026<\/p><p>Tr\u00e8s honor\u00e9 de voir le bureau lyrique des Ateliers BdM, v\u00eatu de sa robe noire, expos\u00e9 au milieu de toutes ces boiseries si riches de leurs histoires.. #merci<\/p><p>Exposition \u00e0 d\u00e9couvrir sur RDV jusqu\u2019au 10 f\u00e9vrier chez @Feau Boiseries, 9 rue Laugier, Paris 17ieme.<\/p><p>En savoir davantage sur @theinvisiblecollection &amp; Bruno de Maistre \/ Ateliers BdM<br \/><a href=\"https:\/\/theinvisiblecollection.com\/fr\/portrait\/ateliers-bdm-fr\/\" target=\"_blank\" rel=\"noopener noreferrer\" data-saferedirecturl=\"https:\/\/www.google.com\/url?q=https:\/\/theinvisiblecollection.com\/fr\/portrait\/ateliers-bdm-fr\/&amp;source=gmail&amp;ust=1675182995154000&amp;usg=AOvVaw3d50zK1cGBDJkSaz31iHuE\">https:\/\/theinvisiblecollection<wbr \/>.com\/fr\/portrait\/ateliers-bdm-<wbr \/>fr\/<\/a><\/p>\t\t\t\t\t\t\t\t<\/div>\n\t\t\t\t<\/div>\n\t\t\t\t\t<\/div>\n\t\t\t\t<\/div>\n\t\t\t\t<\/div>\n\t\t","protected":false},"excerpt":{"rendered":"<p>Mobilier national et The Invisible Collection s&#8217;associent pour la premi\u00e8re fois pour mettre \u00e0 l&#8217;honneur le travail de designers contemporains dont les pi\u00e8ces sont entr\u00e9es dans les collections nationales.Quelques images de cette belle soir\u00e9e mercredi dernier avec cet \u00e9v\u00e9nement pr\u00e9sent\u00e9 chez F\u00e9au Boiseries. Un lieu hors du temps\u2026Tr\u00e8s honor\u00e9 de voir le bureau lyrique des Ateliers BdM, v\u00eatu de sa robe noire, expos\u00e9 au milieu de toutes ces boiseries si riches de leurs histoires.. #merciExposition \u00e0 d\u00e9couvrir sur RDV jusqu\u2019au 10 f\u00e9vrier chez @Feau Boiseries, 9 rue Laugier, Paris 17ieme.En savoir davantage sur @theinvisiblecollection &#038; Bruno de Maistre \/ Ateliers BdMhttps:\/\/theinvisiblecollection.com\/fr\/portrait\/ateliers-bdm-fr\/<\/p>\n","protected":false},"author":3,"featured_media":4515,"comment_status":"closed","ping_status":"closed","sticky":false,"template":"","format":"gallery","meta":{"_jetpack_memberships_contains_paid_content":false,"footnotes":""},"categories":[94],"tags":[],"class_list":["post-4510","post","type-post","status-publish","format-gallery","has-post-thumbnail","hentry","category-dernieres-news-des-evenements-a-venir","post_format-post-format-gallery"],"jetpack_featured_media_url":"https:\/\/www.aucoeurdelamain.fr\/wp-content\/uploads\/2023\/01\/IMG-9606.jpg","jetpack_sharing_enabled":true,"_links":{"self":[{"href":"https:\/\/www.aucoeurdelamain.fr\/index.php\/wp-json\/wp\/v2\/posts\/4510","targetHints":{"allow":["GET"]}}],"collection":[{"href":"https:\/\/www.aucoeurdelamain.fr\/index.php\/wp-json\/wp\/v2\/posts"}],"about":[{"href":"https:\/\/www.aucoeurdelamain.fr\/index.php\/wp-json\/wp\/v2\/types\/post"}],"author":[{"embeddable":true,"href":"https:\/\/www.aucoeurdelamain.fr\/index.php\/wp-json\/wp\/v2\/users\/3"}],"replies":[{"embeddable":true,"href":"https:\/\/www.aucoeurdelamain.fr\/index.php\/wp-json\/wp\/v2\/comments?post=4510"}],"version-history":[{"count":3,"href":"https:\/\/www.aucoeurdelamain.fr\/index.php\/wp-json\/wp\/v2\/posts\/4510\/revisions"}],"predecessor-version":[{"id":7036,"href":"https:\/\/www.aucoeurdelamain.fr\/index.php\/wp-json\/wp\/v2\/posts\/4510\/revisions\/7036"}],"wp:featuredmedia":[{"embeddable":true,"href":"https:\/\/www.aucoeurdelamain.fr\/index.php\/wp-json\/wp\/v2\/media\/4515"}],"wp:attachment":[{"href":"https:\/\/www.aucoeurdelamain.fr\/index.php\/wp-json\/wp\/v2\/media?parent=4510"}],"wp:term":[{"taxonomy":"category","embeddable":true,"href":"https:\/\/www.aucoeurdelamain.fr\/index.php\/wp-json\/wp\/v2\/categories?post=4510"},{"taxonomy":"post_tag","embeddable":true,"href":"https:\/\/www.aucoeurdelamain.fr\/index.php\/wp-json\/wp\/v2\/tags?post=4510"}],"curies":[{"name":"wp","href":"https:\/\/api.w.org\/{rel}","templated":true}]}}