{"id":4508,"date":"2023-01-30T17:32:34","date_gmt":"2023-01-30T16:32:34","guid":{"rendered":"https:\/\/www.bdm.paris\/?p=4508"},"modified":"2025-04-16T16:19:04","modified_gmt":"2025-04-16T14:19:04","slug":"reference-chez-the-invisible-collection","status":"publish","type":"post","link":"https:\/\/www.aucoeurdelamain.fr\/index.php\/2023\/01\/30\/reference-chez-the-invisible-collection\/","title":{"rendered":"R\u00e9f\u00e9renc\u00e9 chez The Invisible Collection &#8211; F\u00e9vrier 2023"},"content":{"rendered":"\t\t<div data-elementor-type=\"wp-post\" data-elementor-id=\"4508\" class=\"elementor elementor-4508\">\n\t\t\t\t<div class=\"elementor-element elementor-element-85787bf e-flex e-con-boxed wpr-particle-no wpr-jarallax-no wpr-parallax-no wpr-sticky-section-no wpr-equal-height-no e-con e-parent\" data-id=\"85787bf\" data-element_type=\"container\" data-e-type=\"container\">\n\t\t\t\t\t<div class=\"e-con-inner\">\n\t\t\t\t<div class=\"elementor-element elementor-element-4eaaff98 elementor-widget elementor-widget-text-editor\" data-id=\"4eaaff98\" data-element_type=\"widget\" data-e-type=\"widget\" data-widget_type=\"text-editor.default\">\n\t\t\t\t<div class=\"elementor-widget-container\">\n\t\t\t\t\t\t\t\t\t<p>Le bureau Lyrique, v\u00eatu de sa robe noire, est r\u00e9f\u00e9renc\u00e9 chez <a href=\"https:\/\/www.linkedin.com\/company\/theinvisiblecollection\/\" data-attribute-index=\"7\" data-entity-hovercard-id=\"urn:li:fs_miniCompany:11070043\" data-entity-type=\"MINI_COMPANY\">The Invisible Collection<\/a>\u00a0&amp;\u00a0<a href=\"https:\/\/www.linkedin.com\/in\/ACoAAAC9cQUBRBvkhi3B-Q6qCz5SKfv0emcMKAY\" data-attribute-index=\"9\" data-entity-hovercard-id=\"urn:li:fs_miniProfile:ACoAAAC9cQUBRBvkhi3B-Q6qCz5SKfv0emcMKAY\" data-entity-type=\"MINI_PROFILE\">Bruno de Maistre<\/a>\u00a0\/ Ateliers BdM<\/p><p>D\u00e9couvrez en davantage sur le lien suivant\u00a0 <a href=\"https:\/\/lnkd.in\/eD2WeaQe\" data-attribute-index=\"56\">https:\/\/lnkd.in\/eD2WeaQe<\/a><\/p><p>Merci de mettre ainsi \u00e0 l&#8217;honneur nos cr\u00e9ations contemporaines<\/p><p><a href=\"https:\/\/www.linkedin.com\/feed\/hashtag\/?keywords=collectibles&amp;highlightedUpdateUrns=urn%3Ali%3Aactivity%3A7021470589852745728\" data-attribute-index=\"11\">#collectibles<\/a>\u00a0<a href=\"https:\/\/www.linkedin.com\/feed\/hashtag\/?keywords=theinvisiblecollection&amp;highlightedUpdateUrns=urn%3Ali%3Aactivity%3A7021470589852745728\" data-attribute-index=\"12\">#theinvisiblecollection<\/a>\u00a0<a href=\"https:\/\/www.linkedin.com\/feed\/hashtag\/?keywords=feauboiseries&amp;highlightedUpdateUrns=urn%3Ali%3Aactivity%3A7021470589852745728\" data-attribute-index=\"13\">#feauboiseries<\/a>\u00a0<a href=\"https:\/\/www.linkedin.com\/feed\/hashtag\/?keywords=mobiliernational&amp;highlightedUpdateUrns=urn%3Ali%3Aactivity%3A7021470589852745728\" data-attribute-index=\"14\">#mobiliernational<\/a>\u00a0<a href=\"https:\/\/www.linkedin.com\/feed\/hashtag\/?keywords=worldofinteriors&amp;highlightedUpdateUrns=urn%3Ali%3Aactivity%3A7021470589852745728\" data-attribute-index=\"15\">#worldofinteriors<\/a>\u00a0<a href=\"https:\/\/www.linkedin.com\/feed\/hashtag\/?keywords=design&amp;highlightedUpdateUrns=urn%3Ali%3Aactivity%3A7021470589852745728\" data-attribute-index=\"16\">#design<\/a>\u00a0<a href=\"https:\/\/www.linkedin.com\/feed\/hashtag\/?keywords=savoirfaire&amp;highlightedUpdateUrns=urn%3Ali%3Aactivity%3A7021470589852745728\" data-attribute-index=\"17\">#savoirfaire<\/a>\u00a0<a href=\"https:\/\/www.linkedin.com\/feed\/hashtag\/?keywords=atelierbdm&amp;highlightedUpdateUrns=urn%3Ali%3Aactivity%3A7021470589852745728\" data-attribute-index=\"18\">#atelierbdm<\/a>\u00a0<a href=\"https:\/\/www.linkedin.com\/feed\/hashtag\/?keywords=ebenisteriedart&amp;highlightedUpdateUrns=urn%3Ali%3Aactivity%3A7021470589852745728\" data-attribute-index=\"19\">#ebenisteriedart<\/a>\u00a0<a href=\"https:\/\/www.linkedin.com\/feed\/hashtag\/?keywords=design&amp;highlightedUpdateUrns=urn%3Ali%3Aactivity%3A7021470589852745728\" data-attribute-index=\"20\">#design<\/a>\u00a0<a href=\"https:\/\/www.linkedin.com\/feed\/hashtag\/?keywords=designcontemporain&amp;highlightedUpdateUrns=urn%3Ali%3Aactivity%3A7021470589852745728\" data-attribute-index=\"21\">#designcontemporain<\/a>\u00a0<a href=\"https:\/\/www.linkedin.com\/feed\/hashtag\/?keywords=metiersdart&amp;highlightedUpdateUrns=urn%3Ali%3Aactivity%3A7021470589852745728\" data-attribute-index=\"22\">#metiersdart<\/a>\u00a0<a href=\"https:\/\/www.linkedin.com\/feed\/hashtag\/?keywords=artcontemporain&amp;highlightedUpdateUrns=urn%3Ali%3Aactivity%3A7021470589852745728\" data-attribute-index=\"23\">#artcontemporain<\/a>\u00a0<a href=\"https:\/\/www.linkedin.com\/feed\/hashtag\/?keywords=art&amp;highlightedUpdateUrns=urn%3Ali%3Aactivity%3A7021470589852745728\" data-attribute-index=\"24\">#art<\/a>\u00a0<a href=\"https:\/\/www.linkedin.com\/feed\/hashtag\/?keywords=creation&amp;highlightedUpdateUrns=urn%3Ali%3Aactivity%3A7021470589852745728\" data-attribute-index=\"25\">#creation<\/a>\u00a0<a href=\"https:\/\/www.linkedin.com\/feed\/hashtag\/?keywords=finecraft&amp;highlightedUpdateUrns=urn%3Ali%3Aactivity%3A7021470589852745728\" data-attribute-index=\"26\">#finecraft<\/a>\u00a0<a href=\"https:\/\/www.linkedin.com\/feed\/hashtag\/?keywords=artisanatdart&amp;highlightedUpdateUrns=urn%3Ali%3Aactivity%3A7021470589852745728\" data-attribute-index=\"27\">#artisanatdart<\/a>\u00a0<a href=\"https:\/\/www.linkedin.com\/feed\/hashtag\/?keywords=inma&amp;highlightedUpdateUrns=urn%3Ali%3Aactivity%3A7021470589852745728\" data-attribute-index=\"28\">#inma<\/a>\u00a0<a href=\"https:\/\/www.linkedin.com\/feed\/hashtag\/?keywords=ateliersdartdefrance&amp;highlightedUpdateUrns=urn%3Ali%3Aactivity%3A7021470589852745728\" data-attribute-index=\"29\">#ateliersdartdefrance<\/a><\/p><p><a href=\"https:\/\/www.linkedin.com\/company\/ateliers-d'art-de-france\/\" data-attribute-index=\"30\" data-entity-hovercard-id=\"urn:li:fs_miniCompany:10280346\" data-entity-type=\"MINI_COMPANY\">Ateliers d&#8217;Art de France<\/a>\u00a0@fondationremycointreau\u00a0<a href=\"https:\/\/www.linkedin.com\/company\/remycointreau\/\" data-attribute-index=\"32\" data-entity-hovercard-id=\"urn:li:fs_miniCompany:283831\" data-entity-type=\"MINI_COMPANY\">R\u00e9my Cointreau<\/a>\u00a0<a href=\"https:\/\/www.linkedin.com\/company\/mobilier-national\/\" data-attribute-index=\"34\" data-entity-hovercard-id=\"urn:li:fs_miniCompany:68867199\" data-entity-type=\"MINI_COMPANY\">Mobilier national<\/a>\u00a0<a href=\"https:\/\/www.linkedin.com\/company\/institut-national-des-metiers-d-art-inma-epv\/\" data-attribute-index=\"36\" data-entity-hovercard-id=\"urn:li:fs_miniCompany:42906474\" data-entity-type=\"MINI_COMPANY\">Institut National des M\u00e9tiers d&#8217;Art (INMA)<\/a>\u00a0<a href=\"https:\/\/www.linkedin.com\/company\/theinvisiblecollection\/\" data-attribute-index=\"38\" data-entity-hovercard-id=\"urn:li:fs_miniCompany:11070043\" data-entity-type=\"MINI_COMPANY\">The Invisible Collection<\/a>\u00a0<a href=\"https:\/\/www.linkedin.com\/company\/feau-boiseries\/\" data-attribute-index=\"40\" data-entity-hovercard-id=\"urn:li:fs_miniCompany:28659204\" data-entity-type=\"MINI_COMPANY\">F\u00c9AU BOISERIES<\/a>\u00a0<a href=\"https:\/\/www.linkedin.com\/company\/michelangelo-foundation\/\" data-attribute-index=\"42\" data-entity-hovercard-id=\"urn:li:fs_miniCompany:11207718\" data-entity-type=\"MINI_COMPANY\">Michelangelo Foundation<\/a>\u00a0@homofaber<\/p><p><a href=\"https:\/\/www.linkedin.com\/feed\/hashtag\/?keywords=creation&amp;highlightedUpdateUrns=urn%3Ali%3Aactivity%3A7021470589852745728\" data-attribute-index=\"44\">#creation<\/a>\u00a0<a href=\"https:\/\/www.linkedin.com\/feed\/hashtag\/?keywords=mobilier&amp;highlightedUpdateUrns=urn%3Ali%3Aactivity%3A7021470589852745728\" data-attribute-index=\"45\">#mobilier<\/a>\u00a0<a href=\"https:\/\/www.linkedin.com\/feed\/hashtag\/?keywords=exception&amp;highlightedUpdateUrns=urn%3Ali%3Aactivity%3A7021470589852745728\" data-attribute-index=\"46\">#exception<\/a>\u00a0<a href=\"https:\/\/www.linkedin.com\/feed\/hashtag\/?keywords=courbes&amp;highlightedUpdateUrns=urn%3Ali%3Aactivity%3A7021470589852745728\" data-attribute-index=\"47\">#courbes<\/a>\u00a0<a href=\"https:\/\/www.linkedin.com\/feed\/hashtag\/?keywords=harmonie&amp;highlightedUpdateUrns=urn%3Ali%3Aactivity%3A7021470589852745728\" data-attribute-index=\"48\">#harmonie<\/a>\u00a0<a href=\"https:\/\/www.linkedin.com\/feed\/hashtag\/?keywords=audace&amp;highlightedUpdateUrns=urn%3Ali%3Aactivity%3A7021470589852745728\" data-attribute-index=\"49\">#audace<\/a>\u00a0<a href=\"https:\/\/www.linkedin.com\/feed\/hashtag\/?keywords=excellence&amp;highlightedUpdateUrns=urn%3Ali%3Aactivity%3A7021470589852745728\" data-attribute-index=\"50\">#excellence<\/a>\u00a0<a href=\"https:\/\/www.linkedin.com\/feed\/hashtag\/?keywords=ebenisterie&amp;highlightedUpdateUrns=urn%3Ali%3Aactivity%3A7021470589852745728\" data-attribute-index=\"51\">#ebenisterie<\/a>\u00a0<a href=\"https:\/\/www.linkedin.com\/feed\/hashtag\/?keywords=metiersdart&amp;highlightedUpdateUrns=urn%3Ali%3Aactivity%3A7021470589852745728\" data-attribute-index=\"52\">#metiersdart<\/a>\u00a0<a href=\"https:\/\/www.linkedin.com\/feed\/hashtag\/?keywords=metiersrares&amp;highlightedUpdateUrns=urn%3Ali%3Aactivity%3A7021470589852745728\" data-attribute-index=\"53\">#metiersrares<\/a>\u00a0<a href=\"https:\/\/www.linkedin.com\/feed\/hashtag\/?keywords=artisanatfrancais&amp;highlightedUpdateUrns=urn%3Ali%3Aactivity%3A7021470589852745728\" data-attribute-index=\"54\">#artisanatfrancais<\/a>\u00a0<a href=\"https:\/\/www.linkedin.com\/feed\/hashtag\/?keywords=madeinfrance&amp;highlightedUpdateUrns=urn%3Ali%3Aactivity%3A7021470589852745728\" data-attribute-index=\"55\">#madeinfrance<\/a>\ud83c\uddeb\ud83c\uddf7<\/p>\t\t\t\t\t\t\t\t<\/div>\n\t\t\t\t<\/div>\n\t\t\t\t\t<\/div>\n\t\t\t\t<\/div>\n\t\t\t\t<\/div>\n\t\t","protected":false},"excerpt":{"rendered":"<p>Le bureau Lyrique, v\u00eatu de sa robe noire, est r\u00e9f\u00e9renc\u00e9 chez The Invisible Collection\u00a0&#038;\u00a0Bruno de Maistre\u00a0\/ Ateliers BdM<\/p>\n<p>D\u00e9couvrez en davantage sur le lien suivant\u00a0 https:\/\/lnkd.in\/eD2WeaQe<\/p>\n<p>Merci de mettre ainsi \u00e0 l&#8217;honneur nos cr\u00e9ations contemporaines<\/p>\n<p>#collectibles\u00a0#theinvisiblecollection\u00a0#feauboiseries\u00a0#mobiliernational\u00a0#worldofinteriors\u00a0#design\u00a0#savoirfaire\u00a0#atelierbdm\u00a0#ebenisteriedart\u00a0#design\u00a0#designcontemporain\u00a0#metiersdart\u00a0#artcontemporain\u00a0#art\u00a0#creation\u00a0#finecraft\u00a0#artisanatdart\u00a0#inma\u00a0#ateliersdartdefrance<\/p>\n<p>Ateliers d&#8217;Art de France\u00a0@fondationremycointreau\u00a0R\u00e9my Cointreau\u00a0Mobilier national\u00a0Institut National des M\u00e9tiers d&#8217;Art (INMA)\u00a0The Invisible Collection\u00a0F\u00c9AU BOISERIES\u00a0Michelangelo Foundation\u00a0@homofaber<\/p>\n<p>#creation\u00a0#mobilier\u00a0#exception\u00a0#courbes\u00a0#harmonie\u00a0#audace\u00a0#excellence\u00a0#ebenisterie\u00a0#metiersdart\u00a0#metiersrares\u00a0#artisanatfrancais\u00a0#madeinfrance\ud83c\uddeb\ud83c\uddf7<\/p>\n","protected":false},"author":3,"featured_media":4439,"comment_status":"closed","ping_status":"closed","sticky":false,"template":"","format":"gallery","meta":{"_jetpack_memberships_contains_paid_content":false,"footnotes":""},"categories":[94],"tags":[],"class_list":["post-4508","post","type-post","status-publish","format-gallery","has-post-thumbnail","hentry","category-dernieres-news-des-evenements-a-venir","post_format-post-format-gallery"],"jetpack_featured_media_url":"https:\/\/www.aucoeurdelamain.fr\/wp-content\/uploads\/2021\/03\/4-Bureau-Lyrique-MN-scaled-1.jpg","jetpack_sharing_enabled":true,"_links":{"self":[{"href":"https:\/\/www.aucoeurdelamain.fr\/index.php\/wp-json\/wp\/v2\/posts\/4508","targetHints":{"allow":["GET"]}}],"collection":[{"href":"https:\/\/www.aucoeurdelamain.fr\/index.php\/wp-json\/wp\/v2\/posts"}],"about":[{"href":"https:\/\/www.aucoeurdelamain.fr\/index.php\/wp-json\/wp\/v2\/types\/post"}],"author":[{"embeddable":true,"href":"https:\/\/www.aucoeurdelamain.fr\/index.php\/wp-json\/wp\/v2\/users\/3"}],"replies":[{"embeddable":true,"href":"https:\/\/www.aucoeurdelamain.fr\/index.php\/wp-json\/wp\/v2\/comments?post=4508"}],"version-history":[{"count":3,"href":"https:\/\/www.aucoeurdelamain.fr\/index.php\/wp-json\/wp\/v2\/posts\/4508\/revisions"}],"predecessor-version":[{"id":7039,"href":"https:\/\/www.aucoeurdelamain.fr\/index.php\/wp-json\/wp\/v2\/posts\/4508\/revisions\/7039"}],"wp:featuredmedia":[{"embeddable":true,"href":"https:\/\/www.aucoeurdelamain.fr\/index.php\/wp-json\/wp\/v2\/media\/4439"}],"wp:attachment":[{"href":"https:\/\/www.aucoeurdelamain.fr\/index.php\/wp-json\/wp\/v2\/media?parent=4508"}],"wp:term":[{"taxonomy":"category","embeddable":true,"href":"https:\/\/www.aucoeurdelamain.fr\/index.php\/wp-json\/wp\/v2\/categories?post=4508"},{"taxonomy":"post_tag","embeddable":true,"href":"https:\/\/www.aucoeurdelamain.fr\/index.php\/wp-json\/wp\/v2\/tags?post=4508"}],"curies":[{"name":"wp","href":"https:\/\/api.w.org\/{rel}","templated":true}]}}