{"id":4352,"date":"2022-05-18T17:28:14","date_gmt":"2022-05-18T15:28:14","guid":{"rendered":"http:\/\/www.bdm.paris\/?p=4352"},"modified":"2025-04-16T16:21:11","modified_gmt":"2025-04-16T14:21:11","slug":"les-ateliers-bdm-au-salon-revelations-grand-palais-ephemere-juin-2022","status":"publish","type":"post","link":"https:\/\/www.aucoeurdelamain.fr\/index.php\/2022\/05\/18\/les-ateliers-bdm-au-salon-revelations-grand-palais-ephemere-juin-2022\/","title":{"rendered":"Les Ateliers BdM au salon REVELATIONS, Biennale des M\u00e9tiers d&#8217;Art et de la Cr\u00e9ation &#8211; Grand Palais Eph\u00e9m\u00e8re &#8211; Juin 2022"},"content":{"rendered":"\t\t<div data-elementor-type=\"wp-post\" data-elementor-id=\"4352\" class=\"elementor elementor-4352\">\n\t\t\t\t<div class=\"elementor-element elementor-element-47c83ee4 e-flex e-con-boxed wpr-particle-no wpr-jarallax-no wpr-parallax-no wpr-sticky-section-no wpr-equal-height-no e-con e-parent\" data-id=\"47c83ee4\" data-element_type=\"container\" data-e-type=\"container\">\n\t\t\t\t\t<div class=\"e-con-inner\">\n\t\t\t\t<div class=\"elementor-element elementor-element-9297bdd elementor-widget elementor-widget-text-editor\" data-id=\"9297bdd\" data-element_type=\"widget\" data-e-type=\"widget\" data-widget_type=\"text-editor.default\">\n\t\t\t\t<div class=\"elementor-widget-container\">\n\t\t\t\t\t\t\t\t\t<p>[vc_row][vc_column][vc_column_text css_animation=&#8221;zoomIn&#8221;]Les Ateliers BdM sont tr\u00e8s heureux de vous retrouver bient\u00f4t au Salon R\u00e9v\u00e9lations &#8211; Biennale Internationale M\u00e9tiers d\u2019Art et Cr\u00e9ation sur deux stand cette fois-ci :<br \/>&#8211; stand D2\u2728\u2728<br \/>&#8211; mais \u00e9galement sur le stand F25, un cr\u00e9ation BdM ayant \u00e9t\u00e9 s\u00e9lectionn\u00e9e par la maison\u00a0<a class=\"notranslate\" tabindex=\"0\" href=\"https:\/\/www.instagram.com\/piasa_auction\/\">@piasa_auction<\/a>\u00a0en vue de la vente aux ench\u00e8res qui aura lieu vendredi 10 juin 2022 \u00e0 17h.<br \/>Lien vers le catalogue https:\/\/api.piasa.fr\/uploads\/306895_62838b404aee65.24765890.pdf<\/p><p>Nous avons h\u00e2te de vous retrouver et de nous voir enfin en vrai pour beaucoup !<\/p><p>Merci \u00e0 tous les organisateurs de nous permettre de nous revoir cette ann\u00e9e pour nous soutenir, nous encourager et partager sur nos m\u00e9tiers de passion !\u00a0<a class=\" xil3i\" tabindex=\"0\" href=\"https:\/\/www.instagram.com\/explore\/tags\/creation\/\">#creation<\/a>\u00a0<a class=\" xil3i\" tabindex=\"0\" href=\"https:\/\/www.instagram.com\/explore\/tags\/passion\/\">#passion<\/a>\u00a0<a class=\" xil3i\" tabindex=\"0\" href=\"https:\/\/www.instagram.com\/explore\/tags\/harmonie\/\">#harmonie<\/a>\u00a0<a class=\" xil3i\" tabindex=\"0\" href=\"https:\/\/www.instagram.com\/explore\/tags\/excellence\/\">#excellence<\/a>\u00a0<a class=\" xil3i\" tabindex=\"0\" href=\"https:\/\/www.instagram.com\/explore\/tags\/ebenisteriedart\/\">#ebenisteriedart<\/a><\/p><p>Cette 5e \u00e9dition de\u00a0<a class=\"notranslate\" tabindex=\"0\" href=\"https:\/\/www.instagram.com\/salonrevelations\/\">@salonrevelations<\/a>\u00a0est le rendez-vous international du monde de la cr\u00e9ation contemporaine et se tiendra du 9 au 12 juin 2022 au Grand Palais Eph\u00e9m\u00e8re sur le Champ de Mars, avec l\u2019Afrique comme continent \u00e0 l\u2019honneur.<\/p><p>Tous les deux ans, R\u00e9v\u00e9lations est le rendez-vous incontournable qui c\u00e9l\u00e8bre la cr\u00e9ation fran\u00e7aise et internationale. Pens\u00e9 et cr\u00e9\u00e9 par\u00a0<a class=\"notranslate\" tabindex=\"0\" href=\"https:\/\/www.instagram.com\/ateliersdart\/\">@ateliersdart<\/a>\u00a0, syndicat professionnel repr\u00e9sentant les 281 m\u00e9tiers d&#8217;art fran\u00e7ais, la biennale est le rendez-vous \u00e9conomique majeur du secteur. Lieu d&#8217;\u00e9changes foisonnants, R\u00e9v\u00e9lations rassemble les professionnels du march\u00e9 de la cr\u00e9ation et les amateurs d&#8217;artisanat d&#8217;art autour d&#8217;\u0153uvres in\u00e9dites et de savoir-faire<br \/>exceptionnels.<\/p><p>Informations Pratiques :<br \/>Grand Palais Eph\u00e9m\u00e8re, du mercredi 8 au dimanche 12 juin 2022.<br \/>Jeudi 9 &gt; samedi 11 juin : 10h &#8211; 20h et dimanche 12 juin : 10h &#8211; 19h.<br \/>Le mercredi 8 est r\u00e9serv\u00e9 aux professionnels &#8211; prescripteurs.<\/p><p>www.revelations-grandpalais.com<\/p><p><a class=\" xil3i\" tabindex=\"0\" href=\"https:\/\/www.instagram.com\/explore\/tags\/salonr%C3%A9v%C3%A9lations\/\">#salonR\u00e9v\u00e9lations<\/a>\u00a0<a class=\" xil3i\" tabindex=\"0\" href=\"https:\/\/www.instagram.com\/explore\/tags\/atelierbdm\/\">#atelierbdm<\/a>\u00a0<a class=\" xil3i\" tabindex=\"0\" href=\"https:\/\/www.instagram.com\/explore\/tags\/ateliersdartdefrance\/\">#ateliersdartdefrance<\/a>\u00a0<a class=\" xil3i\" tabindex=\"0\" href=\"https:\/\/www.instagram.com\/explore\/tags\/ateliersdart\/\">#ateliersdart<\/a>\u00a0<a class=\" xil3i\" tabindex=\"0\" href=\"https:\/\/www.instagram.com\/explore\/tags\/ebeniste\/\">#ebeniste<\/a>\u00a0<a class=\" xil3i\" tabindex=\"0\" href=\"https:\/\/www.instagram.com\/explore\/tags\/wood\/\">#wood<\/a>\u00a0<a class=\" xil3i\" tabindex=\"0\" href=\"https:\/\/www.instagram.com\/explore\/tags\/pieceunique\/\">#pieceunique<\/a>\u00a0<a class=\" xil3i\" tabindex=\"0\" href=\"https:\/\/www.instagram.com\/explore\/tags\/metiersdart\/\">#metiersdart<\/a>\u00a0<a class=\" xil3i\" tabindex=\"0\" href=\"https:\/\/www.instagram.com\/explore\/tags\/finecraft\/\">#finecraft<\/a>\u00a0<a class=\" xil3i\" tabindex=\"0\" href=\"https:\/\/www.instagram.com\/explore\/tags\/savoirfaire\/\">#savoirfaire<\/a>\u00a0<a class=\" xil3i\" tabindex=\"0\" href=\"https:\/\/www.instagram.com\/explore\/tags\/cr%C3%A9ation\/\">#cr\u00e9ation<\/a>\u00a0<a class=\" xil3i\" tabindex=\"0\" href=\"https:\/\/www.instagram.com\/explore\/tags\/art\/\">#art<\/a>\u00a0<a class=\" xil3i\" tabindex=\"0\" href=\"https:\/\/www.instagram.com\/explore\/tags\/grandpalais%C3%A9phemere\/\">#grandpalais\u00e9phemere<\/a>\u00a0<a class=\" xil3i\" tabindex=\"0\" href=\"https:\/\/www.instagram.com\/explore\/tags\/bois\/\">#bois<\/a>\u00a0<a class=\" xil3i\" tabindex=\"0\" href=\"https:\/\/www.instagram.com\/explore\/tags\/mobilier\/\">#mobilier<\/a>\u00a0<a class=\" xil3i\" tabindex=\"0\" href=\"https:\/\/www.instagram.com\/explore\/tags\/architectureinterieure\/\">#architectureinterieure<\/a>\u00a0<a class=\" xil3i\" tabindex=\"0\" href=\"https:\/\/www.instagram.com\/explore\/tags\/interiordecoration\/\">#interiordecoration<\/a>\u00a0<a class=\" xil3i\" tabindex=\"0\" href=\"https:\/\/www.instagram.com\/explore\/tags\/furniture\/\">#furniture<\/a>\u00a0<a class=\" xil3i\" tabindex=\"0\" href=\"https:\/\/www.instagram.com\/explore\/tags\/wood\/\">#wood<\/a>\u00a0<a class=\" xil3i\" tabindex=\"0\" href=\"https:\/\/www.instagram.com\/explore\/tags\/workinprogress\/\">#workinprogress<\/a>\u00a0<a class=\" xil3i\" tabindex=\"0\" href=\"https:\/\/www.instagram.com\/explore\/tags\/woodworking\/\">#woodworking<\/a><br \/><a class=\" xil3i\" tabindex=\"0\" href=\"https:\/\/www.instagram.com\/explore\/tags\/woodartist\/\">#woodartist<\/a>\u00a0<a class=\" xil3i\" tabindex=\"0\" href=\"https:\/\/www.instagram.com\/explore\/tags\/homofaber\/\">#homofaber<\/a>\u00a0<a class=\" xil3i\" tabindex=\"0\" href=\"https:\/\/www.instagram.com\/explore\/tags\/mobiliernational\/\">#mobiliernational<\/a><br \/><a class=\"notranslate\" tabindex=\"0\" href=\"https:\/\/www.instagram.com\/cmafrance\/\">@cmafrance<\/a>\u00a0<a class=\"notranslate\" tabindex=\"0\" href=\"https:\/\/www.instagram.com\/cma_idf\/\">@cma_idf<\/a>\u00a0<a class=\"notranslate\" tabindex=\"0\" href=\"https:\/\/www.instagram.com\/inmaofficiel\/\">@inmaofficiel<\/a>\u00a0<a class=\"notranslate\" tabindex=\"0\" href=\"https:\/\/www.instagram.com\/ateliersdart\/\">@ateliersdart<\/a>\u00a0<a class=\"notranslate\" tabindex=\"0\" href=\"https:\/\/www.instagram.com\/salonrevelations\/\">@salonrevelations<\/a>\u00a0<a class=\"notranslate\" tabindex=\"0\" href=\"https:\/\/www.instagram.com\/piasa_auction\/\">@piasa_auction<\/a>\u00a0<a class=\"notranslate\" tabindex=\"0\" href=\"https:\/\/www.instagram.com\/daphneboutique_bdm\/\">@daphneboutique_bdm<\/a><br \/><a class=\"notranslate\" tabindex=\"0\" href=\"https:\/\/www.instagram.com\/andyjeansond\/\">@andyjeansond<\/a>\u00a0<a class=\"notranslate\" tabindex=\"0\" href=\"https:\/\/www.instagram.com\/jish_deli\/\">@jish_deli<\/a>\u00a0<a class=\"notranslate\" tabindex=\"0\" href=\"https:\/\/www.instagram.com\/alice.zmrn\/\">@alice.zmrn<\/a>[\/vc_column_text][\/vc_column][\/vc_row][vc_row][vc_column][\/vc_column][\/vc_row][vc_row][vc_column][vc_media_grid grid_id=&#8221;vc_gid:1652887806452-28238e1a-85ba-6&#8243; include=&#8221;2960,4280&#8243;][\/vc_column][\/vc_row]<\/p>\t\t\t\t\t\t\t\t<\/div>\n\t\t\t\t<\/div>\n\t\t\t\t\t<\/div>\n\t\t\t\t<\/div>\n\t\t\t\t<\/div>\n\t\t","protected":false},"excerpt":{"rendered":"<p>Les Ateliers BdM @bruno_de_maistre_bdm sont tr\u00e8s heureux de vous retrouver bient\u00f4t au Salon R\u00e9v\u00e9lations &#8211; Biennale Internationale M\u00e9tiers d\u2019Art et Cr\u00e9ation sur deux stand cette fois-ci :<br \/>\n&#8211; stand D2\u2728\u2728<br \/>\n&#8211; mais \u00e9galement sur le stand F25, un cr\u00e9ation BdM ayant \u00e9t\u00e9 s\u00e9lectionn\u00e9e par la maison @piasa_auction en vue de la vente aux ench\u00e8res qui aura lieu vendredi 10 juin 2022 \u00e0 17h.<\/p>\n<p>Nous avons h\u00e2te de vous retrouver et de nous voir enfin en vrai pour beaucoup ! <\/p>\n<p>Merci \u00e0 tous les organisateurs de nous permettre de nous revoir cette ann\u00e9e pour nous soutenir, nous encourager et partager sur nos m\u00e9tiers de passion ! #creation #passion #harmonie #excellence #ebenisteriedart <\/p>\n<p>Cette 5e \u00e9dition de @salonrevelations est le rendez-vous international du monde de la cr\u00e9ation contemporaine et se tiendra du 9 au 12 juin 2022 au Grand Palais Eph\u00e9m\u00e8re sur le Champ de Mars, avec l\u2019Afrique comme continent \u00e0 l\u2019honneur. <\/p>\n<p>Tous les deux ans, R\u00e9v\u00e9lations est le rendez-vous incontournable qui c\u00e9l\u00e8bre la cr\u00e9ation fran\u00e7aise et internationale. Pens\u00e9 et cr\u00e9\u00e9 par @ateliersdart , syndicat professionnel repr\u00e9sentant les 281 m\u00e9tiers d&#8217;art fran\u00e7ais, la biennale est le rendez-vous \u00e9conomique majeur du secteur. Lieu d&#8217;\u00e9changes foisonnants, R\u00e9v\u00e9lations rassemble les professionnels du march\u00e9 de la cr\u00e9ation et les amateurs d&#8217;artisanat d&#8217;art autour d&#8217;\u0153uvres in\u00e9dites et de savoir-faire<br \/>\nexceptionnels.<\/p>\n<p>Informations Pratiques :<br \/>\nGrand Palais Eph\u00e9m\u00e8re, du mercredi 8 au dimanche 12 juin 2022.<br \/>\nJeudi 9 > samedi 11 juin : 10h &#8211; 20h et dimanche 12 juin : 10h &#8211; 19h.<br \/>\nLe mercredi 8 est r\u00e9serv\u00e9 aux professionnels &#8211; prescripteurs.<\/p>\n<p>www.revelations-grandpalais.com<\/p>\n<p>#salonR\u00e9v\u00e9lations #atelierbdm #ateliersdartdefrance #ateliersdart  #ebeniste #wood  #pieceunique #metiersdart #finecraft #savoirfaire #cr\u00e9ation #art #grandpalais\u00e9phemere #bois #mobilier #architectureinterieure #interiordecoration #furniture #wood #workinprogress #woodworking<br \/>\n#woodartist #homofaber #mobiliernational<br \/>\n@cmafrance @cma_idf @inmaofficiel @ateliersdart @salonrevelations @piasa_auction @daphneboutique_bdm @andyjeansond @jish_deli @alice.zmrn<\/p>\n","protected":false},"author":3,"featured_media":4354,"comment_status":"closed","ping_status":"closed","sticky":false,"template":"","format":"gallery","meta":{"_jetpack_memberships_contains_paid_content":false,"footnotes":""},"categories":[94],"tags":[],"class_list":["post-4352","post","type-post","status-publish","format-gallery","has-post-thumbnail","hentry","category-dernieres-news-des-evenements-a-venir","post_format-post-format-gallery"],"jetpack_featured_media_url":"https:\/\/www.aucoeurdelamain.fr\/wp-content\/uploads\/2022\/05\/3F436EF8-F4D8-49E4-A484-666E96FE6B5C.jpg","jetpack_sharing_enabled":true,"_links":{"self":[{"href":"https:\/\/www.aucoeurdelamain.fr\/index.php\/wp-json\/wp\/v2\/posts\/4352","targetHints":{"allow":["GET"]}}],"collection":[{"href":"https:\/\/www.aucoeurdelamain.fr\/index.php\/wp-json\/wp\/v2\/posts"}],"about":[{"href":"https:\/\/www.aucoeurdelamain.fr\/index.php\/wp-json\/wp\/v2\/types\/post"}],"author":[{"embeddable":true,"href":"https:\/\/www.aucoeurdelamain.fr\/index.php\/wp-json\/wp\/v2\/users\/3"}],"replies":[{"embeddable":true,"href":"https:\/\/www.aucoeurdelamain.fr\/index.php\/wp-json\/wp\/v2\/comments?post=4352"}],"version-history":[{"count":3,"href":"https:\/\/www.aucoeurdelamain.fr\/index.php\/wp-json\/wp\/v2\/posts\/4352\/revisions"}],"predecessor-version":[{"id":7045,"href":"https:\/\/www.aucoeurdelamain.fr\/index.php\/wp-json\/wp\/v2\/posts\/4352\/revisions\/7045"}],"wp:featuredmedia":[{"embeddable":true,"href":"https:\/\/www.aucoeurdelamain.fr\/index.php\/wp-json\/wp\/v2\/media\/4354"}],"wp:attachment":[{"href":"https:\/\/www.aucoeurdelamain.fr\/index.php\/wp-json\/wp\/v2\/media?parent=4352"}],"wp:term":[{"taxonomy":"category","embeddable":true,"href":"https:\/\/www.aucoeurdelamain.fr\/index.php\/wp-json\/wp\/v2\/categories?post=4352"},{"taxonomy":"post_tag","embeddable":true,"href":"https:\/\/www.aucoeurdelamain.fr\/index.php\/wp-json\/wp\/v2\/tags?post=4352"}],"curies":[{"name":"wp","href":"https:\/\/api.w.org\/{rel}","templated":true}]}}