{"id":4285,"date":"2022-03-29T12:54:40","date_gmt":"2022-03-29T10:54:40","guid":{"rendered":"http:\/\/www.bdm.paris\/?p=4285"},"modified":"2022-03-29T12:54:40","modified_gmt":"2022-03-29T10:54:40","slug":"banque-populaire-val-de-france-visite-des-ateliers-bdm-29-mars-2022","status":"publish","type":"post","link":"https:\/\/www.aucoeurdelamain.fr\/index.php\/2022\/03\/29\/banque-populaire-val-de-france-visite-des-ateliers-bdm-29-mars-2022\/","title":{"rendered":"Banque Populaire Val de France, Visite des Ateliers BdM &#8211; 29 mars 2022"},"content":{"rendered":"<p>[vc_row][vc_column][vc_column_text css_animation=&#8221;zoomIn&#8221;]Ce matin, nous avons eu la joie d\u2019avoir la visite de\u00a0<a href=\"https:\/\/www.linkedin.com\/in\/ACoAABrv-ecBGVmH-yAX-AOjfDYBlcsrL1aNzvs\" data-attribute-index=\"0\" data-entity-hovercard-id=\"urn:li:fs_miniProfile:ACoAABrv-ecBGVmH-yAX-AOjfDYBlcsrL1aNzvs\" data-entity-type=\"MINI_PROFILE\">Mathieu R\u00e9quillart<\/a>, Directeur G\u00e9n\u00e9ral Banque Populaire Val de France et de\u00a0<a href=\"https:\/\/www.linkedin.com\/in\/ACoAADUC7NwBnEazy88rXPiR6l24At1X7SLqasQ\" data-attribute-index=\"2\" data-entity-hovercard-id=\"urn:li:fs_miniProfile:ACoAADUC7NwBnEazy88rXPiR6l24At1X7SLqasQ\" data-entity-type=\"MINI_PROFILE\">Samuel RAYNEAU<\/a>, Directeur de groupe d\u2019agences Banque Populaire Val de France, avec lesquels nous avons pu \u00e9changer sur nos projets, les probl\u00e9matiques rencontr\u00e9es dans nos m\u00e9tiers d\u2019art, les enjeux de la transmission de nos savoir-faire et bien s\u00fbr sur le sens de notre travail au sein de notre atelier que cela soit lors de la cr\u00e9ation de ces pi\u00e8ces d\u2019exception, des meubles pour l\u2019art Sacr\u00e9 ou lors des immersions de coh\u00e9sion, d\u00e9connexion et reconnexion \u00e0 soi-m\u00eame \u00ab Au c\u0153ur de la Main \u00bb que nous vous proposons de vivre en \u00e9quipe avec votre entreprise. Merci pour nos discussions, pour votre \u00e9coute, pour votre envie de d\u00e9couvrir notre passion, notre m\u00e9tier : l\u2019\u00e9b\u00e9nisterie d\u2019art.<\/p>\n<p>Depuis plus de 7 ans, la Banque Populaire accompagne en effet les Ateliers BdM avec fid\u00e9lit\u00e9. Relation initi\u00e9e par @Christine Nales et\u00a0<a href=\"https:\/\/www.linkedin.com\/in\/ACoAABGi5-IBk5fc4vftTiZrTWIY6lt1PoKdpVk\" data-attribute-index=\"4\" data-entity-hovercard-id=\"urn:li:fs_miniProfile:ACoAABGi5-IBk5fc4vftTiZrTWIY6lt1PoKdpVk\" data-entity-type=\"MINI_PROFILE\">Charlotte PAVIS<\/a>\u00a0confirm\u00e9e gr\u00e2ce \u00e0\u00a0<a href=\"https:\/\/www.linkedin.com\/in\/ACoAAAk4FzUBzwGv1zyhCJGLb66lKDpi3P1bRNI\" data-attribute-index=\"6\" data-entity-hovercard-id=\"urn:li:fs_miniProfile:ACoAAAk4FzUBzwGv1zyhCJGLb66lKDpi3P1bRNI\" data-entity-type=\"MINI_PROFILE\">Antoine EGRETEAU<\/a>\u00a0et qui se poursuit aujourd hui avec Samuel Raynaud.<\/p>\n<p>Nous avons \u00e9galement eu la chance d\u2019\u00eatre Laur\u00e9at du Grand Prix de l\u2019artisanat Stars &amp; M\u00e9tiers (cat\u00e9gorie Innovation) en 2018 de\u00a0<a href=\"https:\/\/www.linkedin.com\/company\/banque-populaire\/\" data-attribute-index=\"8\" data-entity-hovercard-id=\"urn:li:fs_miniCompany:8635\" data-entity-type=\"MINI_COMPANY\">Banque Populaire<\/a>\u00a0puis d\u2019\u00eatre dans le jury de ce prix en 2021.<\/p>\n<p>Organis\u00e9 par les\u00a0<a href=\"https:\/\/www.linkedin.com\/company\/cfcma\/\" data-attribute-index=\"10\" data-entity-hovercard-id=\"urn:li:fs_miniCompany:77072478\" data-entity-type=\"MINI_COMPANY\">CFCMA &#8211; Centre de formation des Chambres de m\u00e9tiers et de l\u2019artisanat<\/a>\u00a0et les Banques Populaires, le prix Stars &amp; M\u00e9tiers est destin\u00e9 \u00e0 promouvoir l\u2019excellence et l\u2019innovation dans l\u2019artisanat \u2728<\/p>\n<p>Merci pour l\u2019accompagnement de nos m\u00e9tiers d\u2019art, du r\u00e9seau de l\u2019artisanat en France et de prendre le temps de venir in situ d\u00e9couvrir nos activit\u00e9s et nos enjeux ces prochaines ann\u00e9es !<\/p>\n<p><a href=\"https:\/\/www.linkedin.com\/feed\/hashtag\/?keywords=partenariat&amp;highlightedUpdateUrns=urn%3Ali%3Aactivity%3A6914932465706917888\" data-attribute-index=\"12\">#partenariat<\/a>\u00a0<a href=\"https:\/\/www.linkedin.com\/feed\/hashtag\/?keywords=banquepopulaire&amp;highlightedUpdateUrns=urn%3Ali%3Aactivity%3A6914932465706917888\" data-attribute-index=\"13\">#banquepopulaire<\/a>\u00a0<a href=\"https:\/\/www.linkedin.com\/feed\/hashtag\/?keywords=artisanatfrancais&amp;highlightedUpdateUrns=urn%3Ali%3Aactivity%3A6914932465706917888\" data-attribute-index=\"14\">#artisanatfrancais<\/a>\u00a0<a href=\"https:\/\/www.linkedin.com\/feed\/hashtag\/?keywords=excellence&amp;highlightedUpdateUrns=urn%3Ali%3Aactivity%3A6914932465706917888\" data-attribute-index=\"15\">#excellence<\/a>\u00a0<a href=\"https:\/\/www.linkedin.com\/feed\/hashtag\/?keywords=madeinfrance&amp;highlightedUpdateUrns=urn%3Ali%3Aactivity%3A6914932465706917888\" data-attribute-index=\"16\">#madeinfrance<\/a>\u00a0<a href=\"https:\/\/www.linkedin.com\/feed\/hashtag\/?keywords=ebenisteriecontemporaine&amp;highlightedUpdateUrns=urn%3Ali%3Aactivity%3A6914932465706917888\" data-attribute-index=\"17\">#ebenisteriecontemporaine<\/a>\u00a0<a href=\"https:\/\/www.linkedin.com\/feed\/hashtag\/?keywords=metiersdart&amp;highlightedUpdateUrns=urn%3Ali%3Aactivity%3A6914932465706917888\" data-attribute-index=\"18\">#metiersdart<\/a>\u00a0<a href=\"https:\/\/www.linkedin.com\/feed\/hashtag\/?keywords=transmission&amp;highlightedUpdateUrns=urn%3Ali%3Aactivity%3A6914932465706917888\" data-attribute-index=\"19\">#transmission<\/a>\u00a0<a href=\"https:\/\/www.linkedin.com\/feed\/hashtag\/?keywords=partage&amp;highlightedUpdateUrns=urn%3Ali%3Aactivity%3A6914932465706917888\" data-attribute-index=\"20\">#partage<\/a>\u00a0<a href=\"https:\/\/www.linkedin.com\/feed\/hashtag\/?keywords=sensdutravail&amp;highlightedUpdateUrns=urn%3Ali%3Aactivity%3A6914932465706917888\" data-attribute-index=\"21\">#sensdutravail<\/a><\/p>\n<p><a href=\"http:\/\/www.bdm.paris\/\" data-attribute-index=\"22\">www.BdM.paris<\/a>\u00a0&#8211; Creation de pi\u00e8ces d\u2019exception &amp; immersions d\u2019\u00e9quipes \u00ab Au c\u0153ur de la Main \u00bb<\/p>\n<p><a href=\"http:\/\/www.darimathie.fr\/\" data-attribute-index=\"23\">www.darimathie.fr<\/a>\u00a0&#8211; Cr\u00e9ation de mobiliers d\u2019art Sacr\u00e9 &amp; de vitraux[\/vc_column_text][\/vc_column][\/vc_row][vc_row][vc_column][\/vc_column][\/vc_row][vc_row][vc_column][vc_media_grid grid_id=&#8221;vc_gid:1648810566190-0cf20e26-8388-0&#8243; include=&#8221;4291,4296,4290,4289,4292,4295,4293,4294,2960,4297&#8243;][\/vc_column][\/vc_row]<\/p>\n","protected":false},"excerpt":{"rendered":"<p>Ce matin, nous avons eu la joie d\u2019avoir la visite de Mathieu R\u00e9quillart, Directeur G\u00e9n\u00e9ral Banque Populaire Val de France et de Samuel RAYNEAU, Directeur de groupe d\u2019agences Banque Populaire Val de France, avec lesquels nous avons pu \u00e9changer sur nos projets, les probl\u00e9matiques rencontr\u00e9es dans nos m\u00e9tiers d\u2019art, les enjeux de la transmission de nos savoir-faire et bien s\u00fbr sur le sens de notre travail au sein de notre atelier que cela soit lors de la cr\u00e9ation de ces pi\u00e8ces d\u2019exception, des meubles pour l\u2019art Sacr\u00e9 ou lors des immersions de coh\u00e9sion, d\u00e9connexion et reconnexion \u00e0 soi-m\u00eame \u00ab Au c\u0153ur de la Main \u00bb que nous vous proposons de vivre en \u00e9quipe avec votre entreprise. Merci pour nos discussions, pour votre \u00e9coute, pour votre envie de d\u00e9couvrir notre passion, notre m\u00e9tier : l\u2019\u00e9b\u00e9nisterie d\u2019art.<\/p>\n<p>Depuis plus de 7 ans, la Banque Populaire accompagne en effet les Ateliers BdM avec fid\u00e9lit\u00e9. Relation initi\u00e9e par @Christine Nales et Charlotte PAVIS confirm\u00e9e gr\u00e2ce \u00e0 Antoine EGRETEAU et qui se poursuit aujourd hui avec Samuel Raynaud.<\/p>\n<p>Nous avons \u00e9galement eu la chance d\u2019\u00eatre Laur\u00e9at du Grand Prix de l\u2019artisanat Stars &#038; M\u00e9tiers (cat\u00e9gorie Innovation) en 2018 de Banque Populaire puis d\u2019\u00eatre dans le jury de ce prix en 2021.<\/p>\n<p>Organis\u00e9 par les CFCMA &#8211; Centre de formation des Chambres de m\u00e9tiers et de l\u2019artisanat et les Banques Populaires, le prix Stars &#038; M\u00e9tiers est destin\u00e9 \u00e0 promouvoir l\u2019excellence et l\u2019innovation dans l\u2019artisanat \u2728<\/p>\n<p>Merci pour l\u2019accompagnement de nos m\u00e9tiers d\u2019art, du r\u00e9seau de l\u2019artisanat en France et de prendre le temps de venir in situ d\u00e9couvrir nos activit\u00e9s et nos enjeux ces prochaines ann\u00e9es !<\/p>\n<p>#partenariat #banquepopulaire #artisanatfrancais #excellence #madeinfrance #ebenisteriecontemporaine #metiersdart #transmission #partage #sensdutravail<\/p>\n<p>www.BdM.paris &#8211; Creation de pi\u00e8ces d\u2019exception &#038; immersions d\u2019\u00e9quipes \u00ab Au c\u0153ur de la Main \u00bb<br \/>\nwww.darimathie.fr &#8211; Cr\u00e9ation de mobiliers d\u2019art Sacr\u00e9 &#038; de vitraux<\/p>\n","protected":false},"author":3,"featured_media":4288,"comment_status":"closed","ping_status":"closed","sticky":false,"template":"","format":"gallery","meta":{"_jetpack_memberships_contains_paid_content":false,"footnotes":""},"categories":[94],"tags":[],"class_list":["post-4285","post","type-post","status-publish","format-gallery","has-post-thumbnail","hentry","category-dernieres-news-des-evenements-a-venir","post_format-post-format-gallery"],"jetpack_featured_media_url":"https:\/\/www.aucoeurdelamain.fr\/wp-content\/uploads\/2022\/03\/F9CA696B-4365-4AA5-892D-FAE62558B41D.jpg","jetpack_sharing_enabled":true,"_links":{"self":[{"href":"https:\/\/www.aucoeurdelamain.fr\/index.php\/wp-json\/wp\/v2\/posts\/4285","targetHints":{"allow":["GET"]}}],"collection":[{"href":"https:\/\/www.aucoeurdelamain.fr\/index.php\/wp-json\/wp\/v2\/posts"}],"about":[{"href":"https:\/\/www.aucoeurdelamain.fr\/index.php\/wp-json\/wp\/v2\/types\/post"}],"author":[{"embeddable":true,"href":"https:\/\/www.aucoeurdelamain.fr\/index.php\/wp-json\/wp\/v2\/users\/3"}],"replies":[{"embeddable":true,"href":"https:\/\/www.aucoeurdelamain.fr\/index.php\/wp-json\/wp\/v2\/comments?post=4285"}],"version-history":[{"count":0,"href":"https:\/\/www.aucoeurdelamain.fr\/index.php\/wp-json\/wp\/v2\/posts\/4285\/revisions"}],"wp:featuredmedia":[{"embeddable":true,"href":"https:\/\/www.aucoeurdelamain.fr\/index.php\/wp-json\/wp\/v2\/media\/4288"}],"wp:attachment":[{"href":"https:\/\/www.aucoeurdelamain.fr\/index.php\/wp-json\/wp\/v2\/media?parent=4285"}],"wp:term":[{"taxonomy":"category","embeddable":true,"href":"https:\/\/www.aucoeurdelamain.fr\/index.php\/wp-json\/wp\/v2\/categories?post=4285"},{"taxonomy":"post_tag","embeddable":true,"href":"https:\/\/www.aucoeurdelamain.fr\/index.php\/wp-json\/wp\/v2\/tags?post=4285"}],"curies":[{"name":"wp","href":"https:\/\/api.w.org\/{rel}","templated":true}]}}