{"id":4266,"date":"2022-04-01T12:36:02","date_gmt":"2022-04-01T10:36:02","guid":{"rendered":"http:\/\/www.bdm.paris\/?p=4266"},"modified":"2025-05-26T15:13:50","modified_gmt":"2025-05-26T13:13:50","slug":"figaroscope-jema-2022-le-renouveau-de-lebenisterie-dart-23-mars-2022","status":"publish","type":"post","link":"https:\/\/www.aucoeurdelamain.fr\/index.php\/2022\/04\/01\/figaroscope-jema-2022-le-renouveau-de-lebenisterie-dart-23-mars-2022\/","title":{"rendered":"Figaroscope JEMA 2022 &#8220;Le Renouveau de l&#8217;\u00e9b\u00e9nisterie d&#8217;Art&#8221; &#8211; 23 Mars 2022"},"content":{"rendered":"\t\t<div data-elementor-type=\"wp-post\" data-elementor-id=\"4266\" class=\"elementor elementor-4266\">\n\t\t\t\t<div class=\"elementor-element elementor-element-5b7bc2cc e-flex e-con-boxed wpr-particle-no wpr-jarallax-no wpr-parallax-no wpr-sticky-section-no wpr-equal-height-no e-con e-parent\" data-id=\"5b7bc2cc\" data-element_type=\"container\" data-e-type=\"container\">\n\t\t\t\t\t<div class=\"e-con-inner\">\n\t\t\t\t<div class=\"elementor-element elementor-element-1bce120b elementor-widget elementor-widget-text-editor\" data-id=\"1bce120b\" data-element_type=\"widget\" data-e-type=\"widget\" data-widget_type=\"text-editor.default\">\n\t\t\t\t<div class=\"elementor-widget-container\">\n\t\t\t\t\t\t\t\t\t<p>[vc_row][vc_column][vc_column_text css_animation=&#8221;zoomIn&#8221;]Les Ateliers BdM ont h\u00e2te de vous retrouver les 2 et 3 avril 2022 \u00e0 l\u2019occasion des <a href=\"https:\/\/www.linkedin.com\/company\/journ-es-europ-ennes-des-m-tiers-d'art\/\" data-attribute-index=\"0\" data-entity-hovercard-id=\"urn:li:fs_miniCompany:2481155\" data-entity-type=\"MINI_COMPANY\">Journ\u00e9es europ\u00e9ennes des m\u00e9tiers d&#8217;art<\/a>\u00a0et du Patrimoine Vivant ! Merci\u00a0<a href=\"https:\/\/www.linkedin.com\/company\/le-figaro\/\" data-attribute-index=\"2\" data-entity-hovercard-id=\"urn:li:fs_miniCompany:18391\" data-entity-type=\"MINI_COMPANY\">Le Figaro<\/a> Figaroscope pour cette belle pr\u00e9sentation de nos ateliers, la Fondation R\u00e9my Cointreau pour votre soutien de nos m\u00e9tiers d&#8217;art.<\/p><p>Nous vous accueillerons donc encore cette ann\u00e9e avec joie le 1er avril (uniquement sur rdv) et les 2 et 3 avril 2022 (portes ouvertes de 11h \u00e0 13h puis de 14h \u00e0 19h) pour partager avec vous un peu de notre passion lors de la cr\u00e9ation de ces pi\u00e8ces d\u2019exception <a href=\"https:\/\/www.linkedin.com\/feed\/hashtag\/?keywords=ebenisteriedart&amp;highlightedUpdateUrns=urn%3Ali%3Aactivity%3A6913413654285574144\" data-attribute-index=\"4\">#ebenisteriedart<\/a><\/p><p>Retrouvez toutes les informations dans le lien ci-dessous\u00a0<a href=\"https:\/\/lnkd.in\/eYKjKzgK\" data-attribute-index=\"36\">https:\/\/lnkd.in\/eYKjKzgK<\/a><\/p><p>Depuis 2002, les Journ\u00e9es Europ\u00e9ennes des M\u00e9tiers d\u2019Art sont en effet la plus grande manifestation internationale d\u00e9di\u00e9e aux m\u00e9tiers d\u2019art. Pour le printemps europ\u00e9en des m\u00e9tiers d\u2019art, les artisans d\u2019art ouvrent \u00e0 nouveau les portes de leurs ateliers dans toute la France et en Europe. Rendez-vous du 28 mars au 3 avril 2022 pour la 16ieme \u00e9dition sous le signe de Nos Mains \u00e0 l\u2019unisson !<\/p><p>L\u2019<a href=\"https:\/\/www.linkedin.com\/company\/institut-national-des-metiers-d-art-inma-epv\/\" data-attribute-index=\"5\" data-entity-hovercard-id=\"urn:li:fs_miniCompany:42906474\" data-entity-type=\"MINI_COMPANY\">Institut National des M\u00e9tiers d&#8217;Art (INMA)<\/a>a cr\u00e9\u00e9 les Journ\u00e9es des M\u00e9tiers d\u2019art en 2002 pour offrir au grand public un rendez-vous unique avec les artisans d\u2019art pr\u00e9sents autour de chez eux, dont les ateliers sont souvent m\u00e9connus.. Merci et \ud83d\udc4f\ud83d\udc4f pour toute cette coordination.<\/p><p>Devenues Journ\u00e9es Europ\u00e9ennes des M\u00e9tiers d\u2019Art en 2013, l\u2019\u00e9v\u00e9nement est aujourd\u2019hui organis\u00e9 dans 18 pays europ\u00e9ens.<\/p><p>Les Journ\u00e9es Europ\u00e9ennes des M\u00e9tiers d\u2019Art re\u00e7oivent le soutien du\u00a0<a href=\"https:\/\/www.linkedin.com\/company\/ministere-de-la-culture-et-de-la-communication\/\" data-attribute-index=\"7\" data-entity-hovercard-id=\"urn:li:fs_miniCompany:793652\" data-entity-type=\"MINI_COMPANY\">Minist\u00e8re de la Culture<\/a>,\u00a0<a href=\"https:\/\/www.linkedin.com\/company\/mobilier-national\/\" data-attribute-index=\"9\" data-entity-hovercard-id=\"urn:li:fs_miniCompany:68867199\" data-entity-type=\"MINI_COMPANY\">Mobilier national<\/a>\u00a0, de\u00a0<a href=\"https:\/\/www.linkedin.com\/company\/cmafrance\/\" data-attribute-index=\"11\" data-entity-hovercard-id=\"urn:li:fs_miniCompany:11009397\" data-entity-type=\"MINI_COMPANY\">CMA France<\/a>\u00a0ainsi que de son Grand m\u00e9c\u00e8ne, la\u00a0<a href=\"https:\/\/www.linkedin.com\/company\/fondation-bettencourt-schueller\/\" data-attribute-index=\"13\" data-entity-hovercard-id=\"urn:li:fs_miniCompany:17936312\" data-entity-type=\"MINI_COMPANY\">Fondation Bettencourt Schueller<\/a>\u00a0\ud83d\udc4f\ud83d\udc4f<\/p><p><a href=\"https:\/\/www.linkedin.com\/feed\/hashtag\/?keywords=partage&amp;highlightedUpdateUrns=urn%3Ali%3Aactivity%3A6913413654285574144\" data-attribute-index=\"15\">#partage<\/a>\u00a0<a href=\"https:\/\/www.linkedin.com\/feed\/hashtag\/?keywords=passion&amp;highlightedUpdateUrns=urn%3Ali%3Aactivity%3A6913413654285574144\" data-attribute-index=\"16\">#passion<\/a>\u00a0<a href=\"https:\/\/www.linkedin.com\/feed\/hashtag\/?keywords=transmission&amp;highlightedUpdateUrns=urn%3Ali%3Aactivity%3A6913413654285574144\" data-attribute-index=\"17\">#transmission<\/a>\u00a0<a href=\"https:\/\/www.linkedin.com\/feed\/hashtag\/?keywords=jema&amp;highlightedUpdateUrns=urn%3Ali%3Aactivity%3A6913413654285574144\" data-attribute-index=\"18\">#jema<\/a>\u00a0<a href=\"https:\/\/www.linkedin.com\/feed\/hashtag\/?keywords=atelierbdm&amp;highlightedUpdateUrns=urn%3Ali%3Aactivity%3A6913413654285574144\" data-attribute-index=\"19\">#atelierbdm<\/a><br \/><a href=\"https:\/\/www.linkedin.com\/feed\/hashtag\/?keywords=inma&amp;highlightedUpdateUrns=urn%3Ali%3Aactivity%3A6913413654285574144\" data-attribute-index=\"20\">#inma<\/a>\u00a0<a href=\"https:\/\/www.linkedin.com\/feed\/hashtag\/?keywords=epv&amp;highlightedUpdateUrns=urn%3Ali%3Aactivity%3A6913413654285574144\" data-attribute-index=\"21\">#epv<\/a>\u00a0<a href=\"https:\/\/www.linkedin.com\/feed\/hashtag\/?keywords=metiersrares&amp;highlightedUpdateUrns=urn%3Ali%3Aactivity%3A6913413654285574144\" data-attribute-index=\"22\">#metiersrares<\/a>\u00a0<a href=\"https:\/\/www.linkedin.com\/feed\/hashtag\/?keywords=matierebrute&amp;highlightedUpdateUrns=urn%3Ali%3Aactivity%3A6913413654285574144\" data-attribute-index=\"23\">#matierebrute<\/a>\u00a0<a href=\"https:\/\/www.linkedin.com\/feed\/hashtag\/?keywords=madeinfrance&amp;highlightedUpdateUrns=urn%3Ali%3Aactivity%3A6913413654285574144\" data-attribute-index=\"24\">#madeinfrance<\/a>\ud83c\uddeb\ud83c\uddf7\u00a0<a href=\"https:\/\/www.linkedin.com\/feed\/hashtag\/?keywords=frenchsavoirfaire&amp;highlightedUpdateUrns=urn%3Ali%3Aactivity%3A6913413654285574144\" data-attribute-index=\"25\">#frenchsavoirfaire<\/a>\u00a0<a href=\"https:\/\/www.linkedin.com\/feed\/hashtag\/?keywords=artisans&amp;highlightedUpdateUrns=urn%3Ali%3Aactivity%3A6913413654285574144\" data-attribute-index=\"26\">#artisans<\/a>\u00a0<a href=\"https:\/\/www.linkedin.com\/feed\/hashtag\/?keywords=beaugeste&amp;highlightedUpdateUrns=urn%3Ali%3Aactivity%3A6913413654285574144\" data-attribute-index=\"27\">#beaugeste<\/a>\u00a0<a href=\"https:\/\/www.linkedin.com\/feed\/hashtag\/?keywords=craft&amp;highlightedUpdateUrns=urn%3Ali%3Aactivity%3A6913413654285574144\" data-attribute-index=\"28\">#craft<\/a>\u00a0<a href=\"https:\/\/www.linkedin.com\/feed\/hashtag\/?keywords=handmade&amp;highlightedUpdateUrns=urn%3Ali%3Aactivity%3A6913413654285574144\" data-attribute-index=\"29\">#handmade<\/a>\u00a0<a href=\"https:\/\/www.linkedin.com\/feed\/hashtag\/?keywords=fondationbettencourtschueller&amp;highlightedUpdateUrns=urn%3Ali%3Aactivity%3A6913413654285574144\" data-attribute-index=\"30\">#fondationbettencourtschueller<\/a>\u00a0<a href=\"https:\/\/www.linkedin.com\/feed\/hashtag\/?keywords=grandprintempsdesmetiersdart&amp;highlightedUpdateUrns=urn%3Ali%3Aactivity%3A6913413654285574144\" data-attribute-index=\"31\">#grandprintempsdesmetiersdart<\/a>\u00a0<a href=\"https:\/\/www.linkedin.com\/feed\/hashtag\/?keywords=nosmainsalunisson&amp;highlightedUpdateUrns=urn%3Ali%3Aactivity%3A6913413654285574144\" data-attribute-index=\"32\">#nosmainsalunisson<\/a>\u00a0<a href=\"https:\/\/www.linkedin.com\/feed\/hashtag\/?keywords=jema2022&amp;highlightedUpdateUrns=urn%3Ali%3Aactivity%3A6913413654285574144\" data-attribute-index=\"33\">#jema2022<\/a>[\/vc_column_text][\/vc_column][\/vc_row][vc_row][vc_column][\/vc_column][\/vc_row][vc_row][vc_column][vc_media_grid grid_id=&#8221;vc_gid:1648809535759-70073841-0e36-8&#8243; include=&#8221;2960,4276,4279,4272,4277,4273,4270,4271,4274,4275,4278,4280&#8243;][\/vc_column][\/vc_row]<\/p>\t\t\t\t\t\t\t\t<\/div>\n\t\t\t\t<\/div>\n\t\t\t\t\t<\/div>\n\t\t\t\t<\/div>\n\t\t\t\t<\/div>\n\t\t","protected":false},"excerpt":{"rendered":"<p>Les Ateliers BdM ont h\u00e2te de vous retrouver les 2 et 3 avril 2022 \u00e0 l\u2019occasion des Journ\u00e9es europ\u00e9ennes des m\u00e9tiers d&#8217;art\u00a0et du Patrimoine Vivant ! Merci\u00a0Le Figaro Figaroscope pour cette belle pr\u00e9sentation de nos ateliers, la Fondation R\u00e9my Cointreau pour votre soutien de nos m\u00e9tiers d&#8217;art.<\/p>\n<p>Nous vous accueillerons donc encore cette ann\u00e9e avec joie le 1er avril (uniquement sur rdv) et les 2 et 3 avril 2022 (portes ouvertes de 11h \u00e0 13h puis de 14h \u00e0 19h) pour partager avec vous un peu de notre passion lors de la cr\u00e9ation de ces pi\u00e8ces d\u2019exception #ebenisteriedart<\/p>\n<p>Retrouvez toutes les informations dans le lien ci-dessous\u00a0https:\/\/lnkd.in\/eYKjKzgK<\/p>\n<p>Depuis 2002, les Journ\u00e9es Europ\u00e9ennes des M\u00e9tiers d\u2019Art sont en effet la plus grande manifestation internationale d\u00e9di\u00e9e aux m\u00e9tiers d\u2019art. Pour le printemps europ\u00e9en des m\u00e9tiers d\u2019art, les artisans d\u2019art ouvrent \u00e0 nouveau les portes de leurs ateliers dans toute la France et en Europe. Rendez-vous du 28 mars au 3 avril 2022 pour la 16ieme \u00e9dition sous le signe de Nos Mains \u00e0 l\u2019unisson !<\/p>\n<p>L\u2019Institut National des M\u00e9tiers d&#8217;Art (INMA)a cr\u00e9\u00e9 les Journ\u00e9es des M\u00e9tiers d\u2019art en 2002 pour offrir au grand public un rendez-vous unique avec les artisans d\u2019art pr\u00e9sents autour de chez eux, dont les ateliers sont souvent m\u00e9connus.. Merci et \ud83d\udc4f\ud83d\udc4f pour toute cette coordination.<\/p>\n<p>Devenues Journ\u00e9es Europ\u00e9ennes des M\u00e9tiers d\u2019Art en 2013, l\u2019\u00e9v\u00e9nement est aujourd\u2019hui organis\u00e9 dans 18 pays europ\u00e9ens.<\/p>\n<p>Les Journ\u00e9es Europ\u00e9ennes des M\u00e9tiers d\u2019Art re\u00e7oivent le soutien du\u00a0Minist\u00e8re de la Culture,\u00a0Mobilier national\u00a0, de\u00a0CMA France\u00a0ainsi que de son Grand m\u00e9c\u00e8ne, la\u00a0Fondation Bettencourt Schueller\u00a0\ud83d\udc4f\ud83d\udc4f<\/p>\n<p>#partage\u00a0#passion\u00a0#transmission\u00a0#jema\u00a0#atelierbdm<br \/>\n#inma\u00a0#epv\u00a0#metiersrares\u00a0#matierebrute\u00a0#madeinfrance\ud83c\uddeb\ud83c\uddf7\u00a0#frenchsavoirfaire\u00a0#artisans\u00a0#beaugeste\u00a0#craft\u00a0#handmade\u00a0#fondationbettencourtschueller\u00a0#grandprintempsdesmetiersdart\u00a0#nosmainsalunisson\u00a0#jema2022<\/p>\n","protected":false},"author":3,"featured_media":4269,"comment_status":"closed","ping_status":"closed","sticky":false,"template":"","format":"gallery","meta":{"_jetpack_memberships_contains_paid_content":false,"footnotes":""},"categories":[94,95],"tags":[],"class_list":["post-4266","post","type-post","status-publish","format-gallery","has-post-thumbnail","hentry","category-dernieres-news-des-evenements-a-venir","category-presse","post_format-post-format-gallery"],"jetpack_featured_media_url":"https:\/\/www.aucoeurdelamain.fr\/wp-content\/uploads\/2022\/04\/37DE58FE-FFD6-4319-ADA1-19D7B5CF7104.jpg","jetpack_sharing_enabled":true,"_links":{"self":[{"href":"https:\/\/www.aucoeurdelamain.fr\/index.php\/wp-json\/wp\/v2\/posts\/4266","targetHints":{"allow":["GET"]}}],"collection":[{"href":"https:\/\/www.aucoeurdelamain.fr\/index.php\/wp-json\/wp\/v2\/posts"}],"about":[{"href":"https:\/\/www.aucoeurdelamain.fr\/index.php\/wp-json\/wp\/v2\/types\/post"}],"author":[{"embeddable":true,"href":"https:\/\/www.aucoeurdelamain.fr\/index.php\/wp-json\/wp\/v2\/users\/3"}],"replies":[{"embeddable":true,"href":"https:\/\/www.aucoeurdelamain.fr\/index.php\/wp-json\/wp\/v2\/comments?post=4266"}],"version-history":[{"count":3,"href":"https:\/\/www.aucoeurdelamain.fr\/index.php\/wp-json\/wp\/v2\/posts\/4266\/revisions"}],"predecessor-version":[{"id":7048,"href":"https:\/\/www.aucoeurdelamain.fr\/index.php\/wp-json\/wp\/v2\/posts\/4266\/revisions\/7048"}],"wp:featuredmedia":[{"embeddable":true,"href":"https:\/\/www.aucoeurdelamain.fr\/index.php\/wp-json\/wp\/v2\/media\/4269"}],"wp:attachment":[{"href":"https:\/\/www.aucoeurdelamain.fr\/index.php\/wp-json\/wp\/v2\/media?parent=4266"}],"wp:term":[{"taxonomy":"category","embeddable":true,"href":"https:\/\/www.aucoeurdelamain.fr\/index.php\/wp-json\/wp\/v2\/categories?post=4266"},{"taxonomy":"post_tag","embeddable":true,"href":"https:\/\/www.aucoeurdelamain.fr\/index.php\/wp-json\/wp\/v2\/tags?post=4266"}],"curies":[{"name":"wp","href":"https:\/\/api.w.org\/{rel}","templated":true}]}}