{"id":4201,"date":"2022-03-09T14:15:55","date_gmt":"2022-03-09T13:15:55","guid":{"rendered":"http:\/\/www.bdm.paris\/?p=4201"},"modified":"2022-03-09T14:15:55","modified_gmt":"2022-03-09T13:15:55","slug":"exposition-envol-des-ateliers-bdm-au-sein-de-la-galerie-guillaume-mars-2022","status":"publish","type":"post","link":"https:\/\/www.aucoeurdelamain.fr\/index.php\/2022\/03\/09\/exposition-envol-des-ateliers-bdm-au-sein-de-la-galerie-guillaume-mars-2022\/","title":{"rendered":"Exposition &#8220;Envol&#8221; des Ateliers BdM au sein de la Galerie Guillaume &#8211; Mars-Mai 2022"},"content":{"rendered":"<p>[vc_row][vc_column][vc_column_text css_animation=&#8221;zoomIn&#8221;]Fid\u00e8le \u00e0 sa tradition de faire d\u00e9couvrir de nouveaux talents, la Galerie Guillaume a souhait\u00e9 pr\u00e9senter en parall\u00e8le de l&#8217;exposition consacr\u00e9e \u00e0 l&#8217;oeuvre de J\u00e9r\u00e9my Lenoir une s\u00e9lection des cr\u00e9ations en \u00e9b\u00e9nisterie d&#8217;art des Ateliers BdM, fond\u00e9s en 2011 par Bruno de Maistre. Avec son \u00e9quipe, Bruno dessine, fa\u00e7onne, sculpte et cis\u00e8le le bois dont il aime marier les essences et l&#8217;allier \u00e0 d&#8217;autres mat\u00e9riaux tels que verre, m\u00e9tal, pierre ou tissus. Partir de la mati\u00e8re et des contraintes qu&#8217;elle impose, cr\u00e9er et collaborer avec clients, designers, architectes et autres artisans d&#8217;art est son terrain de jeu favori pour imaginer des meubles d&#8217;exception, tels que le bureau Lyrique (entr\u00e9 r\u00e9cemment dans les collections du Mobilier National), les lampes Envol ou les modules Papillon et Hexagone pr\u00e9sent\u00e9s \u00e0 la galerie du 11 f\u00e9vrier au 7 mai 2022.[\/vc_column_text][\/vc_column][\/vc_row][vc_row][vc_column][\/vc_column][\/vc_row][vc_row][vc_column][vc_media_grid grid_id=&#8221;vc_gid:1648810236938-03bfd87c-cf70-3&#8243; include=&#8221;4178,4190,4182,4181,4179,4177,4191,4203,4204,4205,4206,4207,4208,2960,4211&#8243;][\/vc_column][\/vc_row]<\/p>\n","protected":false},"excerpt":{"rendered":"<p>Fid\u00e8le \u00e0 sa tradition de faire d\u00e9couvrir de nouveaux talents, la Galerie Guillaume a souhait\u00e9 pr\u00e9senter en parall\u00e8le de l&#8217;exposition consacr\u00e9e \u00e0 l&#8217;oeuvre de J\u00e9r\u00e9my Lenoir une s\u00e9lection des cr\u00e9ations en \u00e9b\u00e9nisterie d&#8217;art des Ateliers BdM, fond\u00e9s en 2011 par Bruno de Maistre. Avec son \u00e9quipe, Bruno dessine, fa\u00e7onne, sculpte et cis\u00e8le le bois dont il aime marier les essences et l&#8217;allier \u00e0 d&#8217;autres mat\u00e9riaux tels que verre, m\u00e9tal, pierre ou tissus. Partir de la mati\u00e8re et des contraintes qu&#8217;elle impose, cr\u00e9er et collaborer avec clients, designers, architectes et autres artisans d&#8217;art est son terrain de jeu favori pour imaginer des meubles d&#8217;exception, tels que le bureau Lyrique (entr\u00e9 r\u00e9cemment dans les collections du Mobilier National), les lampes Envol ou les modules Papillon et Hexagone pr\u00e9sent\u00e9s \u00e0 la galerie du 11 f\u00e9vrier au 7 mai 2022.<\/p>\n","protected":false},"author":3,"featured_media":4181,"comment_status":"closed","ping_status":"closed","sticky":false,"template":"","format":"gallery","meta":{"_jetpack_memberships_contains_paid_content":false,"footnotes":""},"categories":[94],"tags":[],"class_list":["post-4201","post","type-post","status-publish","format-gallery","has-post-thumbnail","hentry","category-dernieres-news-des-evenements-a-venir","post_format-post-format-gallery"],"jetpack_featured_media_url":"https:\/\/www.aucoeurdelamain.fr\/wp-content\/uploads\/2022\/03\/6B1DDAFD-8018-4468-921B-2E83F43D737B.jpg","jetpack_sharing_enabled":true,"_links":{"self":[{"href":"https:\/\/www.aucoeurdelamain.fr\/index.php\/wp-json\/wp\/v2\/posts\/4201","targetHints":{"allow":["GET"]}}],"collection":[{"href":"https:\/\/www.aucoeurdelamain.fr\/index.php\/wp-json\/wp\/v2\/posts"}],"about":[{"href":"https:\/\/www.aucoeurdelamain.fr\/index.php\/wp-json\/wp\/v2\/types\/post"}],"author":[{"embeddable":true,"href":"https:\/\/www.aucoeurdelamain.fr\/index.php\/wp-json\/wp\/v2\/users\/3"}],"replies":[{"embeddable":true,"href":"https:\/\/www.aucoeurdelamain.fr\/index.php\/wp-json\/wp\/v2\/comments?post=4201"}],"version-history":[{"count":0,"href":"https:\/\/www.aucoeurdelamain.fr\/index.php\/wp-json\/wp\/v2\/posts\/4201\/revisions"}],"wp:featuredmedia":[{"embeddable":true,"href":"https:\/\/www.aucoeurdelamain.fr\/index.php\/wp-json\/wp\/v2\/media\/4181"}],"wp:attachment":[{"href":"https:\/\/www.aucoeurdelamain.fr\/index.php\/wp-json\/wp\/v2\/media?parent=4201"}],"wp:term":[{"taxonomy":"category","embeddable":true,"href":"https:\/\/www.aucoeurdelamain.fr\/index.php\/wp-json\/wp\/v2\/categories?post=4201"},{"taxonomy":"post_tag","embeddable":true,"href":"https:\/\/www.aucoeurdelamain.fr\/index.php\/wp-json\/wp\/v2\/tags?post=4201"}],"curies":[{"name":"wp","href":"https:\/\/api.w.org\/{rel}","templated":true}]}}