{"id":4136,"date":"2022-02-10T15:59:50","date_gmt":"2022-02-10T14:59:50","guid":{"rendered":"http:\/\/www.bdm.paris\/?p=4136"},"modified":"2022-02-10T15:59:50","modified_gmt":"2022-02-10T14:59:50","slug":"ceremonie-entree-du-bureau-lyrique-dans-les-collections-du-mobilier-national-fevrier-2022","status":"publish","type":"post","link":"https:\/\/www.aucoeurdelamain.fr\/index.php\/2022\/02\/10\/ceremonie-entree-du-bureau-lyrique-dans-les-collections-du-mobilier-national-fevrier-2022\/","title":{"rendered":"C\u00e9r\u00e9monie entr\u00e9e du Bureau Lyrique dans les collections du Mobilier National &#8211; F\u00e9vrier 2022"},"content":{"rendered":"<p>[vc_row][vc_column][vc_column_text css_animation=&#8221;zoomIn&#8221;]C\u00e9r\u00e9monie d\u2019entr\u00e9e hier matin de pi\u00e8ces de mobilier de 31 designers dans les collections du Mobilier national.<br \/>\nHonor\u00e9 de voir le bureau lyrique des Ateliers BdM, v\u00eatu de sa robe noire, s\u00e9lectionn\u00e9.<\/p>\n<p>Merci et bravo \u00e0 Lo\u00efc Turpin et \u00e0 toute l\u2019\u00e9quipe pour l\u2019organisation de cette belle journ\u00e9e. Retour sur ces fabuleux moments au milieu de ces merveilles pr\u00e9sentes dans la fameuse R\u00e9serve Perret, entour\u00e9s de quatre si\u00e8cles d\u2019arts d\u00e9coratifs.<\/p>\n<p>Repr\u00e9sentative du savoir-faire exceptionnel des designers fran\u00e7ais et soutien des m\u00e9tiers d\u2019art et de la cr\u00e9ation depuis le XVIIe si\u00e8cle, le Mobilier national a pour mission d\u2019assurer la conservation et la restauration de ses collections uniques au monde, de perp\u00e9tuer et de transmettre des savoir-faire exceptionnels. Haut lieu de patrimoine, l\u2019institution est aussi un acteur majeur de la cr\u00e9ation contemporaine et de la promotion des arts d\u00e9coratifs \u00e0 la fran\u00e7aise.<\/p>\n<p>Merci Herv\u00e9 Lemoine, Pr\u00e9sident du Mobilier National, de nous ouvrir ainsi ce lieu, de soutenir et de valoriser nos m\u00e9tiers d\u2019art \u00abNotre r\u00f4le ici n\u2019est pas de se procurer des pi\u00e8ces aupr\u00e8s de designers ayant pignon sur rue, mais bien de soutenir l\u2019\u00e9mergence de nouveaux talents\u00bb<\/p>\n<p>Cette cr\u00e9ation des Ateliers BdM emprunte l\u2019\u00e9l\u00e9gance du style Louis XV et la fluidit\u00e9 des lignes contemporaines avec ses formes dansantes et vaporeuses, o\u00f9 volutes de bois et robe noire ondulent et s\u2019entrem\u00ealent. Un dialogue de mati\u00e8res qui m\u2019est cher dans ce bureau dont l\u2019harmonie est emprunte de f\u00e9minit\u00e9.<\/p>\n<p>Nous souhaitons bon vent \u00e0 cette pi\u00e8ce qui servira au mieux nous esp\u00e9rons les hauts lieux de la R\u00e9publique en attendant de vous pr\u00e9senter les prochaines \u00e9ditions de cette ligne de bureaux lyriques..<\/p>\n<p>Je remercie chaleureusement le Minist\u00e8re de la Culture , la pr\u00e9sidence de la r\u00e9publique et le Mobilier national pour leur confiance en notre cr\u00e9ativit\u00e9.<br \/>\nMerci \u00e0 tous pour vos mots et le soutien que vous apportez \u00e0 nos m\u00e9tiers d\u2019art<\/p>\n<p>C\u2019est le bois qui dessine son \u0153uvre, nos mains sont simplement l\u00e0 pour le servir et le r\u00e9v\u00e9ler.<br \/>\nwww.BdM.paris, cr\u00e9ation de mobilier d\u2019exception<\/p>\n<p>Minist\u00e8re de la Culture\u00a0 #mobiliercontemporain #modernedepuisdeslustres #ministeredelaculture<\/p>\n<p>#mobiliernational #ateliersbdm #bureaulyrique #furnituredesign #cabinetmaker #\u00e9b\u00e9nisteriecontemporaine #creativity #excellence #harmonie #designer<\/p>\n<p>Ateliers d&#8217;Art de France\u00a0 Michelangelo Foundation\u00a0 Institut National des M\u00e9tiers d&#8217;Art (INMA)<\/p>\n<p>Bien entour\u00e9 avec Laure de Maistre Guillaume Trouv\u00e9 Maxime Castello gr\u00e9goire de lafforest Aymeric Rouillac Julie Limont Beno\u00eet De Malezieux Alexis Dy\u00e8vre[\/vc_column_text][\/vc_column][\/vc_row][vc_row][vc_column][\/vc_column][\/vc_row][vc_row][vc_column][vc_media_grid grid_id=&#8221;vc_gid:1644505498939-84a034ec-81ad-0&#8243; include=&#8221;2960,4131,4123,4124,4126,4127,4128&#8243;][\/vc_column][\/vc_row]<\/p>\n","protected":false},"excerpt":{"rendered":"<p>C\u00e9r\u00e9monie d\u2019entr\u00e9e hier matin de pi\u00e8ces de mobilier de 31 designers dans les collections du Mobilier national.<\/p>\n<p>Honor\u00e9 de voir le bureau lyrique des Ateliers BdM, v\u00eatu de sa robe noire, s\u00e9lectionn\u00e9 \u2728\u2728<\/p>\n<p>Merci et bravo \u00e0 Lo\u00efc Turpin et \u00e0 toute l\u2019\u00e9quipe pour l\u2019organisation de cette belle journ\u00e9e. Retour sur ces fabuleux moments au milieu de ces merveilles pr\u00e9sentes dans la fameuse R\u00e9serve Perret, entour\u00e9s de quatre si\u00e8cles d\u2019arts d\u00e9coratifs.<\/p>\n<p>Repr\u00e9sentative du savoir-faire exceptionnel des designers fran\u00e7ais et soutien des m\u00e9tiers d\u2019art et de la cr\u00e9ation depuis le XVIIe si\u00e8cle, le Mobilier national a pour mission d\u2019assurer la conservation et la restauration de ses collections uniques au monde, de perp\u00e9tuer et de transmettre des savoir-faire exceptionnels. Haut lieu de patrimoine, l\u2019institution est aussi un acteur majeur de la cr\u00e9ation contemporaine et de la promotion des arts d\u00e9coratifs \u00e0 la fran\u00e7aise.<\/p>\n<p>Merci Herv\u00e9 Lemoine, Pr\u00e9sident du Mobilier National, de nous ouvrir ainsi ce lieu, de soutenir et de valoriser nos m\u00e9tiers d\u2019art \u00abNotre r\u00f4le ici n\u2019est pas de se procurer des pi\u00e8ces aupr\u00e8s de designers ayant pignon sur rue, mais bien de soutenir l\u2019\u00e9mergence de nouveaux talents\u00bb<\/p>\n<p>Cette cr\u00e9ation des Ateliers BdM emprunte l\u2019\u00e9l\u00e9gance du style Louis XV et la fluidit\u00e9 des lignes contemporaines avec ses formes dansantes et vaporeuses, o\u00f9 volutes de bois et robe noire ondulent et s\u2019entrem\u00ealent. Un dialogue de mati\u00e8res qui m\u2019est cher dans ce bureau dont l\u2019harmonie est emprunte de f\u00e9minit\u00e9.<\/p>\n<p>Nous souhaitons bon vent \u00e0 cette pi\u00e8ce qui servira au mieux nous esp\u00e9rons les hauts lieux de la R\u00e9publique en attendant de vous pr\u00e9senter les prochaines \u00e9ditions de cette ligne de bureaux lyriques..<\/p>\n<p>Je remercie chaleureusement le Minist\u00e8re de la Culture , la pr\u00e9sidence de la r\u00e9publique et le Mobilier national pour leur confiance en notre cr\u00e9ativit\u00e9.<\/p>\n<p>Merci \u00e0 tous pour vos mots et le soutien que vous apportez \u00e0 nos m\u00e9tiers d\u2019art \u2728<\/p>\n<p>C\u2019est le bois qui dessine son \u0153uvre, nos mains sont simplement l\u00e0 pour le servir et le r\u00e9v\u00e9ler.<\/p>\n<p>www.BdM.paris, cr\u00e9ation de mobilier d\u2019exception<\/p>\n<p>Minist\u00e8re de la Culture  #mobiliercontemporain #modernedepuisdeslustres #ministeredelaculture<\/p>\n<p>#mobiliernational #ateliersbdm #bureaulyrique #furnituredesign #cabinetmaker #\u00e9b\u00e9nisteriecontemporaine #creativity #excellence #harmonie #designer<\/p>\n<p>Ateliers d&#8217;Art de France  Michelangelo Foundation  Institut National des M\u00e9tiers d&#8217;Art (INMA)<\/p>\n<p>Bien entour\u00e9 avec Laure de Maistre Guillaume Trouv\u00e9 Maxime Castello gr\u00e9goire de lafforest Aymeric Rouillac Julie Limont Beno\u00eet De Malezieux<\/p>\n","protected":false},"author":3,"featured_media":4158,"comment_status":"closed","ping_status":"closed","sticky":false,"template":"","format":"gallery","meta":{"_jetpack_memberships_contains_paid_content":false,"footnotes":""},"categories":[94],"tags":[],"class_list":["post-4136","post","type-post","status-publish","format-gallery","has-post-thumbnail","hentry","category-dernieres-news-des-evenements-a-venir","post_format-post-format-gallery"],"jetpack_featured_media_url":"https:\/\/www.aucoeurdelamain.fr\/wp-content\/uploads\/2022\/02\/IMG_8158-scaled-1.jpg","jetpack_sharing_enabled":true,"_links":{"self":[{"href":"https:\/\/www.aucoeurdelamain.fr\/index.php\/wp-json\/wp\/v2\/posts\/4136","targetHints":{"allow":["GET"]}}],"collection":[{"href":"https:\/\/www.aucoeurdelamain.fr\/index.php\/wp-json\/wp\/v2\/posts"}],"about":[{"href":"https:\/\/www.aucoeurdelamain.fr\/index.php\/wp-json\/wp\/v2\/types\/post"}],"author":[{"embeddable":true,"href":"https:\/\/www.aucoeurdelamain.fr\/index.php\/wp-json\/wp\/v2\/users\/3"}],"replies":[{"embeddable":true,"href":"https:\/\/www.aucoeurdelamain.fr\/index.php\/wp-json\/wp\/v2\/comments?post=4136"}],"version-history":[{"count":0,"href":"https:\/\/www.aucoeurdelamain.fr\/index.php\/wp-json\/wp\/v2\/posts\/4136\/revisions"}],"wp:featuredmedia":[{"embeddable":true,"href":"https:\/\/www.aucoeurdelamain.fr\/index.php\/wp-json\/wp\/v2\/media\/4158"}],"wp:attachment":[{"href":"https:\/\/www.aucoeurdelamain.fr\/index.php\/wp-json\/wp\/v2\/media?parent=4136"}],"wp:term":[{"taxonomy":"category","embeddable":true,"href":"https:\/\/www.aucoeurdelamain.fr\/index.php\/wp-json\/wp\/v2\/categories?post=4136"},{"taxonomy":"post_tag","embeddable":true,"href":"https:\/\/www.aucoeurdelamain.fr\/index.php\/wp-json\/wp\/v2\/tags?post=4136"}],"curies":[{"name":"wp","href":"https:\/\/api.w.org\/{rel}","templated":true}]}}