{"id":4120,"date":"2022-02-10T15:41:43","date_gmt":"2022-02-10T14:41:43","guid":{"rendered":"http:\/\/www.bdm.paris\/?p=4120"},"modified":"2025-05-26T15:14:18","modified_gmt":"2025-05-26T13:14:18","slug":"bureau-lyrique-la-piece-dexception-la-plus-sensuelle-au-mobilier-national-fevrier-2022","status":"publish","type":"post","link":"https:\/\/www.aucoeurdelamain.fr\/index.php\/2022\/02\/10\/bureau-lyrique-la-piece-dexception-la-plus-sensuelle-au-mobilier-national-fevrier-2022\/","title":{"rendered":"Bureau Lyrique dans &#8220;Num\u00e9ro Art &#038; Design&#8221; : La pi\u00e8ce d&#8217;exception la plus sensuelle au Mobilier National &#8211; F\u00e9vrier 2022"},"content":{"rendered":"<p>[vc_row][vc_column][vc_column_text css_animation=&#8221;zoomIn&#8221;]<span class=\"\" title=\"Modifi\u00e9\">Merci\u00a0<a class=\"notranslate\" tabindex=\"0\" href=\"https:\/\/www.instagram.com\/numeromagazine\/\">@numeromagazine<\/a>\u00a0<a class=\"notranslate\" tabindex=\"0\" href=\"https:\/\/www.instagram.com\/numeroart\/\">@numeroart<\/a>\u00a0pour votre s\u00e9lection de ces 6 pi\u00e8ces \u00ab\u00a0consacr\u00e9es\u00a0\u00bb par l\u2019Etat Fran\u00e7ais parmi les 51 entr\u00e9es officiellement mardi dernier dans les collections du\u00a0<a class=\"notranslate\" tabindex=\"0\" href=\"https:\/\/www.instagram.com\/mobiliernational\/\">@mobiliernational<\/a><\/span><\/p>\n<p>Le bureau lyrique \u00e9tant \u00e9lue la pi\u00e8ce\u2026la plus sensuelle \u2728 C\u2019\u00e9tait en effet l\u2019id\u00e9e\u2026 tout est dit !<br \/>\nwww.BdM.paris, cr\u00e9ation de mobilier d\u2019exception<\/p>\n<p><a class=\"notranslate\" tabindex=\"0\" href=\"https:\/\/www.instagram.com\/culture_gouv\/\">@culture_gouv<\/a>\u00a0<a class=\" xil3i\" tabindex=\"0\" href=\"https:\/\/www.instagram.com\/explore\/tags\/mobiliercontemporain\/\">#mobiliercontemporain<\/a>\u00a0<a class=\" xil3i\" tabindex=\"0\" href=\"https:\/\/www.instagram.com\/explore\/tags\/modernedepuisdeslustres\/\">#modernedepuisdeslustres<\/a>\u00a0<a class=\" xil3i\" tabindex=\"0\" href=\"https:\/\/www.instagram.com\/explore\/tags\/ministeredelaculture\/\">#ministeredelaculture<\/a><\/p>\n<p><a class=\" xil3i\" tabindex=\"0\" href=\"https:\/\/www.instagram.com\/explore\/tags\/mobiliernational\/\">#mobiliernational<\/a>\u00a0<a class=\" xil3i\" tabindex=\"0\" href=\"https:\/\/www.instagram.com\/explore\/tags\/ateliersbdm\/\">#ateliersbdm<\/a>\u00a0<a class=\" xil3i\" tabindex=\"0\" href=\"https:\/\/www.instagram.com\/explore\/tags\/bureaulyrique\/\">#bureaulyrique<\/a>\u00a0<a class=\" xil3i\" tabindex=\"0\" href=\"https:\/\/www.instagram.com\/explore\/tags\/furnituredesign\/\">#furnituredesign<\/a>\u00a0<a class=\" xil3i\" tabindex=\"0\" href=\"https:\/\/www.instagram.com\/explore\/tags\/cabinetmaker\/\">#cabinetmaker<\/a>\u00a0<a class=\" xil3i\" tabindex=\"0\" href=\"https:\/\/www.instagram.com\/explore\/tags\/%C3%A9b%C3%A9nisteriecontemporaine\/\">#\u00e9b\u00e9nisteriecontemporaine<\/a>\u00a0<a class=\" xil3i\" tabindex=\"0\" href=\"https:\/\/www.instagram.com\/explore\/tags\/creativity\/\">#creativity<\/a>\u00a0<a class=\" xil3i\" tabindex=\"0\" href=\"https:\/\/www.instagram.com\/explore\/tags\/excellence\/\">#excellence<\/a>\u00a0<a class=\" xil3i\" tabindex=\"0\" href=\"https:\/\/www.instagram.com\/explore\/tags\/harmonie\/\">#harmonie<\/a>\u00a0<a class=\" xil3i\" tabindex=\"0\" href=\"https:\/\/www.instagram.com\/explore\/tags\/designer\/\">#designer<\/a><\/p>\n<p><a class=\"notranslate\" tabindex=\"0\" href=\"https:\/\/www.instagram.com\/ateliersdart\/\">@ateliersdart<\/a>\u00a0<a class=\"notranslate\" tabindex=\"0\" href=\"https:\/\/www.instagram.com\/homofaber\/\">@homofaber<\/a>\u00a0<a class=\"notranslate\" tabindex=\"0\" href=\"https:\/\/www.instagram.com\/inmaofficiel\/\">@inmaofficiel<\/a>[\/vc_column_text][\/vc_column][\/vc_row][vc_row][vc_column][\/vc_column][\/vc_row][vc_row][vc_column][vc_media_grid grid_id=&#8221;vc_gid:1644503427447-3a5473d5-f932-6&#8243; include=&#8221;2960,4121,4130,4122,4123,4124,4126,4127,4128,4131&#8243;][\/vc_column][\/vc_row]<\/p>\n","protected":false},"excerpt":{"rendered":"<p>Merci\u00a0@numeromagazine\u00a0@numeroart\u00a0pour votre s\u00e9lection de ces 6 pi\u00e8ces \u00ab\u00a0consacr\u00e9es\u00a0\u00bb par l\u2019Etat Fran\u00e7ais parmi les 51 entr\u00e9es officiellement mardi dernier dans les collections du\u00a0@mobiliernational<\/p>\n<p>Le bureau lyrique \u00e9tant \u00e9lue la pi\u00e8ce\u2026la plus sensuelle \u2728 C\u2019\u00e9tait en effet l\u2019id\u00e9e\u2026 tout est dit !<br \/>\nwww.BdM.paris, cr\u00e9ation de mobilier d\u2019exception<\/p>\n<p>@culture_gouv\u00a0#mobiliercontemporain\u00a0#modernedepuisdeslustres\u00a0#ministeredelaculture<\/p>\n<p>#mobiliernational\u00a0#ateliersbdm\u00a0#bureaulyrique\u00a0#furnituredesign\u00a0#cabinetmaker\u00a0#\u00e9b\u00e9nisteriecontemporaine\u00a0#creativity\u00a0#excellence\u00a0#harmonie\u00a0#designer<\/p>\n<p>@ateliersdart\u00a0@homofaber\u00a0@inmaofficiel<\/p>\n","protected":false},"author":3,"featured_media":4121,"comment_status":"closed","ping_status":"closed","sticky":false,"template":"","format":"gallery","meta":{"_jetpack_memberships_contains_paid_content":false,"footnotes":""},"categories":[94,95],"tags":[],"class_list":["post-4120","post","type-post","status-publish","format-gallery","has-post-thumbnail","hentry","category-dernieres-news-des-evenements-a-venir","category-presse","post_format-post-format-gallery"],"jetpack_featured_media_url":"https:\/\/www.aucoeurdelamain.fr\/wp-content\/uploads\/2022\/02\/C14E2B0D-6416-4334-9693-922D23AF6E62.jpg","jetpack_sharing_enabled":true,"_links":{"self":[{"href":"https:\/\/www.aucoeurdelamain.fr\/index.php\/wp-json\/wp\/v2\/posts\/4120","targetHints":{"allow":["GET"]}}],"collection":[{"href":"https:\/\/www.aucoeurdelamain.fr\/index.php\/wp-json\/wp\/v2\/posts"}],"about":[{"href":"https:\/\/www.aucoeurdelamain.fr\/index.php\/wp-json\/wp\/v2\/types\/post"}],"author":[{"embeddable":true,"href":"https:\/\/www.aucoeurdelamain.fr\/index.php\/wp-json\/wp\/v2\/users\/3"}],"replies":[{"embeddable":true,"href":"https:\/\/www.aucoeurdelamain.fr\/index.php\/wp-json\/wp\/v2\/comments?post=4120"}],"version-history":[{"count":1,"href":"https:\/\/www.aucoeurdelamain.fr\/index.php\/wp-json\/wp\/v2\/posts\/4120\/revisions"}],"predecessor-version":[{"id":8883,"href":"https:\/\/www.aucoeurdelamain.fr\/index.php\/wp-json\/wp\/v2\/posts\/4120\/revisions\/8883"}],"wp:featuredmedia":[{"embeddable":true,"href":"https:\/\/www.aucoeurdelamain.fr\/index.php\/wp-json\/wp\/v2\/media\/4121"}],"wp:attachment":[{"href":"https:\/\/www.aucoeurdelamain.fr\/index.php\/wp-json\/wp\/v2\/media?parent=4120"}],"wp:term":[{"taxonomy":"category","embeddable":true,"href":"https:\/\/www.aucoeurdelamain.fr\/index.php\/wp-json\/wp\/v2\/categories?post=4120"},{"taxonomy":"post_tag","embeddable":true,"href":"https:\/\/www.aucoeurdelamain.fr\/index.php\/wp-json\/wp\/v2\/tags?post=4120"}],"curies":[{"name":"wp","href":"https:\/\/api.w.org\/{rel}","templated":true}]}}