{"id":4065,"date":"2021-11-18T11:12:34","date_gmt":"2021-11-18T10:12:34","guid":{"rendered":"http:\/\/www.bdm.paris\/?p=4065"},"modified":"2025-05-26T15:15:50","modified_gmt":"2025-05-26T13:15:50","slug":"france-3-reportage-vous-etes-formidables-9-novembre-2021","status":"publish","type":"post","link":"https:\/\/www.aucoeurdelamain.fr\/index.php\/2021\/11\/18\/france-3-reportage-vous-etes-formidables-9-novembre-2021\/","title":{"rendered":"France 3, reportage &#8220;Vous \u00eates Formidables&#8221; &#8211; 9 novembre 2021"},"content":{"rendered":"<p>[vc_row][vc_column][vc_column_text css_animation=&#8221;zoomIn&#8221;]Reportage France 3 Ile de France &#8211; Vous \u00eates Formidables &#8211; 9 novembre 2021.<\/p>\n<p>L\u2019occasion de d\u00e9couvrir davantage notre belle ville d\u2019Auffargis \u00e0 deux pas de l\u2019Abbaye des Vaux de Cernay dans la Vall\u00e9e de Chevreuse et 3 m\u00e9tiers d\u2019artisans d\u2019art locaux \ud83d\ude09.<\/p>\n<p><iframe title=\"France3\" width=\"1100\" height=\"619\" src=\"https:\/\/www.youtube.com\/embed\/bZOdm-vq6ro?feature=oembed\" frameborder=\"0\" allow=\"accelerometer; autoplay; clipboard-write; encrypted-media; gyroscope; picture-in-picture; web-share\" referrerpolicy=\"strict-origin-when-cross-origin\" allowfullscreen><\/iframe><\/p>\n<p>Merci de valoriser ainsi cette fili\u00e8re o\u00f9 il faut pers\u00e9v\u00e9rer sans cesse contre vents et mar\u00e9es, essayer, essayer encore, ne pas avoir peur de se lancer et de rater. C\u2019est toujours une joie profonde de r\u00e9aliser in fine ce qui \u00e9tait cr\u00e9\u00e9 sur le papier !<\/p>\n<p>A retrouver sur\u00a0<a class=\"notranslate\" tabindex=\"0\" href=\"https:\/\/www.instagram.com\/france3\/\">@france3<\/a>\u00a0<a class=\"notranslate\" tabindex=\"0\" href=\"https:\/\/www.instagram.com\/france3paris\/\">@france3paris<\/a>\u00a0<a class=\"notranslate\" tabindex=\"0\" href=\"https:\/\/www.instagram.com\/vousetesformidables\/\">@vousetesformidables<\/a>, replay du 9 novembre 2021.<\/p>\n<p>Merci pour ces bons moments aux Ateliers BdM\u00a0<a class=\"notranslate\" tabindex=\"0\" href=\"https:\/\/www.instagram.com\/celia_scemama\/\">@celia_scemama<\/a>\u00a0<a class=\"notranslate\" tabindex=\"0\" href=\"https:\/\/www.instagram.com\/arnaudmabon\/\">@arnaudmabon<\/a>\u00a0<a class=\"notranslate\" tabindex=\"0\" href=\"https:\/\/www.instagram.com\/france3\/\">@france3<\/a>\u00a0<a class=\"notranslate\" tabindex=\"0\" href=\"https:\/\/www.instagram.com\/france3paris\/\">@france3paris<\/a><\/p>\n<p>Partage de ce m\u00e9tier de passion qu\u2019est l\u2019\u00e9b\u00e9nisterie d\u2019art avec l\u2019\u00e9quipe cr\u00e9ative de BdM<br \/>\n<a class=\"notranslate\" tabindex=\"0\" href=\"https:\/\/www.instagram.com\/andyjeanson\/\">@andyjeanson<\/a>\u00a0<a class=\"notranslate\" tabindex=\"0\" href=\"https:\/\/www.instagram.com\/daphneboutique_bdm\/\">@daphneboutique_bdm<\/a><\/p>\n<p>www.BdM.paris, cr\u00e9ation de meubles d\u2019exception, prototypes &amp; immersions \u00ab Au c\u0153ur de la main \u00bb<\/p>\n<p><a class=\" xil3i\" tabindex=\"0\" href=\"https:\/\/www.instagram.com\/explore\/tags\/francetelevisions\/\">#francetelevisions<\/a>\u00a0<a class=\" xil3i\" tabindex=\"0\" href=\"https:\/\/www.instagram.com\/explore\/tags\/france3\/\">#france3<\/a>\u00a0<a class=\" xil3i\" tabindex=\"0\" href=\"https:\/\/www.instagram.com\/explore\/tags\/decouverte\/\">#decouverte<\/a>\u00a0<a class=\" xil3i\" tabindex=\"0\" href=\"https:\/\/www.instagram.com\/explore\/tags\/artisanatdart\/\">#artisanatdart<\/a>\u00a0<a class=\" xil3i\" tabindex=\"0\" href=\"https:\/\/www.instagram.com\/explore\/tags\/valleedechevreuse\/\">#valleedechevreuse<\/a>\u00a0<a class=\" xil3i\" tabindex=\"0\" href=\"https:\/\/www.instagram.com\/explore\/tags\/ateliersbdm\/\">#ateliersbdm<\/a>\u00a0<a class=\" xil3i\" tabindex=\"0\" href=\"https:\/\/www.instagram.com\/explore\/tags\/exception\/\">#exception<\/a>\u00a0<a class=\" xil3i\" tabindex=\"0\" href=\"https:\/\/www.instagram.com\/explore\/tags\/prototype\/\">#prototype<\/a>\u00a0<a class=\" xil3i\" tabindex=\"0\" href=\"https:\/\/www.instagram.com\/explore\/tags\/pieceunique\/\">#pieceunique<\/a>\u00a0<a class=\" xil3i\" tabindex=\"0\" href=\"https:\/\/www.instagram.com\/explore\/tags\/creation\/\">#creation<\/a>\u00a0<a class=\" xil3i\" tabindex=\"0\" href=\"https:\/\/www.instagram.com\/explore\/tags\/ebenisteriedart\/\">#ebenisteriedart<\/a>\u00a0<a class=\" xil3i\" tabindex=\"0\" href=\"https:\/\/www.instagram.com\/explore\/tags\/ebenisterie\/\">#ebenisterie<\/a>\u00a0<a class=\" xil3i\" tabindex=\"0\" href=\"https:\/\/www.instagram.com\/explore\/tags\/atelierdartdefrance\/\">#atelierdartdefrance<\/a>\u00a0<a class=\" xil3i\" tabindex=\"0\" href=\"https:\/\/www.instagram.com\/explore\/tags\/fondationmichelangelo\/\">#fondationmichelangelo<\/a>\u00a0<a class=\" xil3i\" tabindex=\"0\" href=\"https:\/\/www.instagram.com\/explore\/tags\/homofaberguide\/\">#homofaberguide<\/a>\u00a0<a class=\" xil3i\" tabindex=\"0\" href=\"https:\/\/www.instagram.com\/explore\/tags\/masterartisan\/\">#masterartisan<\/a>\u00a0<a class=\" xil3i\" tabindex=\"0\" href=\"https:\/\/www.instagram.com\/explore\/tags\/partage\/\">#partage<\/a>\u00a0<a class=\" xil3i\" tabindex=\"0\" href=\"https:\/\/www.instagram.com\/explore\/tags\/passion\/\">#passion<\/a>\u00a0<a class=\" xil3i\" tabindex=\"0\" href=\"https:\/\/www.instagram.com\/explore\/tags\/metiersdart\/\">#metiersdart<\/a>[\/vc_column_text][\/vc_column][\/vc_row][vc_row][vc_column][\/vc_column][\/vc_row][vc_row][vc_column][vc_media_grid grid_id=&#8221;vc_gid:1637229644497-fd9cccc1-cf3f-7&#8243; include=&#8221;2960,4074,4070,4069,4068,4071,4073,4075,4072,4067,4076&#8243;][\/vc_column][\/vc_row]<\/p>\n","protected":false},"excerpt":{"rendered":"<p>Reportage France 3 Ile de France &#8211; Vous \u00eates Formidables &#8211; 9 novembre 2021.<\/p>\n<p>L\u2019occasion de d\u00e9couvrir davantage notre belle ville d\u2019Auffargis \u00e0 deux pas de l\u2019Abbaye des Vaux de Cernay dans la Vall\u00e9e de Chevreuse et 3 m\u00e9tiers d\u2019artisans d\u2019art locaux \ud83d\ude09.\u00a0<br \/>\nhttps:\/\/youtu.be\/bZOdm-vq6ro<\/p>\n<p>Merci de valoriser ainsi cette fili\u00e8re o\u00f9 il faut pers\u00e9v\u00e9rer sans cesse contre vents et mar\u00e9es, essayer, essayer encore, ne pas avoir peur de se lancer et de rater. C\u2019est toujours une joie profonde de r\u00e9aliser in fine ce qui \u00e9tait cr\u00e9\u00e9 sur le papier ! A retrouver sur\u00a0@france3\u00a0@france3paris\u00a0@vousetesformidables, replay du 9 novembre 2021.<br \/>\nMerci pour ces bons moments aux Ateliers BdM\u00a0@celia_scemama\u00a0@arnaudmabon\u00a0@france3\u00a0@france3paris<\/p>\n<p>Partage de ce m\u00e9tier de passion qu\u2019est l\u2019\u00e9b\u00e9nisterie d\u2019art avec l\u2019\u00e9quipe cr\u00e9ative de BdM<\/p>\n<p>www.BdM.paris, cr\u00e9ation de meubles d\u2019exception, prototypes &#038; immersions \u00ab Au c\u0153ur de la main \u00bb<\/p>\n","protected":false},"author":3,"featured_media":4074,"comment_status":"closed","ping_status":"closed","sticky":false,"template":"","format":"gallery","meta":{"_jetpack_memberships_contains_paid_content":false,"footnotes":""},"categories":[94,95],"tags":[],"class_list":["post-4065","post","type-post","status-publish","format-gallery","has-post-thumbnail","hentry","category-dernieres-news-des-evenements-a-venir","category-presse","post_format-post-format-gallery"],"jetpack_featured_media_url":"https:\/\/www.aucoeurdelamain.fr\/wp-content\/uploads\/2021\/11\/IMG_4602.jpg","jetpack_sharing_enabled":true,"_links":{"self":[{"href":"https:\/\/www.aucoeurdelamain.fr\/index.php\/wp-json\/wp\/v2\/posts\/4065","targetHints":{"allow":["GET"]}}],"collection":[{"href":"https:\/\/www.aucoeurdelamain.fr\/index.php\/wp-json\/wp\/v2\/posts"}],"about":[{"href":"https:\/\/www.aucoeurdelamain.fr\/index.php\/wp-json\/wp\/v2\/types\/post"}],"author":[{"embeddable":true,"href":"https:\/\/www.aucoeurdelamain.fr\/index.php\/wp-json\/wp\/v2\/users\/3"}],"replies":[{"embeddable":true,"href":"https:\/\/www.aucoeurdelamain.fr\/index.php\/wp-json\/wp\/v2\/comments?post=4065"}],"version-history":[{"count":1,"href":"https:\/\/www.aucoeurdelamain.fr\/index.php\/wp-json\/wp\/v2\/posts\/4065\/revisions"}],"predecessor-version":[{"id":8884,"href":"https:\/\/www.aucoeurdelamain.fr\/index.php\/wp-json\/wp\/v2\/posts\/4065\/revisions\/8884"}],"wp:featuredmedia":[{"embeddable":true,"href":"https:\/\/www.aucoeurdelamain.fr\/index.php\/wp-json\/wp\/v2\/media\/4074"}],"wp:attachment":[{"href":"https:\/\/www.aucoeurdelamain.fr\/index.php\/wp-json\/wp\/v2\/media?parent=4065"}],"wp:term":[{"taxonomy":"category","embeddable":true,"href":"https:\/\/www.aucoeurdelamain.fr\/index.php\/wp-json\/wp\/v2\/categories?post=4065"},{"taxonomy":"post_tag","embeddable":true,"href":"https:\/\/www.aucoeurdelamain.fr\/index.php\/wp-json\/wp\/v2\/tags?post=4065"}],"curies":[{"name":"wp","href":"https:\/\/api.w.org\/{rel}","templated":true}]}}