{"id":3986,"date":"2021-10-19T16:57:06","date_gmt":"2021-10-19T14:57:06","guid":{"rendered":"http:\/\/www.bdm.paris\/?p=3986"},"modified":"2021-10-19T16:57:06","modified_gmt":"2021-10-19T14:57:06","slug":"le-bureau-lyrique-des-ateliers-bdm-rejoint-les-collections-permanentes-du-mobilier-national-octobre-2021","status":"publish","type":"post","link":"https:\/\/www.aucoeurdelamain.fr\/index.php\/2021\/10\/19\/le-bureau-lyrique-des-ateliers-bdm-rejoint-les-collections-permanentes-du-mobilier-national-octobre-2021\/","title":{"rendered":"Le bureau Lyrique des Ateliers BdM rejoint les collections permanentes du Mobilier National &#8211; octobre 2021"},"content":{"rendered":"<p>[vc_row][vc_column][vc_column_text css_animation=&#8221;zoomIn&#8221;]Le bureau lyrique v\u00eatu de sa robe noire entre officiellement dans les collections permanentes du Mobilier national. Repr\u00e9sentatif du savoir-faire exceptionnel des designers fran\u00e7ais et soutien des m\u00e9tiers d\u2019art et de la cr\u00e9ation depuis le XVIIe si\u00e8cle, le Mobilier national a pour mission d\u2019assurer la conservation et la restauration de ses collections uniques au monde, de perp\u00e9tuer et de transmettre des savoir-faire uniques. Haut lieu de patrimoine, l\u2019institution est aussi un acteur majeur de la cr\u00e9ation contemporaine et de la promotion des arts d\u00e9coratifs \u00e0 la fran\u00e7aise.<\/p>\n<p>Tr\u00e8s heureux que cette cr\u00e9ation des Ateliers BdM qui emprunte l\u2019\u00e9l\u00e9gance du style Louis XV et la fluidit\u00e9 des lignes contemporaines avec ses formes dansantes et vaporeuses, o\u00f9 volutes de bois et robe noire ondulent et s\u2019entrem\u00ealent, viennent meubler ces lieux embl\u00e9matiques de la R\u00e9publique. Un dialogue de mati\u00e8res qui m\u2019est cher avec ce bureau dont l\u2019harmonie est emprunte de f\u00e9minit\u00e9.<\/p>\n<p>Une belle reconnaissance apr\u00e8s 10 ans de travail, de recherches et de cr\u00e9ation. Ce sont des rencontres passionnantes avec vous tous et la confiance de nos clients qui ont permis aux Ateliers BdM de devenir cette belle entreprise. Mais c\u2019est \u00e9galement gr\u00e2ce \u00e0 nos \u00e9quipes et \u00e0 Laure de Maistre mon \u00e9quipi\u00e8re dans la vie et chez BdM, que j\u2019ai pu d\u00e9ployer toute cette \u00e9nergie, garder cette libert\u00e9 de cr\u00e9er dans ces pi\u00e8ces d\u2019exception. Merci..<\/p>\n<p>Merci pour nos collaborations sur ces projets o\u00f9 l\u2019audace, l\u2019harmonie et l\u2019excellence restent au c\u0153ur de nos arts nous donnant \u00e0 chaque fois l\u2019occasion de nous d\u00e9passer.<\/p>\n<p>Merci au minist\u00e8re de la culture, \u00e0 la pr\u00e9sidence de la r\u00e9publique et au mobilier national pour cette acquisition et la confiance t\u00e9moign\u00e9e en notre cr\u00e9ativit\u00e9.<\/p>\n<p>Il reste encore tant de pages \u00e0 \u00e9crire, tant de courbes \u00e0 dessiner et de meubles \u00e0 cr\u00e9er avec vous tous !<br \/>\nC\u2019est le bois qui dessine son \u0153uvre, nos mains sont simplement l\u00e0 pour le servir et le r\u00e9v\u00e9ler.<\/p>\n<p><a href=\"http:\/\/www.bdm.paris\/\" data-attribute-index=\"29\">www.BdM.paris<\/a><\/p>\n<p><a href=\"http:\/\/www.mobiliernational.culture.gouv.fr\/fr\/actualites\/appel-a-candidatures-campagne-dacquisition-2021\">Appel \u00e0 candidatures &#8211; campagne d&#8217;acquisition 2021 | Mobilier National (culture.gouv.fr)<\/a><\/p>\n<p>@Lacen <a href=\"https:\/\/www.linkedin.com\/feed\/hashtag\/?keywords=campagneacquisition&amp;highlightedUpdateUrns=urn%3Ali%3Aactivity%3A6851564284997115904\" data-attribute-index=\"6\">#campagneacquisition<\/a>\u00a0<a href=\"https:\/\/www.linkedin.com\/feed\/hashtag\/?keywords=mobiliercontemporain&amp;highlightedUpdateUrns=urn%3Ali%3Aactivity%3A6851564284997115904\" data-attribute-index=\"7\">#mobiliercontemporain<\/a>\u00a0<a href=\"https:\/\/www.linkedin.com\/feed\/hashtag\/?keywords=modernedepuisdeslustres&amp;highlightedUpdateUrns=urn%3Ali%3Aactivity%3A6851564284997115904\" data-attribute-index=\"8\">#modernedepuisdeslustres<\/a>\u00a0<a href=\"https:\/\/www.linkedin.com\/feed\/hashtag\/?keywords=ministeredelaculture&amp;highlightedUpdateUrns=urn%3Ali%3Aactivity%3A6851564284997115904\" data-attribute-index=\"9\">#ministeredelaculture<\/a>\u00a0<a href=\"https:\/\/www.linkedin.com\/feed\/hashtag\/?keywords=francerelance&amp;highlightedUpdateUrns=urn%3Ali%3Aactivity%3A6851564284997115904\" data-attribute-index=\"10\">#FranceRelance<\/a><\/p>\n<p><a href=\"https:\/\/www.linkedin.com\/feed\/hashtag\/?keywords=mobiliernational&amp;highlightedUpdateUrns=urn%3Ali%3Aactivity%3A6851564284997115904\" data-attribute-index=\"11\">#mobiliernational<\/a>\u00a0<a href=\"https:\/\/www.linkedin.com\/feed\/hashtag\/?keywords=ateliersbdm&amp;highlightedUpdateUrns=urn%3Ali%3Aactivity%3A6851564284997115904\" data-attribute-index=\"12\">#ateliersbdm<\/a>\u00a0<a href=\"https:\/\/www.linkedin.com\/feed\/hashtag\/?keywords=bureaulyrique&amp;highlightedUpdateUrns=urn%3Ali%3Aactivity%3A6851564284997115904\" data-attribute-index=\"13\">#bureaulyrique<\/a>\u00a0<a href=\"https:\/\/www.linkedin.com\/feed\/hashtag\/?keywords=furnituredesign&amp;highlightedUpdateUrns=urn%3Ali%3Aactivity%3A6851564284997115904\" data-attribute-index=\"14\">#furnituredesign<\/a>\u00a0<a href=\"https:\/\/www.linkedin.com\/feed\/hashtag\/?keywords=cabinetmaker&amp;highlightedUpdateUrns=urn%3Ali%3Aactivity%3A6851564284997115904\" data-attribute-index=\"15\">#cabinetmaker<\/a>\u00a0<a href=\"https:\/\/www.linkedin.com\/feed\/hashtag\/?keywords=%C3%A9b%C3%A9nisteriecontemporaine&amp;highlightedUpdateUrns=urn%3Ali%3Aactivity%3A6851564284997115904\" data-attribute-index=\"16\">#\u00e9b\u00e9nisteriecontemporaine<\/a>\u00a0<a href=\"https:\/\/www.linkedin.com\/feed\/hashtag\/?keywords=creativity&amp;highlightedUpdateUrns=urn%3Ali%3Aactivity%3A6851564284997115904\" data-attribute-index=\"17\">#creativity<\/a>\u00a0<a href=\"https:\/\/www.linkedin.com\/feed\/hashtag\/?keywords=excellence&amp;highlightedUpdateUrns=urn%3Ali%3Aactivity%3A6851564284997115904\" data-attribute-index=\"18\">#excellence<\/a>\u00a0<a href=\"https:\/\/www.linkedin.com\/feed\/hashtag\/?keywords=harmonie&amp;highlightedUpdateUrns=urn%3Ali%3Aactivity%3A6851564284997115904\" data-attribute-index=\"19\">#harmonie<\/a>\u00a0<a href=\"https:\/\/www.linkedin.com\/feed\/hashtag\/?keywords=designer&amp;highlightedUpdateUrns=urn%3Ali%3Aactivity%3A6851564284997115904\" data-attribute-index=\"20\">#designer<\/a>\u00a0<a href=\"https:\/\/www.linkedin.com\/company\/rambouillet-territoires\/\" data-attribute-index=\"21\" data-entity-hovercard-id=\"urn:li:fs_miniCompany:6855501\" data-entity-type=\"MINI_COMPANY\">Rambouillet Territoires<\/a>\u00a0<a href=\"https:\/\/www.linkedin.com\/company\/ateliers-d'art-de-france\/\" data-attribute-index=\"23\" data-entity-hovercard-id=\"urn:li:fs_miniCompany:10280346\" data-entity-type=\"MINI_COMPANY\">Ateliers d&#8217;Art de France<\/a>\u00a0<a href=\"https:\/\/www.linkedin.com\/company\/michelangelofoundation\/\" data-attribute-index=\"25\" data-entity-hovercard-id=\"urn:li:fs_miniCompany:11207718\" data-entity-type=\"MINI_COMPANY\">Michelangelo Foundation for Creativity and Craftsmanship<\/a>\u00a0<a href=\"https:\/\/www.linkedin.com\/company\/institut-national-des-metiers-d-art-inma-epv\/\" data-attribute-index=\"27\" data-entity-hovercard-id=\"urn:li:fs_miniCompany:42906474\" data-entity-type=\"MINI_COMPANY\">Institut National des M\u00e9tiers d&#8217;Art (INMA)<\/a>[\/vc_column_text][\/vc_column][\/vc_row][vc_row][vc_column][\/vc_column][\/vc_row][vc_row][vc_column][vc_media_grid grid_id=&#8221;vc_gid:1634655718424-af1ff91f-c156-10&#8243; include=&#8221;3989,3991,3992,3990,3987,3629,3988,3627,3622,2960&#8243;][\/vc_column][\/vc_row]<\/p>\n","protected":false},"excerpt":{"rendered":"<p>Le bureau lyrique v\u00eatu de sa robe noire entre officiellement dans les collections permanentes du Mobilier national. Repr\u00e9sentatif du savoir-faire exceptionnel des designers fran\u00e7ais et soutien des m\u00e9tiers d\u2019art et de la cr\u00e9ation depuis le XVIIe si\u00e8cle, le Mobilier national a pour mission d\u2019assurer la conservation et la restauration de ses collections uniques au monde, de perp\u00e9tuer et de transmettre des savoir-faire uniques. Haut lieu de patrimoine, l\u2019institution est aussi un acteur majeur de la cr\u00e9ation contemporaine et de la promotion des arts d\u00e9coratifs \u00e0 la fran\u00e7aise.<\/p>\n<p>Tr\u00e8s heureux que cette cr\u00e9ation des Ateliers BdM qui emprunte l\u2019\u00e9l\u00e9gance du style Louis XV et la fluidit\u00e9 des lignes contemporaines avec ses formes dansantes et vaporeuses, o\u00f9 volutes de bois et robe noire ondulent et s\u2019entrem\u00ealent, viennent meubler ces lieux embl\u00e9matiques de la R\u00e9publique. Un dialogue de mati\u00e8res qui m\u2019est cher avec ce bureau dont l\u2019harmonie est emprunte de f\u00e9minit\u00e9.<\/p>\n<p>Une belle reconnaissance apr\u00e8s 10 ans de travail, de recherches et de cr\u00e9ation. Ce sont des rencontres passionnantes avec vous tous et la confiance de nos clients qui ont permis aux Ateliers BdM de devenir cette belle entreprise. Mais c\u2019est \u00e9galement gr\u00e2ce \u00e0 nos \u00e9quipes et \u00e0 Laure de Maistre mon \u00e9quipi\u00e8re dans la vie et chez BdM, que j\u2019ai pu d\u00e9ployer toute cette \u00e9nergie, garder cette libert\u00e9 de cr\u00e9er dans ces pi\u00e8ces d\u2019exception. Merci..<\/p>\n<p>Merci pour nos collaborations sur ces projets o\u00f9 l\u2019audace, l\u2019harmonie et l\u2019excellence restent au c\u0153ur de nos arts nous donnant \u00e0 chaque fois l\u2019occasion de nous d\u00e9passer.<\/p>\n<p>Merci au minist\u00e8re de la culture, \u00e0 la pr\u00e9sidence de la r\u00e9publique et au mobilier national pour cette acquisition et la confiance t\u00e9moign\u00e9e en notre cr\u00e9ativit\u00e9.<\/p>\n<p>Il reste encore tant de pages \u00e0 \u00e9crire, tant de courbes \u00e0 dessiner et de meubles \u00e0 cr\u00e9er avec vous tous !<br \/>\nC\u2019est le bois qui dessine son \u0153uvre, nos mains sont simplement l\u00e0 pour le servir et le r\u00e9v\u00e9ler.<\/p>\n<p>www.BdM.paris<\/p>\n<p>@Lacen #campagneacquisition\u00a0#mobiliercontemporain\u00a0#modernedepuisdeslustres\u00a0#ministeredelaculture\u00a0#FranceRelance<\/p>\n<p>#mobiliernational\u00a0#ateliersbdm\u00a0#bureaulyrique\u00a0#furnituredesign\u00a0#cabinetmaker\u00a0#\u00e9b\u00e9nisteriecontemporaine\u00a0#creativity\u00a0#excellence\u00a0#harmonie\u00a0#designer\u00a0Rambouillet Territoires\u00a0Ateliers d&#8217;Art de France\u00a0Michelangelo Foundation for Creativity and Craftsmanship\u00a0Institut National des M\u00e9tiers d&#8217;Art (INMA)<\/p>\n","protected":false},"author":3,"featured_media":3989,"comment_status":"closed","ping_status":"closed","sticky":false,"template":"","format":"gallery","meta":{"_jetpack_memberships_contains_paid_content":false,"footnotes":""},"categories":[94],"tags":[],"class_list":["post-3986","post","type-post","status-publish","format-gallery","has-post-thumbnail","hentry","category-dernieres-news-des-evenements-a-venir","post_format-post-format-gallery"],"jetpack_featured_media_url":"https:\/\/www.aucoeurdelamain.fr\/wp-content\/uploads\/2021\/10\/IMG_3089.jpg","jetpack_sharing_enabled":true,"_links":{"self":[{"href":"https:\/\/www.aucoeurdelamain.fr\/index.php\/wp-json\/wp\/v2\/posts\/3986","targetHints":{"allow":["GET"]}}],"collection":[{"href":"https:\/\/www.aucoeurdelamain.fr\/index.php\/wp-json\/wp\/v2\/posts"}],"about":[{"href":"https:\/\/www.aucoeurdelamain.fr\/index.php\/wp-json\/wp\/v2\/types\/post"}],"author":[{"embeddable":true,"href":"https:\/\/www.aucoeurdelamain.fr\/index.php\/wp-json\/wp\/v2\/users\/3"}],"replies":[{"embeddable":true,"href":"https:\/\/www.aucoeurdelamain.fr\/index.php\/wp-json\/wp\/v2\/comments?post=3986"}],"version-history":[{"count":0,"href":"https:\/\/www.aucoeurdelamain.fr\/index.php\/wp-json\/wp\/v2\/posts\/3986\/revisions"}],"wp:featuredmedia":[{"embeddable":true,"href":"https:\/\/www.aucoeurdelamain.fr\/index.php\/wp-json\/wp\/v2\/media\/3989"}],"wp:attachment":[{"href":"https:\/\/www.aucoeurdelamain.fr\/index.php\/wp-json\/wp\/v2\/media?parent=3986"}],"wp:term":[{"taxonomy":"category","embeddable":true,"href":"https:\/\/www.aucoeurdelamain.fr\/index.php\/wp-json\/wp\/v2\/categories?post=3986"},{"taxonomy":"post_tag","embeddable":true,"href":"https:\/\/www.aucoeurdelamain.fr\/index.php\/wp-json\/wp\/v2\/tags?post=3986"}],"curies":[{"name":"wp","href":"https:\/\/api.w.org\/{rel}","templated":true}]}}