{"id":3900,"date":"2021-09-06T21:16:53","date_gmt":"2021-09-06T19:16:53","guid":{"rendered":"http:\/\/www.bdm.paris\/?p=3900"},"modified":"2021-09-06T21:16:53","modified_gmt":"2021-09-06T19:16:53","slug":"gerard-larcher-sophie-primas-toine-bourrat-anne-cabrit-thomas-gourlan-daniel-bonte-aux-ateliers-bdm-6-sept-2021","status":"publish","type":"post","link":"https:\/\/www.aucoeurdelamain.fr\/index.php\/2021\/09\/06\/gerard-larcher-sophie-primas-toine-bourrat-anne-cabrit-thomas-gourlan-daniel-bonte-aux-ateliers-bdm-6-sept-2021\/","title":{"rendered":"G\u00e9rard Larcher, Sophie Primas, Toine Bourrat, Anne Cabrit, Thomas Gourlan, Daniel Bonte aux Ateliers BdM, 6 sept 2021"},"content":{"rendered":"<p>[vc_row][vc_column][vc_column_text css_animation=&#8221;zoomIn&#8221;]Une belle semaine qui d\u00e9marre avec la venue de @glarchersenat @sophieprimas @toineBourrat @anne.cabrit @thomasgourlan @DanielBonte ce matin aux Ateliers BdM.<\/p>\n<p>Merci pour vos encouragements, votre int\u00e9r\u00eat et votre soutien qui nous touchent ! Tr\u00e8s heureux de tous vous accueillir et de partager notre m\u00e9tier d\u2019\u00e9b\u00e9nisterie d\u2019art, notre passion, nos cr\u00e9ations, nos pi\u00e8ces d\u2019exception #bureaulyrique<\/p>\n<p>Merci pour nos \u00e9changes, ce temps pass\u00e9 ensemble, de promouvoir ainsi nos m\u00e9tiers d\u2019art, la fili\u00e8re fran\u00e7aise de l\u2019artisanat d\u2019art, le #madeinfrance<\/p>\n<p>Belle semaine \u00e0 tous, en avant pour d\u2019autres cr\u00e9ations !<br \/>\nwww.BdM.paris, cr\u00e9ation de meubles d\u2019exception<\/p>\n<p>#ebenisteriedart #finefurnituremaker #cabinetmaker #woodworking #craft #atelierdart #metiersdart #wooddesign #valleedechevreuse #decorationinterieur #\u00e9b\u00e9nisteriecontemporaine #handmade #pieceunique #passion #essencesdebois #atelierdartdefrance #masterartisan #fondationmichaelangelo<\/p>\n<p>#furnituredesign #surmesure #luminaire #envol #bureau #bureaudesign #lampedesign #ligne #meubles #atelierbdm[\/vc_column_text][\/vc_column][\/vc_row][vc_row][vc_column][\/vc_column][\/vc_row][vc_row][vc_column][vc_media_grid grid_id=&#8221;vc_gid:1631978912189-c3d284b3-4f2c-1&#8243; include=&#8221;3941,3902,3903,3904,3905,3906,3907,3908,3909,3910,3911,3912&#8243;][\/vc_column][\/vc_row]<\/p>\n","protected":false},"excerpt":{"rendered":"<p>Une belle semaine qui d\u00e9marre avec la venue de @glarchersenat @sophieprimas @toineBourrat @anne.cabrit @thomasgourlan @DanielBonte ce matin aux Ateliers BdM.<\/p>\n<p>Merci pour vos encouragements, votre int\u00e9r\u00eat et votre soutien qui nous touchent ! Tr\u00e8s heureux de tous vous accueillir et de partager notre m\u00e9tier d\u2019\u00e9b\u00e9nisterie d\u2019art, notre passion, nos cr\u00e9ations, nos pi\u00e8ces d\u2019exception #bureaulyrique<\/p>\n<p>Merci pour nos \u00e9changes, ce temps pass\u00e9 ensemble, de promouvoir ainsi nos m\u00e9tiers d\u2019art, la fili\u00e8re fran\u00e7aise de l\u2019artisanat d\u2019art, le #madeinfrance<\/p>\n<p>Belle semaine \u00e0 tous, en avant pour d\u2019autres cr\u00e9ations !<br \/>\nwww.BdM.paris, cr\u00e9ation de meubles d\u2019exception<\/p>\n<p>#ebenisteriedart #finefurnituremaker #cabinetmaker #woodworking #craft #atelierdart #metiersdart #wooddesign #valleedechevreuse #decorationinterieur #\u00e9b\u00e9nisteriecontemporaine #handmade #pieceunique #passion #essencesdebois #atelierdartdefrance #masterartisan #fondationmichaelangelo<\/p>\n<p>#furnituredesign #surmesure #luminaire #envol #bureau #bureaudesign #lampedesign #ligne #meubles #atelierbdm<\/p>\n","protected":false},"author":3,"featured_media":3901,"comment_status":"closed","ping_status":"closed","sticky":false,"template":"","format":"gallery","meta":{"_jetpack_memberships_contains_paid_content":false,"footnotes":""},"categories":[94],"tags":[],"class_list":["post-3900","post","type-post","status-publish","format-gallery","has-post-thumbnail","hentry","category-dernieres-news-des-evenements-a-venir","post_format-post-format-gallery"],"jetpack_featured_media_url":"https:\/\/www.aucoeurdelamain.fr\/wp-content\/uploads\/2021\/09\/1e2680ce-ae4e-4c08-a100-7198e32aa021.jpg","jetpack_sharing_enabled":true,"_links":{"self":[{"href":"https:\/\/www.aucoeurdelamain.fr\/index.php\/wp-json\/wp\/v2\/posts\/3900","targetHints":{"allow":["GET"]}}],"collection":[{"href":"https:\/\/www.aucoeurdelamain.fr\/index.php\/wp-json\/wp\/v2\/posts"}],"about":[{"href":"https:\/\/www.aucoeurdelamain.fr\/index.php\/wp-json\/wp\/v2\/types\/post"}],"author":[{"embeddable":true,"href":"https:\/\/www.aucoeurdelamain.fr\/index.php\/wp-json\/wp\/v2\/users\/3"}],"replies":[{"embeddable":true,"href":"https:\/\/www.aucoeurdelamain.fr\/index.php\/wp-json\/wp\/v2\/comments?post=3900"}],"version-history":[{"count":0,"href":"https:\/\/www.aucoeurdelamain.fr\/index.php\/wp-json\/wp\/v2\/posts\/3900\/revisions"}],"wp:featuredmedia":[{"embeddable":true,"href":"https:\/\/www.aucoeurdelamain.fr\/index.php\/wp-json\/wp\/v2\/media\/3901"}],"wp:attachment":[{"href":"https:\/\/www.aucoeurdelamain.fr\/index.php\/wp-json\/wp\/v2\/media?parent=3900"}],"wp:term":[{"taxonomy":"category","embeddable":true,"href":"https:\/\/www.aucoeurdelamain.fr\/index.php\/wp-json\/wp\/v2\/categories?post=3900"},{"taxonomy":"post_tag","embeddable":true,"href":"https:\/\/www.aucoeurdelamain.fr\/index.php\/wp-json\/wp\/v2\/tags?post=3900"}],"curies":[{"name":"wp","href":"https:\/\/api.w.org\/{rel}","templated":true}]}}