{"id":3723,"date":"2021-04-02T22:22:15","date_gmt":"2021-04-02T20:22:15","guid":{"rendered":"http:\/\/www.bdm.paris\/?p=3723"},"modified":"2021-04-02T22:22:15","modified_gmt":"2021-04-02T20:22:15","slug":"le-grand-atelier-2021","status":"publish","type":"post","link":"https:\/\/www.aucoeurdelamain.fr\/index.php\/2021\/04\/02\/le-grand-atelier-2021\/","title":{"rendered":"&#8220;Le Grand Atelier 2021&#8221;, s\u00e9minaire de cr\u00e9ations collectives du 20 au 26 juin 2021"},"content":{"rendered":"<p>[vc_row][vc_column][vc_column_text css_animation=&#8221;zoomIn&#8221;]<\/p>\n<div class=\"\" dir=\"auto\">\n<div id=\"jsc_c_6h\" class=\"ecm0bbzt hv4rvrfc ihqw7lf3 dati1w0a\" data-ad-comet-preview=\"message\" data-ad-preview=\"message\">\n<div class=\"j83agx80 cbu4d94t ew0dbk1b irj2b8pg\">\n<div class=\"qzhwtbm6 knvmm38d\">\n<div class=\"kvgmc6g5 cxmmr5t8 oygrvhab hcukyx3x c1et5uql ii04i59q\">\n<div dir=\"auto\">\n<p>Tr\u00e8s heureux d\u2019avoir \u00e9t\u00e9 s\u00e9lectionn\u00e9 pour vivre cette exp\u00e9rience de cr\u00e9ations collectives d\u2019objets uniques et de rejoindre la quarantaine d\u2019artisans d\u2019art pr\u00e9sents au Grand Atelier 2021 qui seront r\u00e9unis pendant une semaine en juin prochain. Moments qui enrichiront s\u00fbrement les Ateliers BdM.<\/p>\n<p>Port\u00e9 par l\u2019AFTAB en collaboration avec\u00a0<a href=\"https:\/\/www.linkedin.com\/company\/ateliers-d'art-de-france\/\" data-attribute-index=\"0\" data-entity-hovercard-id=\"urn:li:fs_miniCompany:10280346\" data-entity-type=\"MINI_COMPANY\">Ateliers d&#8217;Art de France<\/a> (merci \u00e0 tous), l\u2019\u00e9cole de tournage sur bois JF Escoulen en particulier, cet \u00e9v\u00e8nement se d\u00e9roulera pour sa partie cr\u00e9ation dans le cadre idyllique d\u2019Aiguines(83) du 20 au 26 juin 2021.<\/p>\n<p>De cette \u00e9dition devrait ressortir des pi\u00e8ces uniques, r\u00e9alis\u00e9es \u00e0 plusieurs mains, avec une exposition nationale et une vente aux ench\u00e8res. Partage, cr\u00e9ativit\u00e9 et \u00e9change des savoirs faire dans les M\u00e9tiers d\u2019Art seront au rdv.<\/p>\n<p>Suite \u00e0 l\u2019annulations d&#8217;\u00e9v\u00e8nements pour les artisans des m\u00e9tiers d&#8217;art cette ann\u00e9e, merci de nous permettre de nous retrouver, de nous soutenir pour promouvoir nos m\u00e9tiers. Plus motiv\u00e9s encore pour cette \u00e9dition &#8220;Le Grand Atelier 2021&#8221;<\/p>\n<p>Merci\u00a0<a href=\"https:\/\/www.linkedin.com\/in\/ACoAAAGMQRQBFc-XrXiIhITF1tGkPhbJjpz0ZV0\" data-attribute-index=\"2\" data-entity-hovercard-id=\"urn:li:fs_miniProfile:ACoAAAGMQRQBFc-XrXiIhITF1tGkPhbJjpz0ZV0\" data-entity-type=\"MINI_PROFILE\">Rapha\u00eblle Le Baud<\/a>\u00a0gr\u00e2ce \u00e0 tes live passionnants via\u00a0<a href=\"https:\/\/www.linkedin.com\/company\/the-craft-project\/\" data-attribute-index=\"4\" data-entity-hovercard-id=\"urn:li:fs_miniCompany:51686975\" data-entity-type=\"MINI_COMPANY\">The Craft Project<\/a>\u00a0de nous avoir fait d\u00e9couvrir ce RDV, notamment avec et gr\u00e2ce \u00e0\u00a0<a href=\"https:\/\/www.linkedin.com\/in\/ACoAACdQ4PIBMuF7l2RhY9ZC8ed3kJ4dgNZ96sg\" data-attribute-index=\"6\" data-entity-hovercard-id=\"urn:li:fs_miniProfile:ACoAACdQ4PIBMuF7l2RhY9ZC8ed3kJ4dgNZ96sg\" data-entity-type=\"MINI_PROFILE\">Pascal OUDET.<\/a><\/p>\n<p>H\u00e2te de vous partager ces moments \u00e0 venir et les fruits de ces cr\u00e9ations collectives<\/p>\n<p><a href=\"https:\/\/www.linkedin.com\/feed\/hashtag\/?keywords=semainecreative&amp;highlightedUpdateUrns=urn%3Ali%3Aactivity%3A6783781809843974144\" data-attribute-index=\"8\">#semainecreative<\/a>\u00a0<a href=\"https:\/\/www.linkedin.com\/feed\/hashtag\/?keywords=metiersdart&amp;highlightedUpdateUrns=urn%3Ali%3Aactivity%3A6783781809843974144\" data-attribute-index=\"9\">#metiersdart<\/a>\u00a0<a href=\"https:\/\/www.linkedin.com\/feed\/hashtag\/?keywords=grandatelier2021&amp;highlightedUpdateUrns=urn%3Ali%3Aactivity%3A6783781809843974144\" data-attribute-index=\"10\">#grandatelier2021<\/a><\/p>\n<\/div>\n<\/div>\n<\/div>\n<\/div>\n<\/div>\n<\/div>\n<p>[\/vc_column_text][\/vc_column][\/vc_row][vc_row][vc_column][\/vc_column][\/vc_row][vc_row][vc_column][vc_media_grid grid_id=&#8221;vc_gid:1620399131992-b200832f-8a04-8&#8243; include=&#8221;3732,3729,3779,3730,3744,3728&#8243;][\/vc_column][\/vc_row]<\/p>\n","protected":false},"excerpt":{"rendered":"<p>Tr\u00e8s heureux d\u2019avoir \u00e9t\u00e9 s\u00e9lectionn\u00e9 pour vivre cette exp\u00e9rience de cr\u00e9ations collectives d\u2019objets uniques et de rejoindre la quarantaine d\u2019artisans d\u2019art pr\u00e9sents au Grand Atelier 2021 qui seront r\u00e9unis pendant une semaine en juin prochain. Moments qui enrichiront s\u00fbrement les Ateliers BdM.<\/p>\n<p>Port\u00e9 par l\u2019AFTAB en collaboration avec Ateliers d&#8217;Art de France, l\u2019\u00e9cole de tournage sur bois JF Escoulen en particulier, cet \u00e9v\u00e8nement se d\u00e9roulera pour sa partie cr\u00e9ation dans le cadre idyllique d\u2019Aiguines(83) du 20 au 26 juin 2021.<\/p>\n<p>De cette \u00e9dition devrait ressortir des pi\u00e8ces uniques, r\u00e9alis\u00e9es \u00e0 plusieurs mains, avec une exposition nationale et une vente aux ench\u00e8res. Partage, cr\u00e9ativit\u00e9 et \u00e9change des savoirs faire dans les M\u00e9tiers d\u2019Art seront au rdv. Suite \u00e0 l\u2019annulations d&#8217;\u00e9v\u00e8nements pour les artisans des m\u00e9tiers d&#8217;art cette ann\u00e9e, merci de nous permettre de nous retrouver, de nous soutenir pour promouvoir nos m\u00e9tiers.<br \/>\nPlus motiv\u00e9s encore pour cette \u00e9dition &#8220;Le Grand Atelier 2021&#8221;<\/p>\n<p>H\u00e2te de vous partager ces moments \u00e0 venir et les fruits de ces cr\u00e9ations collectives.<\/p>\n","protected":false},"author":3,"featured_media":3727,"comment_status":"closed","ping_status":"closed","sticky":false,"template":"elementor_theme","format":"gallery","meta":{"_jetpack_memberships_contains_paid_content":false,"footnotes":""},"categories":[94],"tags":[],"class_list":["post-3723","post","type-post","status-publish","format-gallery","has-post-thumbnail","hentry","category-dernieres-news-des-evenements-a-venir","post_format-post-format-gallery"],"jetpack_featured_media_url":"https:\/\/www.aucoeurdelamain.fr\/wp-content\/uploads\/2021\/04\/IMG_3574-scaled-1.jpg","jetpack_sharing_enabled":true,"_links":{"self":[{"href":"https:\/\/www.aucoeurdelamain.fr\/index.php\/wp-json\/wp\/v2\/posts\/3723","targetHints":{"allow":["GET"]}}],"collection":[{"href":"https:\/\/www.aucoeurdelamain.fr\/index.php\/wp-json\/wp\/v2\/posts"}],"about":[{"href":"https:\/\/www.aucoeurdelamain.fr\/index.php\/wp-json\/wp\/v2\/types\/post"}],"author":[{"embeddable":true,"href":"https:\/\/www.aucoeurdelamain.fr\/index.php\/wp-json\/wp\/v2\/users\/3"}],"replies":[{"embeddable":true,"href":"https:\/\/www.aucoeurdelamain.fr\/index.php\/wp-json\/wp\/v2\/comments?post=3723"}],"version-history":[{"count":0,"href":"https:\/\/www.aucoeurdelamain.fr\/index.php\/wp-json\/wp\/v2\/posts\/3723\/revisions"}],"wp:featuredmedia":[{"embeddable":true,"href":"https:\/\/www.aucoeurdelamain.fr\/index.php\/wp-json\/wp\/v2\/media\/3727"}],"wp:attachment":[{"href":"https:\/\/www.aucoeurdelamain.fr\/index.php\/wp-json\/wp\/v2\/media?parent=3723"}],"wp:term":[{"taxonomy":"category","embeddable":true,"href":"https:\/\/www.aucoeurdelamain.fr\/index.php\/wp-json\/wp\/v2\/categories?post=3723"},{"taxonomy":"post_tag","embeddable":true,"href":"https:\/\/www.aucoeurdelamain.fr\/index.php\/wp-json\/wp\/v2\/tags?post=3723"}],"curies":[{"name":"wp","href":"https:\/\/api.w.org\/{rel}","templated":true}]}}