{"id":3717,"date":"2021-04-02T22:15:18","date_gmt":"2021-04-02T20:15:18","guid":{"rendered":"http:\/\/www.bdm.paris\/?p=3717"},"modified":"2025-05-26T15:17:01","modified_gmt":"2025-05-26T13:17:01","slug":"le-petit-rambolitain-bruno-de-maistre-ebeniste-dart-la-matiere-eveille-lesprit","status":"publish","type":"post","link":"https:\/\/www.aucoeurdelamain.fr\/index.php\/2021\/04\/02\/le-petit-rambolitain-bruno-de-maistre-ebeniste-dart-la-matiere-eveille-lesprit\/","title":{"rendered":"Le Petit Rambolitain, &#8220;Bruno de Maistre, \u00e9b\u00e9niste d&#8217;art &#8211; La mati\u00e8re \u00e9veille l&#8217;esprit&#8221;"},"content":{"rendered":"<p>[vc_row][vc_column][vc_column_text css_animation=&#8221;zoomIn&#8221;]<\/p>\n<div class=\"\" dir=\"auto\">\n<div id=\"jsc_c_6h\" class=\"ecm0bbzt hv4rvrfc ihqw7lf3 dati1w0a\" data-ad-comet-preview=\"message\" data-ad-preview=\"message\">\n<div class=\"j83agx80 cbu4d94t ew0dbk1b irj2b8pg\">\n<div class=\"qzhwtbm6 knvmm38d\">\n<div class=\"kvgmc6g5 cxmmr5t8 oygrvhab hcukyx3x c1et5uql ii04i59q\">\n<div dir=\"auto\">\n<p>Merci au @Petit Rambolitain et \u00e0 @Alexandra Rouxel d\u2019avoir eu envie de pousser les portes de notre atelier !<\/p>\n<p>Merci pour nos \u00e9changes et pour ces mots sur les Ateliers BdM \u263a\ufe0f.<br \/>\nArticle \u00e0 d\u00e9couvrir dans le dernier Petit Rambolitain. Vive la serendipit\u00e9 et la cr\u00e9ativit\u00e9 !<\/p>\n<p>Bravo de mettre en avant notre m\u00e9tier de cr\u00e9ation au sein de notre atelier d\u2019eb\u00e9nisterie d\u2019art<\/p>\n<p>Le Petit Rambolitain n\u00b016 &#8211; mars-avril 2021<br \/>\n<a href=\"https:\/\/lnkd.in\/eYD-6Dd\" data-attribute-index=\"0\">https:\/\/lnkd.in\/eYD-6Dd<\/a><\/p>\n<\/div>\n<\/div>\n<\/div>\n<\/div>\n<\/div>\n<\/div>\n<p>[\/vc_column_text][\/vc_column][\/vc_row][vc_row][vc_column][\/vc_column][\/vc_row][vc_row][vc_column][vc_media_grid grid_id=&#8221;vc_gid:1620399465601-9df8cfae-ef48-7&#8243; include=&#8221;3755,3720,3719,3718,3782&#8243;][\/vc_column][\/vc_row]<\/p>\n","protected":false},"excerpt":{"rendered":"<p>Un grand merci \u00e0 Arnaud Pradat pour la cr\u00e9ation de DUODECI SAS OpusGem, cet outil au services des artisans d\u2019art, des mof, des talents Rendez-vous en 2022 pour cette Biennale Internationale M\u00e9tiers d\u2019art et Cr\u00e9ation ! Elle n\u2019en sera que plus belle&#8230;<br \/>\nEn attendant, on peaufine nos cr\u00e9ations aux Ateliers BdM pour cette 5ieme \u00e9dition R\u00e9v\u00e9lations. Dates du 8 au 12 juin 2022 r\u00e9serv\u00e9es .<br \/>\nUn grand grand merci \u00e0 Ateliers d&#8217;Art De France pour toute cette organisation . Bon courage \u00e0 tous en cette p\u00e9riode si troubl\u00e9e&#8230; on se fait une joie par avance, de tous vous retrouver l\u2019ann\u00e9e prochaine .<\/p>\n","protected":false},"author":3,"featured_media":3720,"comment_status":"closed","ping_status":"closed","sticky":false,"template":"elementor_theme","format":"gallery","meta":{"_jetpack_memberships_contains_paid_content":false,"footnotes":""},"categories":[94,95],"tags":[],"class_list":["post-3717","post","type-post","status-publish","format-gallery","has-post-thumbnail","hentry","category-dernieres-news-des-evenements-a-venir","category-presse","post_format-post-format-gallery"],"jetpack_featured_media_url":"https:\/\/www.aucoeurdelamain.fr\/wp-content\/uploads\/2021\/04\/IMG_3445-scaled-1.jpg","jetpack_sharing_enabled":true,"_links":{"self":[{"href":"https:\/\/www.aucoeurdelamain.fr\/index.php\/wp-json\/wp\/v2\/posts\/3717","targetHints":{"allow":["GET"]}}],"collection":[{"href":"https:\/\/www.aucoeurdelamain.fr\/index.php\/wp-json\/wp\/v2\/posts"}],"about":[{"href":"https:\/\/www.aucoeurdelamain.fr\/index.php\/wp-json\/wp\/v2\/types\/post"}],"author":[{"embeddable":true,"href":"https:\/\/www.aucoeurdelamain.fr\/index.php\/wp-json\/wp\/v2\/users\/3"}],"replies":[{"embeddable":true,"href":"https:\/\/www.aucoeurdelamain.fr\/index.php\/wp-json\/wp\/v2\/comments?post=3717"}],"version-history":[{"count":1,"href":"https:\/\/www.aucoeurdelamain.fr\/index.php\/wp-json\/wp\/v2\/posts\/3717\/revisions"}],"predecessor-version":[{"id":8885,"href":"https:\/\/www.aucoeurdelamain.fr\/index.php\/wp-json\/wp\/v2\/posts\/3717\/revisions\/8885"}],"wp:featuredmedia":[{"embeddable":true,"href":"https:\/\/www.aucoeurdelamain.fr\/index.php\/wp-json\/wp\/v2\/media\/3720"}],"wp:attachment":[{"href":"https:\/\/www.aucoeurdelamain.fr\/index.php\/wp-json\/wp\/v2\/media?parent=3717"}],"wp:term":[{"taxonomy":"category","embeddable":true,"href":"https:\/\/www.aucoeurdelamain.fr\/index.php\/wp-json\/wp\/v2\/categories?post=3717"},{"taxonomy":"post_tag","embeddable":true,"href":"https:\/\/www.aucoeurdelamain.fr\/index.php\/wp-json\/wp\/v2\/tags?post=3717"}],"curies":[{"name":"wp","href":"https:\/\/api.w.org\/{rel}","templated":true}]}}