{"id":369,"date":"2018-03-04T21:59:26","date_gmt":"2018-03-04T20:59:26","guid":{"rendered":"http:\/\/www.darimathie.fr\/?p=369"},"modified":"2025-04-28T22:21:38","modified_gmt":"2025-04-28T20:21:38","slug":"invitation-du-pape-francois","status":"publish","type":"post","link":"https:\/\/www.aucoeurdelamain.fr\/index.php\/2018\/03\/04\/invitation-du-pape-francois\/","title":{"rendered":"Invitation du Pape Fran\u00e7ois"},"content":{"rendered":"<p>Magnifique invitation du Pape Fran\u00e7ois aux artistes chr\u00e9tiens, par l&#8217;intermediaire de la <span class=\"_5afx\"><span class=\"_58cm\">Diaconie de la beaut\u00e9<\/span><\/span>\u00a0r\u00e9unie \u00e0 Rome<\/p>\n<p>&#8220;Les dons que vous avez re\u00e7us sont pour chacun de vous une responsabilit\u00e9 et une mission. Vous avez, en effet, \u00e0 travailler sans vous laisser dominer par la recherche d\u2019une vaine gloire ou d\u2019une popularit\u00e9 facile, et encore moins par le calcul souvent mesquin du seul profit personnel. Dans un monde o\u00f9 la technique est souvent comprise comme le principal moyen d\u2019interpr\u00e9ter l\u2019existence (cf. Enc. Laudato Si\u2019, n. 110), vous \u00eates appel\u00e9s, au moyen de vos talents et en puisant aux sources de la spiritualit\u00e9 chr\u00e9tienne, \u00e0 proposer \u00ab une autre mani\u00e8re de comprendre la qualit\u00e9 de vie, [\u00e0 encourager] un style de vie proph\u00e9tique et contemplatif, capable d\u2019aider \u00e0 appr\u00e9cier profond\u00e9ment les choses sans \u00eatre obs\u00e9d\u00e9 par la consommation \u00bb (ibid., n. 222), et \u00e0 servir la cr\u00e9ation et la pr\u00e9servation \u201cd\u2019oasis de beaut\u00e9\u201d dans nos villes trop souvent b\u00e9tonn\u00e9es et sans \u00e2me. Vous \u00eates appel\u00e9s \u00e0 faire connaitre la gratuit\u00e9 de la beaut\u00e9.<br \/>\n(&#8230;) L\u2019\u00c9glise compte sur vous pour rendre perceptible la Beaut\u00e9 ineffable de l\u2019amour de Dieu et pour permettre \u00e0 chacun de d\u00e9couvrir la beaut\u00e9 d\u2019\u00eatre aim\u00e9 de Dieu, d\u2019\u00eatre combl\u00e9 de son amour, pour en vivre et en t\u00e9moigner dans l\u2019attention aux autres, en particulier \u00e0 ceux qui sont exclus, bless\u00e9s, laiss\u00e9s pour compte dans nos soci\u00e9t\u00e9s.<\/p>\n","protected":false},"excerpt":{"rendered":"<p>Magnifique invitation du Pape Fran\u00e7ois aux artistes chr\u00e9tiens, par l&#8217;intermediaire de la Diaconie de la beaut\u00e9\u00a0r\u00e9unie \u00e0 Rome &#8220;Les dons que vous avez re\u00e7us sont pour chacun de vous une responsabilit\u00e9 et une mission. Vous avez, en effet, \u00e0 travailler sans vous laisser dominer par la recherche d\u2019une vaine gloire<\/p>\n","protected":false},"author":3,"featured_media":7294,"comment_status":"closed","ping_status":"open","sticky":false,"template":"","format":"standard","meta":{"_jetpack_memberships_contains_paid_content":false,"footnotes":""},"categories":[107],"tags":[],"class_list":["post-369","post","type-post","status-publish","format-standard","has-post-thumbnail","hentry","category-art-sacre"],"jetpack_featured_media_url":"https:\/\/www.aucoeurdelamain.fr\/wp-content\/uploads\/2018\/03\/papeFrancois.jpeg","jetpack_sharing_enabled":true,"_links":{"self":[{"href":"https:\/\/www.aucoeurdelamain.fr\/index.php\/wp-json\/wp\/v2\/posts\/369","targetHints":{"allow":["GET"]}}],"collection":[{"href":"https:\/\/www.aucoeurdelamain.fr\/index.php\/wp-json\/wp\/v2\/posts"}],"about":[{"href":"https:\/\/www.aucoeurdelamain.fr\/index.php\/wp-json\/wp\/v2\/types\/post"}],"author":[{"embeddable":true,"href":"https:\/\/www.aucoeurdelamain.fr\/index.php\/wp-json\/wp\/v2\/users\/3"}],"replies":[{"embeddable":true,"href":"https:\/\/www.aucoeurdelamain.fr\/index.php\/wp-json\/wp\/v2\/comments?post=369"}],"version-history":[{"count":1,"href":"https:\/\/www.aucoeurdelamain.fr\/index.php\/wp-json\/wp\/v2\/posts\/369\/revisions"}],"predecessor-version":[{"id":8161,"href":"https:\/\/www.aucoeurdelamain.fr\/index.php\/wp-json\/wp\/v2\/posts\/369\/revisions\/8161"}],"wp:featuredmedia":[{"embeddable":true,"href":"https:\/\/www.aucoeurdelamain.fr\/index.php\/wp-json\/wp\/v2\/media\/7294"}],"wp:attachment":[{"href":"https:\/\/www.aucoeurdelamain.fr\/index.php\/wp-json\/wp\/v2\/media?parent=369"}],"wp:term":[{"taxonomy":"category","embeddable":true,"href":"https:\/\/www.aucoeurdelamain.fr\/index.php\/wp-json\/wp\/v2\/categories?post=369"},{"taxonomy":"post_tag","embeddable":true,"href":"https:\/\/www.aucoeurdelamain.fr\/index.php\/wp-json\/wp\/v2\/tags?post=369"}],"curies":[{"name":"wp","href":"https:\/\/api.w.org\/{rel}","templated":true}]}}