{"id":3610,"date":"2021-03-14T22:07:46","date_gmt":"2021-03-14T21:07:46","guid":{"rendered":"http:\/\/www.bdm.paris\/?p=3610"},"modified":"2021-03-14T22:07:46","modified_gmt":"2021-03-14T21:07:46","slug":"salon-revelations-rdv-en-juin-2022","status":"publish","type":"post","link":"https:\/\/www.aucoeurdelamain.fr\/index.php\/2021\/03\/14\/salon-revelations-rdv-en-juin-2022\/","title":{"rendered":"Salon R\u00e9v\u00e9lations, RDV en juin 2022 !"},"content":{"rendered":"<p>[vc_row][vc_column][vc_column_text css_animation=&#8221;zoomIn&#8221;]<\/p>\n<div class=\"\" dir=\"auto\">\n<div id=\"jsc_c_6h\" class=\"ecm0bbzt hv4rvrfc ihqw7lf3 dati1w0a\" data-ad-comet-preview=\"message\" data-ad-preview=\"message\">\n<div class=\"j83agx80 cbu4d94t ew0dbk1b irj2b8pg\">\n<div class=\"qzhwtbm6 knvmm38d\">\n<div class=\"kvgmc6g5 cxmmr5t8 oygrvhab hcukyx3x c1et5uql ii04i59q\">\n<div dir=\"auto\">Rendez-vous en 2022 pour cette Biennale Internationale M\u00e9tiers d\u2019art et Cr\u00e9ation !<\/div>\n<div dir=\"auto\">Elle n\u2019en sera que plus belle&#8230;<\/div>\n<div dir=\"auto\"><\/div>\n<\/div>\n<div class=\"o9v6fnle cxmmr5t8 oygrvhab hcukyx3x c1et5uql ii04i59q\">\n<div dir=\"auto\">En attendant, on peaufine nos cr\u00e9ations aux Ateliers BdM pour cette 5ieme \u00e9dition R\u00e9v\u00e9lations. Dates du 8 au 12 juin 2022 r\u00e9serv\u00e9es <span class=\"pq6dq46d tbxw36s4 knj5qynh kvgmc6g5 ditlmg2l oygrvhab nvdbi5me sf5mxxl7 gl3lb2sf hhz5lgdu\"><img decoding=\"async\" src=\"https:\/\/static.xx.fbcdn.net\/images\/emoji.php\/v9\/td4\/1.5\/16\/1f44c.png\" alt=\"\ud83d\udc4c\" width=\"16\" height=\"16\" \/><\/span>.<\/div>\n<div dir=\"auto\"><\/div>\n<\/div>\n<div class=\"o9v6fnle cxmmr5t8 oygrvhab hcukyx3x c1et5uql ii04i59q\">\n<div dir=\"auto\">Un grand grand merci \u00e0 Ateliers d&#8217;Art De France pour toute cette organisation <span class=\"pq6dq46d tbxw36s4 knj5qynh kvgmc6g5 ditlmg2l oygrvhab nvdbi5me sf5mxxl7 gl3lb2sf hhz5lgdu\"><img decoding=\"async\" src=\"https:\/\/static.xx.fbcdn.net\/images\/emoji.php\/v9\/t7b\/1.5\/16\/2728.png\" alt=\"\u2728\" width=\"16\" height=\"16\" \/><\/span>. Bon courage \u00e0 tous en cette p\u00e9riode si troubl\u00e9e&#8230; on se fait une joie par avance, de tous vous retrouver l\u2019ann\u00e9e prochaine <span class=\"pq6dq46d tbxw36s4 knj5qynh kvgmc6g5 ditlmg2l oygrvhab nvdbi5me sf5mxxl7 gl3lb2sf hhz5lgdu\"><img decoding=\"async\" src=\"https:\/\/static.xx.fbcdn.net\/images\/emoji.php\/v9\/td9\/1.5\/16\/1f64f.png\" alt=\"\ud83d\ude4f\" width=\"16\" height=\"16\" \/><\/span>.<\/div>\n<\/div>\n<\/div>\n<\/div>\n<\/div>\n<\/div>\n<p>[\/vc_column_text][\/vc_column][\/vc_row][vc_row][vc_column][\/vc_column][\/vc_row][vc_row][vc_column][vc_media_grid grid_id=&#8221;vc_gid:1620399856616-4833bb19-b5b3-7&#8243; include=&#8221;3611,3065,2960,3063,3328&#8243;][\/vc_column][\/vc_row]<\/p>\n","protected":false},"excerpt":{"rendered":"<p>Un grand merci \u00e0 Arnaud Pradat pour la cr\u00e9ation de DUODECI SAS OpusGem, cet outil au services des artisans d\u2019art, des mof, des talents Rendez-vous en 2022 pour cette Biennale Internationale M\u00e9tiers d\u2019art et Cr\u00e9ation ! Elle n\u2019en sera que plus belle&#8230;<br \/>\nEn attendant, on peaufine nos cr\u00e9ations aux Ateliers BdM pour cette 5ieme \u00e9dition R\u00e9v\u00e9lations. Dates du 8 au 12 juin 2022 r\u00e9serv\u00e9es .<br \/>\nUn grand grand merci \u00e0 Ateliers d&#8217;Art De France pour toute cette organisation . Bon courage \u00e0 tous en cette p\u00e9riode si troubl\u00e9e&#8230; on se fait une joie par avance, de tous vous retrouver l\u2019ann\u00e9e prochaine .<\/p>\n","protected":false},"author":3,"featured_media":3611,"comment_status":"closed","ping_status":"closed","sticky":false,"template":"elementor_theme","format":"gallery","meta":{"_jetpack_memberships_contains_paid_content":false,"footnotes":""},"categories":[94],"tags":[],"class_list":["post-3610","post","type-post","status-publish","format-gallery","has-post-thumbnail","hentry","category-dernieres-news-des-evenements-a-venir","post_format-post-format-gallery"],"jetpack_featured_media_url":"https:\/\/www.aucoeurdelamain.fr\/wp-content\/uploads\/2021\/03\/IMG_2417.jpg","jetpack_sharing_enabled":true,"_links":{"self":[{"href":"https:\/\/www.aucoeurdelamain.fr\/index.php\/wp-json\/wp\/v2\/posts\/3610","targetHints":{"allow":["GET"]}}],"collection":[{"href":"https:\/\/www.aucoeurdelamain.fr\/index.php\/wp-json\/wp\/v2\/posts"}],"about":[{"href":"https:\/\/www.aucoeurdelamain.fr\/index.php\/wp-json\/wp\/v2\/types\/post"}],"author":[{"embeddable":true,"href":"https:\/\/www.aucoeurdelamain.fr\/index.php\/wp-json\/wp\/v2\/users\/3"}],"replies":[{"embeddable":true,"href":"https:\/\/www.aucoeurdelamain.fr\/index.php\/wp-json\/wp\/v2\/comments?post=3610"}],"version-history":[{"count":0,"href":"https:\/\/www.aucoeurdelamain.fr\/index.php\/wp-json\/wp\/v2\/posts\/3610\/revisions"}],"wp:featuredmedia":[{"embeddable":true,"href":"https:\/\/www.aucoeurdelamain.fr\/index.php\/wp-json\/wp\/v2\/media\/3611"}],"wp:attachment":[{"href":"https:\/\/www.aucoeurdelamain.fr\/index.php\/wp-json\/wp\/v2\/media?parent=3610"}],"wp:term":[{"taxonomy":"category","embeddable":true,"href":"https:\/\/www.aucoeurdelamain.fr\/index.php\/wp-json\/wp\/v2\/categories?post=3610"},{"taxonomy":"post_tag","embeddable":true,"href":"https:\/\/www.aucoeurdelamain.fr\/index.php\/wp-json\/wp\/v2\/tags?post=3610"}],"curies":[{"name":"wp","href":"https:\/\/api.w.org\/{rel}","templated":true}]}}