{"id":3556,"date":"2021-03-08T17:45:39","date_gmt":"2021-03-08T16:45:39","guid":{"rendered":"http:\/\/www.bdm.paris\/?p=3556"},"modified":"2021-03-08T17:45:39","modified_gmt":"2021-03-08T16:45:39","slug":"jury-du-prix-stars-metiers-pour-la-banque-populaire-fevrier-2021","status":"publish","type":"post","link":"https:\/\/www.aucoeurdelamain.fr\/index.php\/2021\/03\/08\/jury-du-prix-stars-metiers-pour-la-banque-populaire-fevrier-2021\/","title":{"rendered":"Jury du prix Stars &#038; M\u00e9tiers pour la Banque Populaire, f\u00e9vrier 2021"},"content":{"rendered":"<p>[vc_row][vc_column][vc_column_text css_animation=&#8221;zoomIn&#8221;]Se retrouver de l\u2019autre co\u0302te\u0301 de la barrie\u0300re 3 ans plus tard\u00a0<a href=\"https:\/\/www.linkedin.com\/feed\/hashtag\/?keywords=prixinnovation&amp;highlightedUpdateUrns=urn%3Ali%3Aactivity%3A6768204753672421376\" data-attribute-index=\"0\">#prixinnovation<\/a>\u00a0#2018&#8230; et de\u0301couvrir les candidats pour le 4 prochains Grands Prix de l\u2019artisanat Stars &amp; Me\u0301tiers (Innovation\/entrepreneur\/responsable\/exportateur) de la\u00a0<a href=\"https:\/\/www.linkedin.com\/company\/banque-populaire\/\" data-attribute-index=\"1\" data-entity-hovercard-id=\"urn:li:fs_miniCompany:8635\" data-entity-type=\"MINI_COMPANY\">Banque Populaire<\/a><\/p>\n<p>E\u0301motion et admiration pour tous mes amis\u00a0<a href=\"https:\/\/www.linkedin.com\/feed\/hashtag\/?keywords=artisans&amp;highlightedUpdateUrns=urn%3Ali%3Aactivity%3A6768204753672421376\" data-attribute-index=\"3\">#artisans<\/a>\u00a0qui continuent a\u0300 avancer et a\u0300 se battre dans les conditions actuelles&#8230;\u00a0<a href=\"https:\/\/www.linkedin.com\/feed\/hashtag\/?keywords=courage&amp;highlightedUpdateUrns=urn%3Ali%3Aactivity%3A6768204753672421376\" data-attribute-index=\"4\">#courage\u00a0<\/a><br \/>\nUn merci particulier \u00e0\u00a0<a href=\"https:\/\/www.linkedin.com\/in\/ACoAACXWsboBopomL2RoJ6zos4MXbFda4A8Y9po\" data-attribute-index=\"5\" data-entity-hovercard-id=\"urn:li:fs_miniProfile:ACoAACXWsboBopomL2RoJ6zos4MXbFda4A8Y9po\" data-entity-type=\"MINI_PROFILE\">Nadine LALES<\/a>\u00a0qui a si bien particip\u00e9 au lancement et accompagn\u00e9 les Ateliers BdM il y a quelques ann\u00e9es&#8230;\u00a0<a href=\"https:\/\/www.linkedin.com\/feed\/hashtag\/?keywords=merci&amp;highlightedUpdateUrns=urn%3Ali%3Aactivity%3A6768204753672421376\" data-attribute-index=\"7\">#merci<\/a><\/p>\n<p>Organise\u0301 par les Chambres de me\u0301tiers et de l\u2019artisanat et les Banques Populaires, le prix Stars &amp; Me\u0301tiers est destine\u0301 a\u0300 promouvoir l\u2019excellence et l\u2019innovation dans l\u2019artisanat, \ud83d\udc4f\ud83d\udc4f.<\/p>\n<p><a href=\"https:\/\/www.linkedin.com\/feed\/hashtag\/?keywords=jury&amp;highlightedUpdateUrns=urn%3Ali%3Aactivity%3A6768204753672421376\" data-attribute-index=\"8\">#jury<\/a>\u00a0<a href=\"https:\/\/www.linkedin.com\/feed\/hashtag\/?keywords=prix&amp;highlightedUpdateUrns=urn%3Ali%3Aactivity%3A6768204753672421376\" data-attribute-index=\"9\">#prix<\/a>\u00a0<a href=\"https:\/\/www.linkedin.com\/feed\/hashtag\/?keywords=banquepopulaire&amp;highlightedUpdateUrns=urn%3Ali%3Aactivity%3A6768204753672421376\" data-attribute-index=\"10\">#banquepopulaire<\/a>\u00a0#2021\u00a0<a href=\"https:\/\/www.linkedin.com\/feed\/hashtag\/?keywords=admiration&amp;highlightedUpdateUrns=urn%3Ali%3Aactivity%3A6768204753672421376\" data-attribute-index=\"11\">#admiration<\/a>\u00a0<a href=\"https:\/\/www.linkedin.com\/feed\/hashtag\/?keywords=perseverance&amp;highlightedUpdateUrns=urn%3Ali%3Aactivity%3A6768204753672421376\" data-attribute-index=\"12\">#perseverance<\/a>\u00a0<a href=\"https:\/\/www.linkedin.com\/feed\/hashtag\/?keywords=artisanatfrancais&amp;highlightedUpdateUrns=urn%3Ali%3Aactivity%3A6768204753672421376\" data-attribute-index=\"13\">#artisanatfrancais<\/a>\u00a0<a href=\"https:\/\/www.linkedin.com\/feed\/hashtag\/?keywords=excellence&amp;highlightedUpdateUrns=urn%3Ali%3Aactivity%3A6768204753672421376\" data-attribute-index=\"14\">#excellence<\/a>\u00a0<a href=\"https:\/\/www.linkedin.com\/feed\/hashtag\/?keywords=madeinfrance&amp;highlightedUpdateUrns=urn%3Ali%3Aactivity%3A6768204753672421376\" data-attribute-index=\"15\">#madeinfrance<\/a>\u00a0<a href=\"https:\/\/www.linkedin.com\/feed\/hashtag\/?keywords=reconnaissance&amp;highlightedUpdateUrns=urn%3Ali%3Aactivity%3A6768204753672421376\" data-attribute-index=\"16\">#reconnaissance<\/a><br \/>\n<a href=\"https:\/\/www.linkedin.com\/company\/cmafrance\/\" data-attribute-index=\"17\" data-entity-hovercard-id=\"urn:li:fs_miniCompany:11009397\" data-entity-type=\"MINI_COMPANY\">CMA France<\/a>\u00a0&#8211;\u00a0<a href=\"https:\/\/www.linkedin.com\/company\/banque-populaire\/\" data-attribute-index=\"19\" data-entity-hovercard-id=\"urn:li:fs_miniCompany:8635\" data-entity-type=\"MINI_COMPANY\">Banque Populaire<\/a>[\/vc_column_text][\/vc_column][\/vc_row][vc_row][vc_column][\/vc_column][\/vc_row][vc_row][vc_column][vc_media_grid grid_id=&#8221;vc_gid:1620400134163-8e2124cc-681b-6&#8243; include=&#8221;3563,3560,3561,3562&#8243;][\/vc_column][\/vc_row]<\/p>\n","protected":false},"excerpt":{"rendered":"<p>Se retrouver de l\u2019autre co\u0302te\u0301 de la barrie\u0300re 3 ans plus tard #prixinnovation #2018&#8230; et de\u0301couvrir les candidats pour le 4 prochains Grands Prix de l\u2019artisanat Stars &#038; Me\u0301tiers (Innovation\/entrepreneur\/responsable\/exportateur) de la Banque Populaire. E\u0301motion et admiration pour tous mes amis #artisans qui continuent a\u0300 avancer et a\u0300 se battre dans les conditions actuelles&#8230; #courage<br \/>\nUn merci particulier \u00e0 Nadine LALES qui a si bien particip\u00e9 au lancement et accompagn\u00e9 les Ateliers BdM il y a quelques ann\u00e9es&#8230; #merci<br \/>\nOrganise\u0301 par les Chambres de me\u0301tiers et de l\u2019artisanat et les Banques Populaires, le prix Stars &#038; Me\u0301tiers est destine\u0301 a\u0300 promouvoir l\u2019excellence et l\u2019innovation dans l\u2019artisanat, \ud83d\udc4f\ud83d\udc4f.<\/p>\n","protected":false},"author":3,"featured_media":3558,"comment_status":"closed","ping_status":"closed","sticky":false,"template":"elementor_theme","format":"gallery","meta":{"_jetpack_memberships_contains_paid_content":false,"footnotes":""},"categories":[94],"tags":[],"class_list":["post-3556","post","type-post","status-publish","format-gallery","has-post-thumbnail","hentry","category-dernieres-news-des-evenements-a-venir","post_format-post-format-gallery"],"jetpack_featured_media_url":"https:\/\/www.aucoeurdelamain.fr\/wp-content\/uploads\/2021\/03\/IMG_1491.jpg","jetpack_sharing_enabled":true,"_links":{"self":[{"href":"https:\/\/www.aucoeurdelamain.fr\/index.php\/wp-json\/wp\/v2\/posts\/3556","targetHints":{"allow":["GET"]}}],"collection":[{"href":"https:\/\/www.aucoeurdelamain.fr\/index.php\/wp-json\/wp\/v2\/posts"}],"about":[{"href":"https:\/\/www.aucoeurdelamain.fr\/index.php\/wp-json\/wp\/v2\/types\/post"}],"author":[{"embeddable":true,"href":"https:\/\/www.aucoeurdelamain.fr\/index.php\/wp-json\/wp\/v2\/users\/3"}],"replies":[{"embeddable":true,"href":"https:\/\/www.aucoeurdelamain.fr\/index.php\/wp-json\/wp\/v2\/comments?post=3556"}],"version-history":[{"count":0,"href":"https:\/\/www.aucoeurdelamain.fr\/index.php\/wp-json\/wp\/v2\/posts\/3556\/revisions"}],"wp:featuredmedia":[{"embeddable":true,"href":"https:\/\/www.aucoeurdelamain.fr\/index.php\/wp-json\/wp\/v2\/media\/3558"}],"wp:attachment":[{"href":"https:\/\/www.aucoeurdelamain.fr\/index.php\/wp-json\/wp\/v2\/media?parent=3556"}],"wp:term":[{"taxonomy":"category","embeddable":true,"href":"https:\/\/www.aucoeurdelamain.fr\/index.php\/wp-json\/wp\/v2\/categories?post=3556"},{"taxonomy":"post_tag","embeddable":true,"href":"https:\/\/www.aucoeurdelamain.fr\/index.php\/wp-json\/wp\/v2\/tags?post=3556"}],"curies":[{"name":"wp","href":"https:\/\/api.w.org\/{rel}","templated":true}]}}