{"id":3482,"date":"2017-02-07T13:00:56","date_gmt":"2017-02-07T12:00:56","guid":{"rendered":"http:\/\/www.bdm.paris\/?p=3482"},"modified":"2025-05-26T15:19:05","modified_gmt":"2025-05-26T13:19:05","slug":"le-courrier-du-meuble-n2686-7-avril-2017","status":"publish","type":"post","link":"https:\/\/www.aucoeurdelamain.fr\/index.php\/2017\/02\/07\/le-courrier-du-meuble-n2686-7-avril-2017\/","title":{"rendered":"Le courrier du Meuble, n\u00b02686 &#8211; 7 avril 2017"},"content":{"rendered":"<p>[vc_row][vc_column][vc_column_text css_animation=&#8221;zoomIn&#8221;]Le courrier du Meuble, n\u00b02686 &#8211; 7 avril 2017<\/p>\n<p>&#8220;Dans ses cr\u00e9ations, Bruno de Maistre n&#8217;a de cesse de traquer la courbe, l&#8217;envol, inspir\u00e9 par la l\u00e9g\u00e8ret\u00e9 d&#8217;une volute de fum\u00e9e.<br \/>\nEb\u00e9niste, architecte de mobilier comme il se d\u00e9finit, il essaie de ne pas s&#8217;arr\u00eater \u00e0 la technique, mais de transcrire la vibration de la main, dans un travail finalement tr\u00e8s proche de la sculpture.<\/p>\n<p>Il travaille beaucoup en commande num\u00e9rique, sur la base des fichiers 3D tout en ins\u00e9rant des d\u00e9faut dans les fichiers pour \u00e9viter au final des cr\u00e9ations lisses, sans \u00e2mes, trop parfaites. Ce designer de mobilier d&#8217;exception con\u00e7oit aussi des pi\u00e8ces pour les espaces liturgiques.&#8221;[\/vc_column_text][\/vc_column][\/vc_row][vc_row][vc_column][vc_gallery interval=&#8221;3&#8243; images=&#8221;3487&#8243; img_size=&#8221;large&#8221;][\/vc_column][\/vc_row]<\/p>\n","protected":false},"excerpt":{"rendered":"<p>Le courrier du Meuble, n\u00b02686 &#8211; 7 avril 2017<br \/>\n&#8220;Dans ses cr\u00e9ations, Bruno de Maistre n&#8217;a de cesse de traquer la courbe, l&#8217;envol, inspir\u00e9 par la l\u00e9g\u00e8ret\u00e9 d&#8217;une volute de fum\u00e9e. Eb\u00e9niste, architecte de mobilier comme il se d\u00e9finit, il essaie de ne pas s&#8217;arr\u00eater \u00e0 la technique, mais de transcrire la vibration de la main, dans un travail finalement tr\u00e8s proche de la sculpture.<br \/>\nIl travaille beaucoup en commande num\u00e9rique, sur la base des fichiers 3D tout en ins\u00e9rant des d\u00e9faut dans les fichiers pour \u00e9viter au final des cr\u00e9ations lisses, sans \u00e2mes, trop parfaites. Ce designer de mobilier d&#8217;exception con\u00e7oit aussi des pi\u00e8ces pour les espaces liturgiques.&#8221;<\/p>\n","protected":false},"author":3,"featured_media":3486,"comment_status":"closed","ping_status":"closed","sticky":false,"template":"elementor_theme","format":"gallery","meta":{"_jetpack_memberships_contains_paid_content":false,"footnotes":""},"categories":[94,95],"tags":[],"class_list":["post-3482","post","type-post","status-publish","format-gallery","has-post-thumbnail","hentry","category-dernieres-news-des-evenements-a-venir","category-presse","post_format-post-format-gallery"],"jetpack_featured_media_url":"https:\/\/www.aucoeurdelamain.fr\/wp-content\/uploads\/2017\/02\/B022DE34-7B2E-412D-9780-68EE6D915D01-scaled-1.jpg","jetpack_sharing_enabled":true,"_links":{"self":[{"href":"https:\/\/www.aucoeurdelamain.fr\/index.php\/wp-json\/wp\/v2\/posts\/3482","targetHints":{"allow":["GET"]}}],"collection":[{"href":"https:\/\/www.aucoeurdelamain.fr\/index.php\/wp-json\/wp\/v2\/posts"}],"about":[{"href":"https:\/\/www.aucoeurdelamain.fr\/index.php\/wp-json\/wp\/v2\/types\/post"}],"author":[{"embeddable":true,"href":"https:\/\/www.aucoeurdelamain.fr\/index.php\/wp-json\/wp\/v2\/users\/3"}],"replies":[{"embeddable":true,"href":"https:\/\/www.aucoeurdelamain.fr\/index.php\/wp-json\/wp\/v2\/comments?post=3482"}],"version-history":[{"count":1,"href":"https:\/\/www.aucoeurdelamain.fr\/index.php\/wp-json\/wp\/v2\/posts\/3482\/revisions"}],"predecessor-version":[{"id":8888,"href":"https:\/\/www.aucoeurdelamain.fr\/index.php\/wp-json\/wp\/v2\/posts\/3482\/revisions\/8888"}],"wp:featuredmedia":[{"embeddable":true,"href":"https:\/\/www.aucoeurdelamain.fr\/index.php\/wp-json\/wp\/v2\/media\/3486"}],"wp:attachment":[{"href":"https:\/\/www.aucoeurdelamain.fr\/index.php\/wp-json\/wp\/v2\/media?parent=3482"}],"wp:term":[{"taxonomy":"category","embeddable":true,"href":"https:\/\/www.aucoeurdelamain.fr\/index.php\/wp-json\/wp\/v2\/categories?post=3482"},{"taxonomy":"post_tag","embeddable":true,"href":"https:\/\/www.aucoeurdelamain.fr\/index.php\/wp-json\/wp\/v2\/tags?post=3482"}],"curies":[{"name":"wp","href":"https:\/\/api.w.org\/{rel}","templated":true}]}}