{"id":3388,"date":"2017-10-05T22:39:11","date_gmt":"2017-10-05T20:39:11","guid":{"rendered":"http:\/\/www.bdm.paris\/?p=3388"},"modified":"2025-05-26T15:18:59","modified_gmt":"2025-05-26T13:18:59","slug":"lartisanat-entre-de-bonnes-mains-lexpress-n42-sept-oct-nov-2017","status":"publish","type":"post","link":"https:\/\/www.aucoeurdelamain.fr\/index.php\/2017\/10\/05\/lartisanat-entre-de-bonnes-mains-lexpress-n42-sept-oct-nov-2017\/","title":{"rendered":"&#8220;L&#8217;artisanat, entre de bonnes mains&#8221;, L&#8217;Express, n\u00b042 sept-oct-nov 2017"},"content":{"rendered":"<p>[vc_row][vc_column][vc_column_text css_animation=&#8221;zoomIn&#8221;]&#8221;L&#8217;artisanat, entre de bonnes mains&#8221;, L&#8217;Express, n\u00b042 sept-oct-nov 2017<\/p>\n<p>Sans pour autant abandonner sa cr\u00e9ativit\u00e9, son ADN, Bruno de Maistre pr\u00e9f\u00e8re se tourner vers le travail du bois,<br \/>\nune mati\u00e8re plus complexe, plus per\u00e8ne qu&#8217;il faut apprendre \u00e0 dompter.[\/vc_column_text][\/vc_column][\/vc_row][vc_row][vc_column][vc_gallery interval=&#8221;3&#8243; images=&#8221;3389,3392,3391,3390&#8243; img_size=&#8221;large&#8221;][\/vc_column][\/vc_row]<\/p>\n","protected":false},"excerpt":{"rendered":"<p>&#8220;L&#8217;artisanat, entre de bonnes mains&#8221;, L&#8217;Express, n\u00b042 sept-oct-nov 2017<br \/>\nSans pour autant abandonner sa cr\u00e9ativit\u00e9, son ADN, Bruno de Maistre pr\u00e9f\u00e8re se tourner vers le travail du bois,<br \/>\nune mati\u00e8re plus complexe, plus per\u00e8ne qu&#8217;il faut apprendre \u00e0 dompter.<\/p>\n","protected":false},"author":3,"featured_media":3395,"comment_status":"closed","ping_status":"closed","sticky":false,"template":"elementor_theme","format":"gallery","meta":{"_jetpack_memberships_contains_paid_content":false,"footnotes":""},"categories":[94,95],"tags":[],"class_list":["post-3388","post","type-post","status-publish","format-gallery","has-post-thumbnail","hentry","category-dernieres-news-des-evenements-a-venir","category-presse","post_format-post-format-gallery"],"jetpack_featured_media_url":"https:\/\/www.aucoeurdelamain.fr\/wp-content\/uploads\/2021\/02\/IMG_1025-scaled-1.jpg","jetpack_sharing_enabled":true,"_links":{"self":[{"href":"https:\/\/www.aucoeurdelamain.fr\/index.php\/wp-json\/wp\/v2\/posts\/3388","targetHints":{"allow":["GET"]}}],"collection":[{"href":"https:\/\/www.aucoeurdelamain.fr\/index.php\/wp-json\/wp\/v2\/posts"}],"about":[{"href":"https:\/\/www.aucoeurdelamain.fr\/index.php\/wp-json\/wp\/v2\/types\/post"}],"author":[{"embeddable":true,"href":"https:\/\/www.aucoeurdelamain.fr\/index.php\/wp-json\/wp\/v2\/users\/3"}],"replies":[{"embeddable":true,"href":"https:\/\/www.aucoeurdelamain.fr\/index.php\/wp-json\/wp\/v2\/comments?post=3388"}],"version-history":[{"count":1,"href":"https:\/\/www.aucoeurdelamain.fr\/index.php\/wp-json\/wp\/v2\/posts\/3388\/revisions"}],"predecessor-version":[{"id":8887,"href":"https:\/\/www.aucoeurdelamain.fr\/index.php\/wp-json\/wp\/v2\/posts\/3388\/revisions\/8887"}],"wp:featuredmedia":[{"embeddable":true,"href":"https:\/\/www.aucoeurdelamain.fr\/index.php\/wp-json\/wp\/v2\/media\/3395"}],"wp:attachment":[{"href":"https:\/\/www.aucoeurdelamain.fr\/index.php\/wp-json\/wp\/v2\/media?parent=3388"}],"wp:term":[{"taxonomy":"category","embeddable":true,"href":"https:\/\/www.aucoeurdelamain.fr\/index.php\/wp-json\/wp\/v2\/categories?post=3388"},{"taxonomy":"post_tag","embeddable":true,"href":"https:\/\/www.aucoeurdelamain.fr\/index.php\/wp-json\/wp\/v2\/tags?post=3388"}],"curies":[{"name":"wp","href":"https:\/\/api.w.org\/{rel}","templated":true}]}}