{"id":3324,"date":"2017-06-05T16:12:48","date_gmt":"2017-06-05T14:12:48","guid":{"rendered":"http:\/\/www.bdm.paris\/?p=3324"},"modified":"2017-06-05T16:12:48","modified_gmt":"2017-06-05T14:12:48","slug":"salon-revelations-le-bureau-lyrique-juin-2017","status":"publish","type":"post","link":"https:\/\/www.aucoeurdelamain.fr\/index.php\/2017\/06\/05\/salon-revelations-le-bureau-lyrique-juin-2017\/","title":{"rendered":"Salon R\u00e9v\u00e9lations, le bureau Lyrique &#8211; juin 2017"},"content":{"rendered":"<p>[vc_row][vc_column][vc_column_text css_animation=&#8221;zoomIn&#8221;]Le Salon R\u00e9v\u00e9lations 2017 a eu lieu au Grand Palais \u00e0 Paris du 4 au 8 mai 2017. L&#8217;occasion pour nous de rencontrer cr\u00e9ateurs et designers qui pr\u00e9sentent leurs oeuvres. Cette fois-ci, entretien avec Bruno de Maistre, \u00e9b\u00e9niste et architecte de mobilier<br \/>\nBee M\u00e9dias[\/vc_column_text][vc_video link=&#8221;https:\/\/www.youtube.com\/watch?v=3cwqy4ioCrA&amp;feature=youtu.be&#8221;][\/vc_column][\/vc_row][vc_row][vc_column][vc_gallery type=&#8221;image_grid&#8221; images=&#8221;3065,3067,3063,3066,3064,1196,2264,1202,3328&#8243;][\/vc_column][\/vc_row][vc_row full_height=&#8221;yes&#8221;][vc_column][luxe_parallax_slider parallax-speed=&#8221;&#8221; slides=&#8221;%5B%7B%22image%22%3A%223066%22%2C%22image-background-color%22%3A%22%22%2C%22opacity-effect%22%3A%22false%22%2C%22line%22%3A%22false%22%2C%22title%22%3A%22%22%2C%22subtitle%22%3A%22%22%2C%22text%22%3A%22%22%2C%22link-status%22%3A%22false%22%2C%22link%22%3A%22%22%2C%22content-alignment%22%3A%22left%22%7D%5D&#8221;][vc_empty_space][\/vc_column][\/vc_row]<\/p>\n","protected":false},"excerpt":{"rendered":"<p>Le Salon R\u00e9v\u00e9lations 2017 a eu lieu au Grand Palais \u00e0 Paris du 4 au 8 mai 2017. L&#8217;occasion pour nous de rencontrer cr\u00e9ateurs et designers qui pr\u00e9sentent leurs oeuvres. Cette fois-ci, entretien avec Bruno de Maistre, \u00e9b\u00e9niste et architecte de mobilier par Bee M\u00e9dias<\/p>\n","protected":false},"author":3,"featured_media":3067,"comment_status":"closed","ping_status":"closed","sticky":false,"template":"elementor_theme","format":"standard","meta":{"_jetpack_memberships_contains_paid_content":false,"footnotes":""},"categories":[94],"tags":[],"class_list":["post-3324","post","type-post","status-publish","format-standard","has-post-thumbnail","hentry","category-dernieres-news-des-evenements-a-venir"],"jetpack_featured_media_url":"https:\/\/www.aucoeurdelamain.fr\/wp-content\/uploads\/2019\/09\/BureauLyriquelit.jpg","jetpack_sharing_enabled":true,"_links":{"self":[{"href":"https:\/\/www.aucoeurdelamain.fr\/index.php\/wp-json\/wp\/v2\/posts\/3324","targetHints":{"allow":["GET"]}}],"collection":[{"href":"https:\/\/www.aucoeurdelamain.fr\/index.php\/wp-json\/wp\/v2\/posts"}],"about":[{"href":"https:\/\/www.aucoeurdelamain.fr\/index.php\/wp-json\/wp\/v2\/types\/post"}],"author":[{"embeddable":true,"href":"https:\/\/www.aucoeurdelamain.fr\/index.php\/wp-json\/wp\/v2\/users\/3"}],"replies":[{"embeddable":true,"href":"https:\/\/www.aucoeurdelamain.fr\/index.php\/wp-json\/wp\/v2\/comments?post=3324"}],"version-history":[{"count":0,"href":"https:\/\/www.aucoeurdelamain.fr\/index.php\/wp-json\/wp\/v2\/posts\/3324\/revisions"}],"wp:featuredmedia":[{"embeddable":true,"href":"https:\/\/www.aucoeurdelamain.fr\/index.php\/wp-json\/wp\/v2\/media\/3067"}],"wp:attachment":[{"href":"https:\/\/www.aucoeurdelamain.fr\/index.php\/wp-json\/wp\/v2\/media?parent=3324"}],"wp:term":[{"taxonomy":"category","embeddable":true,"href":"https:\/\/www.aucoeurdelamain.fr\/index.php\/wp-json\/wp\/v2\/categories?post=3324"},{"taxonomy":"post_tag","embeddable":true,"href":"https:\/\/www.aucoeurdelamain.fr\/index.php\/wp-json\/wp\/v2\/tags?post=3324"}],"curies":[{"name":"wp","href":"https:\/\/api.w.org\/{rel}","templated":true}]}}