{"id":3317,"date":"2020-06-03T15:30:11","date_gmt":"2020-06-03T13:30:11","guid":{"rendered":"http:\/\/www.bdm.paris\/?p=3317"},"modified":"2025-05-26T15:18:23","modified_gmt":"2025-05-26T13:18:23","slug":"tournage-dune-publicite-aux-ateliers-pour-ballantines-juin-2020","status":"publish","type":"post","link":"https:\/\/www.aucoeurdelamain.fr\/index.php\/2020\/06\/03\/tournage-dune-publicite-aux-ateliers-pour-ballantines-juin-2020\/","title":{"rendered":"Tournage d&#8217;une publicit\u00e9 aux Ateliers pour Ballantine&#8217;s &#8211; Juin 2020"},"content":{"rendered":"<p>[vc_row][vc_column][vc_column_text css_animation=&#8221;zoomIn&#8221;]Tournage d\u2019une publicit\u00e9 en juin dernier, bonne ambiance assur\u00e9e. R\u00e9alisation de sous-verre en marqueterie \u00e0 l\u2019effigie de l\u2019annonceur. Une belle aventure dans l\u2019atelier BdM, le bar ouvrira bient\u00f4t ses portes[\/vc_column_text][vc_video link=&#8221;https:\/\/www.youtube.com\/watch?v=HCQTHBgW9Dc&#8221; el_aspect=&#8221;43&#8243; align=&#8221;center&#8221; css_animation=&#8221;fadeInUp&#8221;][\/vc_column][\/vc_row][vc_row][vc_column][\/vc_column][\/vc_row][vc_row][vc_column][vc_media_grid grid_id=&#8221;vc_gid:1620401562999-ec6a4dee-0f5d-3&#8243; include=&#8221;3285,3282,3279,3187,3283,3284,3286&#8243;][\/vc_column][\/vc_row]<\/p>\n","protected":false},"excerpt":{"rendered":"<p>Tournage d\u2019une publicit\u00e9 en juin dernier, bonne ambiance assur\u00e9e. R\u00e9alisation de sous-verre en marqueterie \u00e0 l\u2019effigie de l\u2019annonceur. Une belle aventure dans l\u2019atelier BdM, le bar ouvrira bient\u00f4t ses portes !<\/p>\n","protected":false},"author":3,"featured_media":3285,"comment_status":"closed","ping_status":"closed","sticky":false,"template":"elementor_theme","format":"gallery","meta":{"_jetpack_memberships_contains_paid_content":false,"footnotes":""},"categories":[94,95],"tags":[],"class_list":["post-3317","post","type-post","status-publish","format-gallery","has-post-thumbnail","hentry","category-dernieres-news-des-evenements-a-venir","category-presse","post_format-post-format-gallery"],"jetpack_featured_media_url":"https:\/\/www.aucoeurdelamain.fr\/wp-content\/uploads\/2021\/02\/ea6093012ccdc0bd4671b08a4ee9e7fb.jpg","jetpack_sharing_enabled":true,"_links":{"self":[{"href":"https:\/\/www.aucoeurdelamain.fr\/index.php\/wp-json\/wp\/v2\/posts\/3317","targetHints":{"allow":["GET"]}}],"collection":[{"href":"https:\/\/www.aucoeurdelamain.fr\/index.php\/wp-json\/wp\/v2\/posts"}],"about":[{"href":"https:\/\/www.aucoeurdelamain.fr\/index.php\/wp-json\/wp\/v2\/types\/post"}],"author":[{"embeddable":true,"href":"https:\/\/www.aucoeurdelamain.fr\/index.php\/wp-json\/wp\/v2\/users\/3"}],"replies":[{"embeddable":true,"href":"https:\/\/www.aucoeurdelamain.fr\/index.php\/wp-json\/wp\/v2\/comments?post=3317"}],"version-history":[{"count":1,"href":"https:\/\/www.aucoeurdelamain.fr\/index.php\/wp-json\/wp\/v2\/posts\/3317\/revisions"}],"predecessor-version":[{"id":8886,"href":"https:\/\/www.aucoeurdelamain.fr\/index.php\/wp-json\/wp\/v2\/posts\/3317\/revisions\/8886"}],"wp:featuredmedia":[{"embeddable":true,"href":"https:\/\/www.aucoeurdelamain.fr\/index.php\/wp-json\/wp\/v2\/media\/3285"}],"wp:attachment":[{"href":"https:\/\/www.aucoeurdelamain.fr\/index.php\/wp-json\/wp\/v2\/media?parent=3317"}],"wp:term":[{"taxonomy":"category","embeddable":true,"href":"https:\/\/www.aucoeurdelamain.fr\/index.php\/wp-json\/wp\/v2\/categories?post=3317"},{"taxonomy":"post_tag","embeddable":true,"href":"https:\/\/www.aucoeurdelamain.fr\/index.php\/wp-json\/wp\/v2\/tags?post=3317"}],"curies":[{"name":"wp","href":"https:\/\/api.w.org\/{rel}","templated":true}]}}