{"id":3018,"date":"2021-02-04T09:46:22","date_gmt":"2021-02-04T08:46:22","guid":{"rendered":"http:\/\/www.bdm.paris\/?p=3018"},"modified":"2021-02-04T09:46:22","modified_gmt":"2021-02-04T08:46:22","slug":"jema-journees-europeennes-des-metiers-dart-10-12-avril-2021","status":"publish","type":"post","link":"https:\/\/www.aucoeurdelamain.fr\/index.php\/2021\/02\/04\/jema-journees-europeennes-des-metiers-dart-10-12-avril-2021\/","title":{"rendered":"JEMA Journ\u00e9es Europ\u00e9ennes des M\u00e9tiers d&#8217;Art &#8211; 10\/12 avril 2021"},"content":{"rendered":"<p>[vc_row][vc_column][vc_column_text css_animation=&#8221;zoomIn&#8221;]L&#8217;atelier BdM ouvre ses portes : venez d\u00e9couvrir l&#8217;\u00e9b\u00e9nisterie d&#8217;art.<\/p>\n<p>Retrouvez toutes les informations sur\u00a0<a href=\"https:\/\/www.journeesdesmetiersdart.fr\/atelier\/decouverte-de-lebenisterie-dart\">https:\/\/www.journeesdesmetiersdart.fr\/atelier\/decouverte-de-lebenisterie-dart<\/a><\/p>\n<h3>Programmation<\/h3>\n<div class=\"programme\">\n<p>Il y a tant de choses \u00e0 faire entre le dialogue de la pierre et du bois, des tissus et du m\u00e9tal, du verre et de la r\u00e9sine. Nous sommes passionn\u00e9s par la cr\u00e9ation d\u2019objets hors du temps o\u00f9 les vibrations des mati\u00e8res se r\u00e9pondent avec harmonie, des meubles qui t\u00e9moignent de cette continuit\u00e9 entre\u00a0tradition et modernit\u00e9.<\/p>\n<p>Cr\u00e9\u00e9s en 2011,\u00a0<strong>les Ateliers BdM\u00a0<\/strong>sont install\u00e9s dans la Vall\u00e9e de Chevreuse \u00e0 Auffargis.\u00a0<strong>Bruno de Maistre<\/strong>\u00a0s\u2019est entour\u00e9 de collaborateurs dont les savoir-faire se situent entre l\u2019\u00e9b\u00e9nisterie traditionnelle et la mod\u00e9lisation 3D en passant par la sculpture, la tapisserie, la dorure, le tournage et la marqueterie.<\/p>\n<p>Travaillant avec toutes les mati\u00e8res, les bois pr\u00e9cieux restent au c\u0153ur de leurs arts. Entre le trusquin et la d\u00e9coupe laser, les solutions techniques qu\u2019ils utilisent sont au service des cr\u00e9ations qu\u2019ils r\u00e9alisent.<\/p>\n<p>Ils cr\u00e9ent et r\u00e9alisent des meubles remplis d\u2019\u00e9motions aux courbes harmonieuses, proches de la sculpture. Les lignes \u00e9pur\u00e9es, les galbes et les mouvements qu\u2019ils dessinent, donnent \u00e0 leurs r\u00e9alisations une pr\u00e9sence forte, empreinte de sensualit\u00e9 et de simplicit\u00e9.<\/p>\n<p>Parmi les cr\u00e9ations, leur travail a \u00e9t\u00e9 r\u00e9compens\u00e9 par le 1er Prix du Travail Manuel 2014 (Rotary Club) et en novembre 2016, par le Prix de La Cr\u00e9ation Chantiers du Cardinal. Les Ateliers BdM ont \u00e9galement particip\u00e9 au concours du Prix de l\u2019Intelligence de la Main en 2015 pour la Fondation<br \/>\nBettencourt avec la lampe \u201cItin\u00e9raire\u201d et ils ont \u00e9t\u00e9 laur\u00e9at de la fondation Ernest &amp; Young en 2019.<br \/>\nIls \u00e9taient pr\u00e9sents au salon du Patrimoine en novembre 2016 au carrousel du Louvre et ils ont expos\u00e9 le \u00ab bureau Lyrique \u00bb au prestigieux Salon R\u00e9v\u00e9lations au grand Palais en Mai 2017.<\/p>\n<\/div>\n<p>[\/vc_column_text][\/vc_column][\/vc_row][vc_row][vc_column][\/vc_column][\/vc_row][vc_row][vc_column][vc_media_grid grid_id=&#8221;vc_gid:1620402292094-62f4f2a0-7942-8&#8243; include=&#8221;3794,3020,3021,3795,3022,3019,2962,2966,2960,3796&#8243;][\/vc_column][\/vc_row]<\/p>\n","protected":false},"excerpt":{"rendered":"<p>L&#8217;atelier BdM ouvre ses portes : venez d\u00e9couvrir l&#8217;\u00e9b\u00e9nisterie d&#8217;art.<br \/>\nRetrouvez toutes les informations sur\u00a0https:\/\/www.journeesdesmetiersdart.fr\/atelier\/decouverte-de-lebenisterie-dart<\/p>\n","protected":false},"author":3,"featured_media":3019,"comment_status":"closed","ping_status":"closed","sticky":false,"template":"elementor_theme","format":"gallery","meta":{"_jetpack_memberships_contains_paid_content":false,"footnotes":""},"categories":[94],"tags":[],"class_list":["post-3018","post","type-post","status-publish","format-gallery","has-post-thumbnail","hentry","category-dernieres-news-des-evenements-a-venir","post_format-post-format-gallery"],"jetpack_featured_media_url":"https:\/\/www.aucoeurdelamain.fr\/wp-content\/uploads\/2021\/02\/IMG_3969-scaled-1.jpg","jetpack_sharing_enabled":true,"_links":{"self":[{"href":"https:\/\/www.aucoeurdelamain.fr\/index.php\/wp-json\/wp\/v2\/posts\/3018","targetHints":{"allow":["GET"]}}],"collection":[{"href":"https:\/\/www.aucoeurdelamain.fr\/index.php\/wp-json\/wp\/v2\/posts"}],"about":[{"href":"https:\/\/www.aucoeurdelamain.fr\/index.php\/wp-json\/wp\/v2\/types\/post"}],"author":[{"embeddable":true,"href":"https:\/\/www.aucoeurdelamain.fr\/index.php\/wp-json\/wp\/v2\/users\/3"}],"replies":[{"embeddable":true,"href":"https:\/\/www.aucoeurdelamain.fr\/index.php\/wp-json\/wp\/v2\/comments?post=3018"}],"version-history":[{"count":0,"href":"https:\/\/www.aucoeurdelamain.fr\/index.php\/wp-json\/wp\/v2\/posts\/3018\/revisions"}],"wp:featuredmedia":[{"embeddable":true,"href":"https:\/\/www.aucoeurdelamain.fr\/index.php\/wp-json\/wp\/v2\/media\/3019"}],"wp:attachment":[{"href":"https:\/\/www.aucoeurdelamain.fr\/index.php\/wp-json\/wp\/v2\/media?parent=3018"}],"wp:term":[{"taxonomy":"category","embeddable":true,"href":"https:\/\/www.aucoeurdelamain.fr\/index.php\/wp-json\/wp\/v2\/categories?post=3018"},{"taxonomy":"post_tag","embeddable":true,"href":"https:\/\/www.aucoeurdelamain.fr\/index.php\/wp-json\/wp\/v2\/tags?post=3018"}],"curies":[{"name":"wp","href":"https:\/\/api.w.org\/{rel}","templated":true}]}}