{"id":1300,"date":"2019-04-16T11:36:45","date_gmt":"2019-04-16T09:36:45","guid":{"rendered":"http:\/\/www.darimathie.fr\/?p=1300"},"modified":"2025-04-28T22:38:47","modified_gmt":"2025-04-28T20:38:47","slug":"priere-des-batisseurs-de-cathedrales","status":"publish","type":"post","link":"https:\/\/www.aucoeurdelamain.fr\/index.php\/2019\/04\/16\/priere-des-batisseurs-de-cathedrales\/","title":{"rendered":"Pri\u00e8re des B\u00e2tisseurs de Cath\u00e9drales"},"content":{"rendered":"\n<p>Apprends-moi, Seigneur, \u00e0 bien user du temps que tu me donnes pour travailler et \u00e0 bien l\u2019employer sans rien en perdre. Apprends-moi \u00e0 tirer profit des erreurs pass\u00e9es sans tomber dans le scrupule qui ronge. Apprends-moi \u00e0 pr\u00e9voir le plan sans me tourmenter, \u00e0 imaginer l\u2019\u0153uvre sans me d\u00e9soler si elle jaillit autrement. Apprends-moi \u00e0 unir la h\u00e2te et la lenteur, la s\u00e9r\u00e9nit\u00e9 et la ferveur, le z\u00e8le et la paix. Aide -moi au d\u00e9part de l\u2019ouvrage, l\u00e0 o\u00f9 je suis le plus faible. Aide-moi au c\u0153ur du labeur \u00e0 tenir serr\u00e9 le fil de l\u2019attention. Et surtout comble Toi-m\u00eame les vides de mon \u0153uvre. Seigneur, dans tout labeur de mes mains laisse une gr\u00e2ce de Toi pour parler aux autres et un d\u00e9faut de moi pour me parler \u00e0 moi-m\u00eame. Garde en moi l\u2019esp\u00e9rance de la perfection, sans quoi je perdrais c\u0153ur. Garde-moi dans l\u2019impuissance de la perfection, sans quoi je me perdrais d\u2019orgueil. Purifie mon regard : quand je fais mal, il n\u2019est pas s\u00fbr que ce soit mal et quand je fais bien, il n\u2019est pas s\u00fbr que ce soit bien Seigneur, ne me laisse jamais oublier que tout savoir est vain. Et que tout travail est vide sauf l\u00e0 o\u00f9 il y a amour. Et que tout amour est creux qui ne me lie pas \u00e0 moi-m\u00eame et aux autres et \u00e0 Toi Seigneur, enseigne-moi \u00e0 prier avec mes mains, mes bras et toutes mes forces. Rappelle-moi que l\u2019ouvrage de ma main t\u2019appartient et qu\u2019il m\u2019appartient de te le rendre en le donnant. Que si je fais par go\u00fbt du profit, comme un fruit oubli\u00e9 je pourrirai \u00e0 l\u2019automne. Que si je fais pour plaire aux autres, comme la fleur de l\u2019herbe je fanerai au soir. Mais si je fais pour l\u2019amour du bien je demeurerai dans le bien. Et le temps de faire bien et \u00e0 ta gloire, c\u2019est tout de suite.<br>Amen <\/p>\n","protected":false},"excerpt":{"rendered":"<p>Apprends-moi, Seigneur, \u00e0 bien user du temps que tu me donnes pour travailler et \u00e0 bien l\u2019employer sans rien en perdre. Apprends-moi \u00e0 tirer profit des erreurs pass\u00e9es sans tomber dans le scrupule qui ronge. Apprends-moi \u00e0 pr\u00e9voir le plan sans me tourmenter, \u00e0 imaginer l\u2019\u0153uvre sans me d\u00e9soler si<\/p>\n","protected":false},"author":3,"featured_media":7510,"comment_status":"closed","ping_status":"open","sticky":false,"template":"","format":"standard","meta":{"_jetpack_memberships_contains_paid_content":false,"footnotes":""},"categories":[107],"tags":[],"class_list":["post-1300","post","type-post","status-publish","format-standard","has-post-thumbnail","hentry","category-art-sacre"],"jetpack_featured_media_url":"https:\/\/www.aucoeurdelamain.fr\/wp-content\/uploads\/2019\/04\/AP_19105714468392_1_0.jpg","jetpack_sharing_enabled":true,"_links":{"self":[{"href":"https:\/\/www.aucoeurdelamain.fr\/index.php\/wp-json\/wp\/v2\/posts\/1300","targetHints":{"allow":["GET"]}}],"collection":[{"href":"https:\/\/www.aucoeurdelamain.fr\/index.php\/wp-json\/wp\/v2\/posts"}],"about":[{"href":"https:\/\/www.aucoeurdelamain.fr\/index.php\/wp-json\/wp\/v2\/types\/post"}],"author":[{"embeddable":true,"href":"https:\/\/www.aucoeurdelamain.fr\/index.php\/wp-json\/wp\/v2\/users\/3"}],"replies":[{"embeddable":true,"href":"https:\/\/www.aucoeurdelamain.fr\/index.php\/wp-json\/wp\/v2\/comments?post=1300"}],"version-history":[{"count":1,"href":"https:\/\/www.aucoeurdelamain.fr\/index.php\/wp-json\/wp\/v2\/posts\/1300\/revisions"}],"predecessor-version":[{"id":8162,"href":"https:\/\/www.aucoeurdelamain.fr\/index.php\/wp-json\/wp\/v2\/posts\/1300\/revisions\/8162"}],"wp:featuredmedia":[{"embeddable":true,"href":"https:\/\/www.aucoeurdelamain.fr\/index.php\/wp-json\/wp\/v2\/media\/7510"}],"wp:attachment":[{"href":"https:\/\/www.aucoeurdelamain.fr\/index.php\/wp-json\/wp\/v2\/media?parent=1300"}],"wp:term":[{"taxonomy":"category","embeddable":true,"href":"https:\/\/www.aucoeurdelamain.fr\/index.php\/wp-json\/wp\/v2\/categories?post=1300"},{"taxonomy":"post_tag","embeddable":true,"href":"https:\/\/www.aucoeurdelamain.fr\/index.php\/wp-json\/wp\/v2\/tags?post=1300"}],"curies":[{"name":"wp","href":"https:\/\/api.w.org\/{rel}","templated":true}]}}